{"id":1008,"date":"2024-07-12T02:37:24","date_gmt":"2024-07-12T02:37:24","guid":{"rendered":"https:\/\/prensa.sma.gob.ar\/?p=1008"},"modified":"2024-07-12T02:37:26","modified_gmt":"2024-07-12T02:37:26","slug":"la-terminacion-de-las-38-viviendas-esta-muy-bien-encaminada","status":"publish","type":"post","link":"https:\/\/prensa.sma.gob.ar\/?p=1008","title":{"rendered":"\u201cLa terminaci\u00f3n de las 38 Viviendas est\u00e1 muy bien encaminada\u201d"},"content":{"rendered":"\n<p>El intendente de San Mart\u00edn de los Andes, Carlos Saloniti, asegur\u00f3 que la finalizaci\u00f3n de las 38 Viviendas est\u00e1 bien encaminada, tras la decisi\u00f3n del Gobierno provincial de hacerse cargo de la obra, abandonada por Naci\u00f3n, y gracias al cumplimiento de los compromisos asumidos por el Municipio.<\/p>\n\n\n\n<p>Saloniti recibi\u00f3, junto a la directora de Vivienda y H\u00e1bitat del Municipio, Carolina Amaya, a vecinos adjudicatarios de las viviendas, que se constru\u00edan en Chacra 32 y que se paralizaron en diciembre pasado, luego de que el Gobierno nacional dejara de financiar obras p\u00fablicas.<\/p>\n\n\n\n<p>El jefe comunal explic\u00f3 en detalle los motivos por los cuales se paraliz\u00f3 la construcci\u00f3n de las 38 casas, pese a que la \u00faltima certificaci\u00f3n de obra arroj\u00f3 un avance del 85,36%. Record\u00f3 que la obra era financiada por el entonces Ministerio de Desarrollo Territorial y H\u00e1bitat de la Naci\u00f3n hasta que el cambio de administraci\u00f3n nacional.<\/p>\n\n\n\n<p>Agreg\u00f3 que el gobernador de Neuqu\u00e9n, Rolando Figueroa, comprometi\u00f3 su apoyo para la concreci\u00f3n de las 38 unidades, que en estas semanas est\u00e1 en un avanzado proceso de renegociaci\u00f3n con la empresa constructora, Okume S.A, representada por Carlos Verta.<\/p>\n\n\n\n<figure class=\"wp-block-gallery has-nested-images columns-default is-cropped wp-block-gallery-1 is-layout-flex wp-block-gallery-is-layout-flex\">\n<figure class=\"wp-block-image size-large\"><img loading=\"lazy\" decoding=\"async\" width=\"1024\" height=\"576\" data-id=\"1017\" src=\"https:\/\/prensa.sma.gob.ar\/wp-content\/uploads\/2024\/07\/WhatsApp-Image-2024-07-11-at-12.02.38-1024x576.jpeg\" alt=\"\" class=\"wp-image-1017\" srcset=\"https:\/\/prensa.sma.gob.ar\/wp-content\/uploads\/2024\/07\/WhatsApp-Image-2024-07-11-at-12.02.38-1024x576.jpeg 1024w, https:\/\/prensa.sma.gob.ar\/wp-content\/uploads\/2024\/07\/WhatsApp-Image-2024-07-11-at-12.02.38-300x169.jpeg 300w, https:\/\/prensa.sma.gob.ar\/wp-content\/uploads\/2024\/07\/WhatsApp-Image-2024-07-11-at-12.02.38-768x432.jpeg 768w, https:\/\/prensa.sma.gob.ar\/wp-content\/uploads\/2024\/07\/WhatsApp-Image-2024-07-11-at-12.02.38-747x420.jpeg 747w, https:\/\/prensa.sma.gob.ar\/wp-content\/uploads\/2024\/07\/WhatsApp-Image-2024-07-11-at-12.02.38-696x392.jpeg 696w, https:\/\/prensa.sma.gob.ar\/wp-content\/uploads\/2024\/07\/WhatsApp-Image-2024-07-11-at-12.02.38-1068x601.jpeg 1068w, https:\/\/prensa.sma.gob.ar\/wp-content\/uploads\/2024\/07\/WhatsApp-Image-2024-07-11-at-12.02.38.jpeg 1280w\" sizes=\"auto, (max-width: 1024px) 100vw, 1024px\" \/><\/figure>\n\n\n\n<figure class=\"wp-block-image size-large\"><img loading=\"lazy\" decoding=\"async\" width=\"1024\" height=\"606\" data-id=\"1009\" src=\"https:\/\/prensa.sma.gob.ar\/wp-content\/uploads\/2024\/07\/WhatsApp-Image-2024-07-11-at-12.02.401-1024x606.jpeg\" alt=\"\" class=\"wp-image-1009\" srcset=\"https:\/\/prensa.sma.gob.ar\/wp-content\/uploads\/2024\/07\/WhatsApp-Image-2024-07-11-at-12.02.401-1024x606.jpeg 1024w, https:\/\/prensa.sma.gob.ar\/wp-content\/uploads\/2024\/07\/WhatsApp-Image-2024-07-11-at-12.02.401-300x178.jpeg 300w, https:\/\/prensa.sma.gob.ar\/wp-content\/uploads\/2024\/07\/WhatsApp-Image-2024-07-11-at-12.02.401-768x455.jpeg 768w, https:\/\/prensa.sma.gob.ar\/wp-content\/uploads\/2024\/07\/WhatsApp-Image-2024-07-11-at-12.02.401-709x420.jpeg 709w, https:\/\/prensa.sma.gob.ar\/wp-content\/uploads\/2024\/07\/WhatsApp-Image-2024-07-11-at-12.02.401-696x412.jpeg 696w, https:\/\/prensa.sma.gob.ar\/wp-content\/uploads\/2024\/07\/WhatsApp-Image-2024-07-11-at-12.02.401-1068x632.jpeg 1068w, https:\/\/prensa.sma.gob.ar\/wp-content\/uploads\/2024\/07\/WhatsApp-Image-2024-07-11-at-12.02.401.jpeg 1280w\" sizes=\"auto, (max-width: 1024px) 100vw, 1024px\" \/><\/figure>\n\n\n\n<figure class=\"wp-block-image size-large\"><img loading=\"lazy\" decoding=\"async\" width=\"1024\" height=\"589\" data-id=\"1010\" src=\"https:\/\/prensa.sma.gob.ar\/wp-content\/uploads\/2024\/07\/WhatsApp-Image-2024-07-11-at-12.02.40-1024x589.jpeg\" alt=\"\" class=\"wp-image-1010\" srcset=\"https:\/\/prensa.sma.gob.ar\/wp-content\/uploads\/2024\/07\/WhatsApp-Image-2024-07-11-at-12.02.40-1024x589.jpeg 1024w, https:\/\/prensa.sma.gob.ar\/wp-content\/uploads\/2024\/07\/WhatsApp-Image-2024-07-11-at-12.02.40-300x173.jpeg 300w, https:\/\/prensa.sma.gob.ar\/wp-content\/uploads\/2024\/07\/WhatsApp-Image-2024-07-11-at-12.02.40-768x442.jpeg 768w, https:\/\/prensa.sma.gob.ar\/wp-content\/uploads\/2024\/07\/WhatsApp-Image-2024-07-11-at-12.02.40-730x420.jpeg 730w, https:\/\/prensa.sma.gob.ar\/wp-content\/uploads\/2024\/07\/WhatsApp-Image-2024-07-11-at-12.02.40-696x400.jpeg 696w, https:\/\/prensa.sma.gob.ar\/wp-content\/uploads\/2024\/07\/WhatsApp-Image-2024-07-11-at-12.02.40-1068x614.jpeg 1068w, https:\/\/prensa.sma.gob.ar\/wp-content\/uploads\/2024\/07\/WhatsApp-Image-2024-07-11-at-12.02.40.jpeg 1280w\" sizes=\"auto, (max-width: 1024px) 100vw, 1024px\" \/><\/figure>\n<\/figure>\n\n\n\n<p>Ante la inquietud expresada por los vecinos, Saloniti se\u00f1al\u00f3 que Verta y el Estado provincial renegocian la terminaci\u00f3n edilicia y la instalaci\u00f3n de la red de agua del barrio, mientras que el Municipio y Epen ya est\u00e1n trabajando en el tendido el\u00e9ctrico, tal como se hab\u00eda comprometido la Municipalidad en el acuerdo original.<\/p>\n\n\n\n<p>Explic\u00f3 que el Ejecutivo comunal ya tiene el dinero para pagar a Epen por la electrificaci\u00f3n y que el primer desembolso, del 30%, se efectivizar\u00e1 apenas se firme el acta de inicio de obra. El compromiso municipal en este caso es, adem\u00e1s, el aporte de maquinaria y personal para el zanjeo y los pilares del tendido, que luego concretar\u00e1 Epen.<\/p>\n\n\n\n<p>Tras ratificar que, en sus \u00faltimos viajes a Neuqu\u00e9n, logr\u00f3 el compromiso del ministro de Infraestructura provincial, Rub\u00e9n Etcheverry, y de la ministra de Desarrollo Humano, Gobiernos Locales y Mujeres, Julieta Corroza, para terminar cuanto antes esta obra.<\/p>\n\n\n\n<p>\u201cEstoy muy confiado de que, cuando Verta firme el contrato, la obra se acelerar\u00e1, porque las casas tienen un avance importante, y porque los ministros y el gobernador, comprometieron su apoyo\u201d, se\u00f1al\u00f3 Saloniti. \u201cLa decisi\u00f3n de terminar las 38 viviendas ya est\u00e1 tomada\u201d, insisti\u00f3.<\/p>\n\n\n\n<figure class=\"wp-block-gallery has-nested-images columns-default is-cropped wp-block-gallery-2 is-layout-flex wp-block-gallery-is-layout-flex\">\n<figure class=\"wp-block-image size-large\"><img loading=\"lazy\" decoding=\"async\" width=\"1024\" height=\"576\" data-id=\"1015\" src=\"https:\/\/prensa.sma.gob.ar\/wp-content\/uploads\/2024\/07\/WhatsApp-Image-2024-07-11-at-12.02.382-1024x576.jpeg\" alt=\"\" class=\"wp-image-1015\" srcset=\"https:\/\/prensa.sma.gob.ar\/wp-content\/uploads\/2024\/07\/WhatsApp-Image-2024-07-11-at-12.02.382-1024x576.jpeg 1024w, https:\/\/prensa.sma.gob.ar\/wp-content\/uploads\/2024\/07\/WhatsApp-Image-2024-07-11-at-12.02.382-300x169.jpeg 300w, https:\/\/prensa.sma.gob.ar\/wp-content\/uploads\/2024\/07\/WhatsApp-Image-2024-07-11-at-12.02.382-768x432.jpeg 768w, https:\/\/prensa.sma.gob.ar\/wp-content\/uploads\/2024\/07\/WhatsApp-Image-2024-07-11-at-12.02.382-747x420.jpeg 747w, https:\/\/prensa.sma.gob.ar\/wp-content\/uploads\/2024\/07\/WhatsApp-Image-2024-07-11-at-12.02.382-696x392.jpeg 696w, https:\/\/prensa.sma.gob.ar\/wp-content\/uploads\/2024\/07\/WhatsApp-Image-2024-07-11-at-12.02.382-1068x601.jpeg 1068w, https:\/\/prensa.sma.gob.ar\/wp-content\/uploads\/2024\/07\/WhatsApp-Image-2024-07-11-at-12.02.382.jpeg 1280w\" sizes=\"auto, (max-width: 1024px) 100vw, 1024px\" \/><\/figure>\n\n\n\n<figure class=\"wp-block-image size-large\"><img loading=\"lazy\" decoding=\"async\" width=\"1024\" height=\"613\" data-id=\"1011\" src=\"https:\/\/prensa.sma.gob.ar\/wp-content\/uploads\/2024\/07\/WhatsApp-Image-2024-07-11-at-12.02.393-1024x613.jpeg\" alt=\"\" class=\"wp-image-1011\" srcset=\"https:\/\/prensa.sma.gob.ar\/wp-content\/uploads\/2024\/07\/WhatsApp-Image-2024-07-11-at-12.02.393-1024x613.jpeg 1024w, https:\/\/prensa.sma.gob.ar\/wp-content\/uploads\/2024\/07\/WhatsApp-Image-2024-07-11-at-12.02.393-300x180.jpeg 300w, https:\/\/prensa.sma.gob.ar\/wp-content\/uploads\/2024\/07\/WhatsApp-Image-2024-07-11-at-12.02.393-768x460.jpeg 768w, https:\/\/prensa.sma.gob.ar\/wp-content\/uploads\/2024\/07\/WhatsApp-Image-2024-07-11-at-12.02.393-702x420.jpeg 702w, https:\/\/prensa.sma.gob.ar\/wp-content\/uploads\/2024\/07\/WhatsApp-Image-2024-07-11-at-12.02.393-696x417.jpeg 696w, https:\/\/prensa.sma.gob.ar\/wp-content\/uploads\/2024\/07\/WhatsApp-Image-2024-07-11-at-12.02.393-1068x639.jpeg 1068w, https:\/\/prensa.sma.gob.ar\/wp-content\/uploads\/2024\/07\/WhatsApp-Image-2024-07-11-at-12.02.393.jpeg 1280w\" sizes=\"auto, (max-width: 1024px) 100vw, 1024px\" \/><\/figure>\n\n\n\n<figure class=\"wp-block-image size-large\"><img loading=\"lazy\" decoding=\"async\" width=\"1024\" height=\"601\" data-id=\"1013\" src=\"https:\/\/prensa.sma.gob.ar\/wp-content\/uploads\/2024\/07\/WhatsApp-Image-2024-07-11-at-12.02.391-1024x601.jpeg\" alt=\"\" class=\"wp-image-1013\" srcset=\"https:\/\/prensa.sma.gob.ar\/wp-content\/uploads\/2024\/07\/WhatsApp-Image-2024-07-11-at-12.02.391-1024x601.jpeg 1024w, https:\/\/prensa.sma.gob.ar\/wp-content\/uploads\/2024\/07\/WhatsApp-Image-2024-07-11-at-12.02.391-300x176.jpeg 300w, https:\/\/prensa.sma.gob.ar\/wp-content\/uploads\/2024\/07\/WhatsApp-Image-2024-07-11-at-12.02.391-768x451.jpeg 768w, https:\/\/prensa.sma.gob.ar\/wp-content\/uploads\/2024\/07\/WhatsApp-Image-2024-07-11-at-12.02.391-716x420.jpeg 716w, https:\/\/prensa.sma.gob.ar\/wp-content\/uploads\/2024\/07\/WhatsApp-Image-2024-07-11-at-12.02.391-696x408.jpeg 696w, https:\/\/prensa.sma.gob.ar\/wp-content\/uploads\/2024\/07\/WhatsApp-Image-2024-07-11-at-12.02.391-1068x627.jpeg 1068w, https:\/\/prensa.sma.gob.ar\/wp-content\/uploads\/2024\/07\/WhatsApp-Image-2024-07-11-at-12.02.391.jpeg 1280w\" sizes=\"auto, (max-width: 1024px) 100vw, 1024px\" \/><\/figure>\n<\/figure>\n\n\n\n<p>Durante el encuentro, el jefe comunal y la titular de Vivienda afirmaron que \u201cel escenario nacional es bastante complejo\u201d en referencia a la decisi\u00f3n de no financiar obras p\u00fablicas y, en particular, viviendas. Ambos estimaron que se paralizaron, en todo el pa\u00eds, unas 75.000 viviendas sin terminar y otras 25.000 proyectadas.<\/p>\n\n\n\n<p>Amaya se sum\u00f3 al diagn\u00f3stico general de la situaci\u00f3n tras una reuni\u00f3n que mantuvo recientemente en Buenos Aires, junto a la concejal Sol Petagna (PRO \u2013 NCN), en la que funcionarios nacionales ratificaron que no habr\u00e1 financiaci\u00f3n del Estado de programas de viviendas.<\/p>\n\n\n\n<p>\u201cAnte este escenario nacional, tenemos que estar juntos:\u00a0 vecinas, vecinos, Provincia y Municipio\u201d, se\u00f1al\u00f3 Saloniti, quien adem\u00e1s aprovech\u00f3 una pregunta para explicar la ecuaci\u00f3n financiera del transporte urbano, que tambi\u00e9n se vio seriamente afectada tras el fin de los subsidios nacionales.<\/p>\n\n\n\n<figure class=\"wp-block-gallery has-nested-images columns-default is-cropped wp-block-gallery-3 is-layout-flex wp-block-gallery-is-layout-flex\">\n<figure class=\"wp-block-image size-large\"><img loading=\"lazy\" decoding=\"async\" width=\"1024\" height=\"768\" data-id=\"1019\" src=\"https:\/\/prensa.sma.gob.ar\/wp-content\/uploads\/2024\/07\/WhatsApp-Image-2024-05-08-at-10.00.32-1024x768.jpeg\" alt=\"\" class=\"wp-image-1019\" srcset=\"https:\/\/prensa.sma.gob.ar\/wp-content\/uploads\/2024\/07\/WhatsApp-Image-2024-05-08-at-10.00.32-1024x768.jpeg 1024w, https:\/\/prensa.sma.gob.ar\/wp-content\/uploads\/2024\/07\/WhatsApp-Image-2024-05-08-at-10.00.32-300x225.jpeg 300w, https:\/\/prensa.sma.gob.ar\/wp-content\/uploads\/2024\/07\/WhatsApp-Image-2024-05-08-at-10.00.32-768x576.jpeg 768w, https:\/\/prensa.sma.gob.ar\/wp-content\/uploads\/2024\/07\/WhatsApp-Image-2024-05-08-at-10.00.32-560x420.jpeg 560w, https:\/\/prensa.sma.gob.ar\/wp-content\/uploads\/2024\/07\/WhatsApp-Image-2024-05-08-at-10.00.32-80x60.jpeg 80w, https:\/\/prensa.sma.gob.ar\/wp-content\/uploads\/2024\/07\/WhatsApp-Image-2024-05-08-at-10.00.32-696x522.jpeg 696w, https:\/\/prensa.sma.gob.ar\/wp-content\/uploads\/2024\/07\/WhatsApp-Image-2024-05-08-at-10.00.32-1068x801.jpeg 1068w, https:\/\/prensa.sma.gob.ar\/wp-content\/uploads\/2024\/07\/WhatsApp-Image-2024-05-08-at-10.00.32.jpeg 1152w\" sizes=\"auto, (max-width: 1024px) 100vw, 1024px\" \/><\/figure>\n\n\n\n<figure class=\"wp-block-image size-large\"><img loading=\"lazy\" decoding=\"async\" width=\"1024\" height=\"768\" data-id=\"1020\" src=\"https:\/\/prensa.sma.gob.ar\/wp-content\/uploads\/2024\/07\/WhatsApp-Image-2024-05-08-at-10.00.332-1024x768.jpeg\" alt=\"\" class=\"wp-image-1020\" srcset=\"https:\/\/prensa.sma.gob.ar\/wp-content\/uploads\/2024\/07\/WhatsApp-Image-2024-05-08-at-10.00.332-1024x768.jpeg 1024w, https:\/\/prensa.sma.gob.ar\/wp-content\/uploads\/2024\/07\/WhatsApp-Image-2024-05-08-at-10.00.332-300x225.jpeg 300w, https:\/\/prensa.sma.gob.ar\/wp-content\/uploads\/2024\/07\/WhatsApp-Image-2024-05-08-at-10.00.332-768x576.jpeg 768w, https:\/\/prensa.sma.gob.ar\/wp-content\/uploads\/2024\/07\/WhatsApp-Image-2024-05-08-at-10.00.332-560x420.jpeg 560w, https:\/\/prensa.sma.gob.ar\/wp-content\/uploads\/2024\/07\/WhatsApp-Image-2024-05-08-at-10.00.332-80x60.jpeg 80w, https:\/\/prensa.sma.gob.ar\/wp-content\/uploads\/2024\/07\/WhatsApp-Image-2024-05-08-at-10.00.332-696x522.jpeg 696w, https:\/\/prensa.sma.gob.ar\/wp-content\/uploads\/2024\/07\/WhatsApp-Image-2024-05-08-at-10.00.332-1068x801.jpeg 1068w, https:\/\/prensa.sma.gob.ar\/wp-content\/uploads\/2024\/07\/WhatsApp-Image-2024-05-08-at-10.00.332.jpeg 1152w\" sizes=\"auto, (max-width: 1024px) 100vw, 1024px\" \/><\/figure>\n\n\n\n<figure class=\"wp-block-image size-large\"><img loading=\"lazy\" decoding=\"async\" width=\"768\" height=\"1024\" data-id=\"1018\" src=\"https:\/\/prensa.sma.gob.ar\/wp-content\/uploads\/2024\/07\/WhatsApp-Image-2024-05-08-at-10.00.333-768x1024.jpeg\" alt=\"\" class=\"wp-image-1018\" srcset=\"https:\/\/prensa.sma.gob.ar\/wp-content\/uploads\/2024\/07\/WhatsApp-Image-2024-05-08-at-10.00.333-768x1024.jpeg 768w, https:\/\/prensa.sma.gob.ar\/wp-content\/uploads\/2024\/07\/WhatsApp-Image-2024-05-08-at-10.00.333-225x300.jpeg 225w, https:\/\/prensa.sma.gob.ar\/wp-content\/uploads\/2024\/07\/WhatsApp-Image-2024-05-08-at-10.00.333-315x420.jpeg 315w, https:\/\/prensa.sma.gob.ar\/wp-content\/uploads\/2024\/07\/WhatsApp-Image-2024-05-08-at-10.00.333-696x928.jpeg 696w, https:\/\/prensa.sma.gob.ar\/wp-content\/uploads\/2024\/07\/WhatsApp-Image-2024-05-08-at-10.00.333.jpeg 960w\" sizes=\"auto, (max-width: 768px) 100vw, 768px\" \/><\/figure>\n<\/figure>\n","protected":false},"excerpt":{"rendered":"<p>El intendente de San Mart\u00edn de los Andes, Carlos Saloniti, asegur\u00f3 que la finalizaci\u00f3n de las 38 Viviendas est\u00e1 bien encaminada, tras la decisi\u00f3n del Gobierno provincial de hacerse cargo de la obra, abandonada por Naci\u00f3n, y gracias al cumplimiento de los compromisos asumidos por el Municipio. Saloniti recibi\u00f3, junto a la directora de Vivienda [&hellip;]<\/p>\n","protected":false},"author":2,"featured_media":1012,"comment_status":"closed","ping_status":"open","sticky":false,"template":"","format":"standard","meta":{"footnotes":""},"categories":[16,11,14,19,17,37],"tags":[],"class_list":{"0":"post-1008","1":"post","2":"type-post","3":"status-publish","4":"format-standard","5":"has-post-thumbnail","7":"category-destacadas","8":"category-gobierno","9":"category-noticias","10":"category-obras-y-servicios-publicos","11":"category-portada","12":"category-vivienda"},"_links":{"self":[{"href":"https:\/\/prensa.sma.gob.ar\/index.php?rest_route=\/wp\/v2\/posts\/1008","targetHints":{"allow":["GET"]}}],"collection":[{"href":"https:\/\/prensa.sma.gob.ar\/index.php?rest_route=\/wp\/v2\/posts"}],"about":[{"href":"https:\/\/prensa.sma.gob.ar\/index.php?rest_route=\/wp\/v2\/types\/post"}],"author":[{"embeddable":true,"href":"https:\/\/prensa.sma.gob.ar\/index.php?rest_route=\/wp\/v2\/users\/2"}],"replies":[{"embeddable":true,"href":"https:\/\/prensa.sma.gob.ar\/index.php?rest_route=%2Fwp%2Fv2%2Fcomments&post=1008"}],"version-history":[{"count":1,"href":"https:\/\/prensa.sma.gob.ar\/index.php?rest_route=\/wp\/v2\/posts\/1008\/revisions"}],"predecessor-version":[{"id":1021,"href":"https:\/\/prensa.sma.gob.ar\/index.php?rest_route=\/wp\/v2\/posts\/1008\/revisions\/1021"}],"wp:featuredmedia":[{"embeddable":true,"href":"https:\/\/prensa.sma.gob.ar\/index.php?rest_route=\/wp\/v2\/media\/1012"}],"wp:attachment":[{"href":"https:\/\/prensa.sma.gob.ar\/index.php?rest_route=%2Fwp%2Fv2%2Fmedia&parent=1008"}],"wp:term":[{"taxonomy":"category","embeddable":true,"href":"https:\/\/prensa.sma.gob.ar\/index.php?rest_route=%2Fwp%2Fv2%2Fcategories&post=1008"},{"taxonomy":"post_tag","embeddable":true,"href":"https:\/\/prensa.sma.gob.ar\/index.php?rest_route=%2Fwp%2Fv2%2Ftags&post=1008"}],"curies":[{"name":"wp","href":"https:\/\/api.w.org\/{rel}","templated":true}]}}