{"id":10287,"date":"2025-10-03T15:34:41","date_gmt":"2025-10-03T15:34:41","guid":{"rendered":"https:\/\/prensa.sma.gob.ar\/?p=10287"},"modified":"2025-10-03T15:35:09","modified_gmt":"2025-10-03T15:35:09","slug":"se-adjudico-la-obra-que-modernizara-el-aeropuerto-chapelco","status":"publish","type":"post","link":"https:\/\/prensa.sma.gob.ar\/?p=10287","title":{"rendered":"Provincia adjudic\u00f3 la obra que modernizar\u00e1 el Aeropuerto Chapelco"},"content":{"rendered":"\n<p>Tras evaluar las ofertas presentadas a la licitaci\u00f3n p\u00fablica convocada para la realizaci\u00f3n de la remodelaci\u00f3n, ampliaci\u00f3n y construcci\u00f3n de la Terminal del Aeropuerto Aviador Carlos Campos de San Mart\u00edn de los Andes, se conoci\u00f3 qu\u00e9 empresa ser\u00e1 la encargada de llevar adelante la obra. Se trata de Nova Fusi\u00f3n, que present\u00f3 una oferta de 2.852.393.289,41 pesos y fue sometida a evaluaci\u00f3n por parte de una comisi\u00f3n conformada a tal fin.<\/p>\n\n\n\n<p>Cumplidas todas las instancias previstas en los procedimientos pertinentes, se resolvi\u00f3 adjudicarle la obra a esa firma \u201catento a que sus propuestas t\u00e9cnicas, econ\u00f3micas y legales cumplen con lo exigido en el pliego de bases y condiciones particulares y, asimismo, tiene un precio conveniente\u201d, seg\u00fan consta en el acta de adjudicaci\u00f3n.<\/p>\n\n\n\n<p>Los trabajos proyectados ser\u00e1n financiados a trav\u00e9s de un aporte reintegrable del gobierno provincial a Neuqu\u00e9nTur.<\/p>\n\n\n\n<p>La remodelaci\u00f3n y ampliaci\u00f3n del Aeropuerto Chapelco consolidar\u00e1 la conectividad a\u00e9rea y acompa\u00f1ar\u00e1 el crecimiento sostenido del turismo. Adem\u00e1s, mejorar\u00e1 la experiencia de los usuarios y potenciar\u00e1 el perfil internacional del destino, que en 2024 registr\u00f3 un incremento superior al 20% en su tr\u00e1fico a\u00e9reo.<\/p>\n\n\n\n<p>Caracter\u00edsticas del proyecto<\/p>\n\n\n\n<p>El proyecto fue impulsado por la Direcci\u00f3n Provincial de Infraestructura Aeroportuaria y Ferroviaria del Ministerio de Infraestructura, en coordinaci\u00f3n con Neuqu\u00e9nTur S.E., con el objetivo de modernizar la terminal a\u00e9rea y adecuarla a la creciente demanda de pasajeros que experimenta la regi\u00f3n de los Lagos del Sur.<\/p>\n\n\n\n<p>La intervenci\u00f3n a realizar contempla una superficie de 1.050 m\u00b2 de ampliaci\u00f3n y modernizaci\u00f3n integral de la terminal a\u00e9rea ubicada entre las ciudades de San Mart\u00edn y Jun\u00edn de los Andes.<\/p>\n\n\n\n<p>Los trabajos comprenden: el nuevo hall de arribos y ampliaci\u00f3n de la sala de embarque, la construcci\u00f3n de accesos, egresos y \u00e1reas de circulaci\u00f3n, la incorporaci\u00f3n de hasta 8 locales comerciales, ampliando la oferta actual de servicios, nuevos n\u00facleos sanitarios y bar en planta baja, as\u00ed como la adecuaci\u00f3n plena para accesibilidad de personas con discapacidad.<\/p>\n\n\n\n<p>El plazo de ejecuci\u00f3n es cinco meses, seg\u00fan lo establecido en el proceso licitatorio.<\/p>\n\n\n\n<p>Plan integral<\/p>\n\n\n\n<p>Esta obra forma parte del plan integral de mejoras en la terminal a\u00e9rea que incluye la limpieza integral de la franja de seguridad de pista efectuada este a\u00f1o por la Direcci\u00f3n Provincial de Vialidad, las mejoras realizadas en el sector de estacionamiento y la reparaci\u00f3n de pista, calle de rodaje y plataforma de aeronaves que comenz\u00f3 antes de la temporada invernal y ser\u00e1 retomada pr\u00f3ximamente, pues no lleg\u00f3 a completarse debido a la veda clim\u00e1tica.<\/p>\n\n\n\n<figure class=\"wp-block-gallery has-nested-images columns-default is-cropped wp-block-gallery-1 is-layout-flex wp-block-gallery-is-layout-flex\">\n<figure class=\"wp-block-image size-large\"><img loading=\"lazy\" decoding=\"async\" width=\"1024\" height=\"576\" data-id=\"10302\" src=\"https:\/\/prensa.sma.gob.ar\/wp-content\/uploads\/2025\/10\/WhatsApp-Image-2025-10-03-at-12.31.25-1024x576.jpeg\" alt=\"\" class=\"wp-image-10302\" srcset=\"https:\/\/prensa.sma.gob.ar\/wp-content\/uploads\/2025\/10\/WhatsApp-Image-2025-10-03-at-12.31.25-1024x576.jpeg 1024w, https:\/\/prensa.sma.gob.ar\/wp-content\/uploads\/2025\/10\/WhatsApp-Image-2025-10-03-at-12.31.25-300x169.jpeg 300w, https:\/\/prensa.sma.gob.ar\/wp-content\/uploads\/2025\/10\/WhatsApp-Image-2025-10-03-at-12.31.25-768x432.jpeg 768w, https:\/\/prensa.sma.gob.ar\/wp-content\/uploads\/2025\/10\/WhatsApp-Image-2025-10-03-at-12.31.25-1536x864.jpeg 1536w, https:\/\/prensa.sma.gob.ar\/wp-content\/uploads\/2025\/10\/WhatsApp-Image-2025-10-03-at-12.31.25-747x420.jpeg 747w, https:\/\/prensa.sma.gob.ar\/wp-content\/uploads\/2025\/10\/WhatsApp-Image-2025-10-03-at-12.31.25-696x392.jpeg 696w, https:\/\/prensa.sma.gob.ar\/wp-content\/uploads\/2025\/10\/WhatsApp-Image-2025-10-03-at-12.31.25-1068x601.jpeg 1068w, https:\/\/prensa.sma.gob.ar\/wp-content\/uploads\/2025\/10\/WhatsApp-Image-2025-10-03-at-12.31.25.jpeg 1600w\" sizes=\"auto, (max-width: 1024px) 100vw, 1024px\" \/><\/figure>\n\n\n\n<figure class=\"wp-block-image size-large\"><img loading=\"lazy\" decoding=\"async\" width=\"1024\" height=\"576\" data-id=\"10301\" src=\"https:\/\/prensa.sma.gob.ar\/wp-content\/uploads\/2025\/10\/WhatsApp-Image-2025-10-03-at-12.31.26-1024x576.jpeg\" alt=\"\" class=\"wp-image-10301\" srcset=\"https:\/\/prensa.sma.gob.ar\/wp-content\/uploads\/2025\/10\/WhatsApp-Image-2025-10-03-at-12.31.26-1024x576.jpeg 1024w, https:\/\/prensa.sma.gob.ar\/wp-content\/uploads\/2025\/10\/WhatsApp-Image-2025-10-03-at-12.31.26-300x169.jpeg 300w, https:\/\/prensa.sma.gob.ar\/wp-content\/uploads\/2025\/10\/WhatsApp-Image-2025-10-03-at-12.31.26-768x432.jpeg 768w, https:\/\/prensa.sma.gob.ar\/wp-content\/uploads\/2025\/10\/WhatsApp-Image-2025-10-03-at-12.31.26-1536x864.jpeg 1536w, https:\/\/prensa.sma.gob.ar\/wp-content\/uploads\/2025\/10\/WhatsApp-Image-2025-10-03-at-12.31.26-747x420.jpeg 747w, https:\/\/prensa.sma.gob.ar\/wp-content\/uploads\/2025\/10\/WhatsApp-Image-2025-10-03-at-12.31.26-696x392.jpeg 696w, https:\/\/prensa.sma.gob.ar\/wp-content\/uploads\/2025\/10\/WhatsApp-Image-2025-10-03-at-12.31.26-1068x601.jpeg 1068w, https:\/\/prensa.sma.gob.ar\/wp-content\/uploads\/2025\/10\/WhatsApp-Image-2025-10-03-at-12.31.26.jpeg 1600w\" sizes=\"auto, (max-width: 1024px) 100vw, 1024px\" \/><\/figure>\n\n\n\n<figure class=\"wp-block-image size-large\"><img loading=\"lazy\" decoding=\"async\" width=\"1024\" height=\"548\" data-id=\"10300\" src=\"https:\/\/prensa.sma.gob.ar\/wp-content\/uploads\/2025\/10\/WhatsApp-Image-2025-10-03-at-12.31.24-1024x548.jpeg\" alt=\"\" class=\"wp-image-10300\" srcset=\"https:\/\/prensa.sma.gob.ar\/wp-content\/uploads\/2025\/10\/WhatsApp-Image-2025-10-03-at-12.31.24-1024x548.jpeg 1024w, https:\/\/prensa.sma.gob.ar\/wp-content\/uploads\/2025\/10\/WhatsApp-Image-2025-10-03-at-12.31.24-300x161.jpeg 300w, https:\/\/prensa.sma.gob.ar\/wp-content\/uploads\/2025\/10\/WhatsApp-Image-2025-10-03-at-12.31.24-768x411.jpeg 768w, https:\/\/prensa.sma.gob.ar\/wp-content\/uploads\/2025\/10\/WhatsApp-Image-2025-10-03-at-12.31.24-1536x822.jpeg 1536w, https:\/\/prensa.sma.gob.ar\/wp-content\/uploads\/2025\/10\/WhatsApp-Image-2025-10-03-at-12.31.24-785x420.jpeg 785w, https:\/\/prensa.sma.gob.ar\/wp-content\/uploads\/2025\/10\/WhatsApp-Image-2025-10-03-at-12.31.24-696x372.jpeg 696w, https:\/\/prensa.sma.gob.ar\/wp-content\/uploads\/2025\/10\/WhatsApp-Image-2025-10-03-at-12.31.24-1068x571.jpeg 1068w, https:\/\/prensa.sma.gob.ar\/wp-content\/uploads\/2025\/10\/WhatsApp-Image-2025-10-03-at-12.31.24.jpeg 1600w\" sizes=\"auto, (max-width: 1024px) 100vw, 1024px\" \/><\/figure>\n\n\n\n<figure class=\"wp-block-image size-large\"><img loading=\"lazy\" decoding=\"async\" width=\"1024\" height=\"576\" data-id=\"10299\" src=\"https:\/\/prensa.sma.gob.ar\/wp-content\/uploads\/2025\/10\/WhatsApp-Image-2025-10-03-at-12.31.261-1024x576.jpeg\" alt=\"\" class=\"wp-image-10299\" srcset=\"https:\/\/prensa.sma.gob.ar\/wp-content\/uploads\/2025\/10\/WhatsApp-Image-2025-10-03-at-12.31.261-1024x576.jpeg 1024w, https:\/\/prensa.sma.gob.ar\/wp-content\/uploads\/2025\/10\/WhatsApp-Image-2025-10-03-at-12.31.261-300x169.jpeg 300w, https:\/\/prensa.sma.gob.ar\/wp-content\/uploads\/2025\/10\/WhatsApp-Image-2025-10-03-at-12.31.261-768x432.jpeg 768w, https:\/\/prensa.sma.gob.ar\/wp-content\/uploads\/2025\/10\/WhatsApp-Image-2025-10-03-at-12.31.261-1536x864.jpeg 1536w, https:\/\/prensa.sma.gob.ar\/wp-content\/uploads\/2025\/10\/WhatsApp-Image-2025-10-03-at-12.31.261-747x420.jpeg 747w, https:\/\/prensa.sma.gob.ar\/wp-content\/uploads\/2025\/10\/WhatsApp-Image-2025-10-03-at-12.31.261-696x392.jpeg 696w, https:\/\/prensa.sma.gob.ar\/wp-content\/uploads\/2025\/10\/WhatsApp-Image-2025-10-03-at-12.31.261-1068x601.jpeg 1068w, https:\/\/prensa.sma.gob.ar\/wp-content\/uploads\/2025\/10\/WhatsApp-Image-2025-10-03-at-12.31.261.jpeg 1600w\" sizes=\"auto, (max-width: 1024px) 100vw, 1024px\" \/><\/figure>\n\n\n\n<figure class=\"wp-block-image size-large\"><img loading=\"lazy\" decoding=\"async\" width=\"1024\" height=\"576\" data-id=\"10298\" src=\"https:\/\/prensa.sma.gob.ar\/wp-content\/uploads\/2025\/10\/WhatsApp-Image-2025-10-03-at-12.31.27-1024x576.jpeg\" alt=\"\" class=\"wp-image-10298\" srcset=\"https:\/\/prensa.sma.gob.ar\/wp-content\/uploads\/2025\/10\/WhatsApp-Image-2025-10-03-at-12.31.27-1024x576.jpeg 1024w, https:\/\/prensa.sma.gob.ar\/wp-content\/uploads\/2025\/10\/WhatsApp-Image-2025-10-03-at-12.31.27-300x169.jpeg 300w, https:\/\/prensa.sma.gob.ar\/wp-content\/uploads\/2025\/10\/WhatsApp-Image-2025-10-03-at-12.31.27-768x432.jpeg 768w, https:\/\/prensa.sma.gob.ar\/wp-content\/uploads\/2025\/10\/WhatsApp-Image-2025-10-03-at-12.31.27-1536x864.jpeg 1536w, https:\/\/prensa.sma.gob.ar\/wp-content\/uploads\/2025\/10\/WhatsApp-Image-2025-10-03-at-12.31.27-747x420.jpeg 747w, https:\/\/prensa.sma.gob.ar\/wp-content\/uploads\/2025\/10\/WhatsApp-Image-2025-10-03-at-12.31.27-696x392.jpeg 696w, https:\/\/prensa.sma.gob.ar\/wp-content\/uploads\/2025\/10\/WhatsApp-Image-2025-10-03-at-12.31.27-1068x601.jpeg 1068w, https:\/\/prensa.sma.gob.ar\/wp-content\/uploads\/2025\/10\/WhatsApp-Image-2025-10-03-at-12.31.27.jpeg 1600w\" sizes=\"auto, (max-width: 1024px) 100vw, 1024px\" \/><\/figure>\n\n\n\n<figure class=\"wp-block-image size-large\"><img loading=\"lazy\" decoding=\"async\" width=\"1024\" height=\"576\" data-id=\"10297\" src=\"https:\/\/prensa.sma.gob.ar\/wp-content\/uploads\/2025\/10\/WhatsApp-Image-2025-10-03-at-12.31.28-1024x576.jpeg\" alt=\"\" class=\"wp-image-10297\" srcset=\"https:\/\/prensa.sma.gob.ar\/wp-content\/uploads\/2025\/10\/WhatsApp-Image-2025-10-03-at-12.31.28-1024x576.jpeg 1024w, https:\/\/prensa.sma.gob.ar\/wp-content\/uploads\/2025\/10\/WhatsApp-Image-2025-10-03-at-12.31.28-300x169.jpeg 300w, https:\/\/prensa.sma.gob.ar\/wp-content\/uploads\/2025\/10\/WhatsApp-Image-2025-10-03-at-12.31.28-768x432.jpeg 768w, https:\/\/prensa.sma.gob.ar\/wp-content\/uploads\/2025\/10\/WhatsApp-Image-2025-10-03-at-12.31.28-1536x864.jpeg 1536w, https:\/\/prensa.sma.gob.ar\/wp-content\/uploads\/2025\/10\/WhatsApp-Image-2025-10-03-at-12.31.28-747x420.jpeg 747w, https:\/\/prensa.sma.gob.ar\/wp-content\/uploads\/2025\/10\/WhatsApp-Image-2025-10-03-at-12.31.28-696x392.jpeg 696w, https:\/\/prensa.sma.gob.ar\/wp-content\/uploads\/2025\/10\/WhatsApp-Image-2025-10-03-at-12.31.28-1068x601.jpeg 1068w, https:\/\/prensa.sma.gob.ar\/wp-content\/uploads\/2025\/10\/WhatsApp-Image-2025-10-03-at-12.31.28.jpeg 1600w\" sizes=\"auto, (max-width: 1024px) 100vw, 1024px\" \/><\/figure>\n\n\n\n<figure class=\"wp-block-image size-large\"><img loading=\"lazy\" decoding=\"async\" width=\"1024\" height=\"576\" data-id=\"10296\" src=\"https:\/\/prensa.sma.gob.ar\/wp-content\/uploads\/2025\/10\/WhatsApp-Image-2025-10-03-at-12.31.281-1024x576.jpeg\" alt=\"\" class=\"wp-image-10296\" srcset=\"https:\/\/prensa.sma.gob.ar\/wp-content\/uploads\/2025\/10\/WhatsApp-Image-2025-10-03-at-12.31.281-1024x576.jpeg 1024w, https:\/\/prensa.sma.gob.ar\/wp-content\/uploads\/2025\/10\/WhatsApp-Image-2025-10-03-at-12.31.281-300x169.jpeg 300w, https:\/\/prensa.sma.gob.ar\/wp-content\/uploads\/2025\/10\/WhatsApp-Image-2025-10-03-at-12.31.281-768x432.jpeg 768w, https:\/\/prensa.sma.gob.ar\/wp-content\/uploads\/2025\/10\/WhatsApp-Image-2025-10-03-at-12.31.281-1536x864.jpeg 1536w, https:\/\/prensa.sma.gob.ar\/wp-content\/uploads\/2025\/10\/WhatsApp-Image-2025-10-03-at-12.31.281-747x420.jpeg 747w, https:\/\/prensa.sma.gob.ar\/wp-content\/uploads\/2025\/10\/WhatsApp-Image-2025-10-03-at-12.31.281-696x392.jpeg 696w, https:\/\/prensa.sma.gob.ar\/wp-content\/uploads\/2025\/10\/WhatsApp-Image-2025-10-03-at-12.31.281-1068x601.jpeg 1068w, https:\/\/prensa.sma.gob.ar\/wp-content\/uploads\/2025\/10\/WhatsApp-Image-2025-10-03-at-12.31.281.jpeg 1600w\" sizes=\"auto, (max-width: 1024px) 100vw, 1024px\" \/><\/figure>\n\n\n\n<figure class=\"wp-block-image size-large\"><img loading=\"lazy\" decoding=\"async\" width=\"1024\" height=\"576\" data-id=\"10295\" src=\"https:\/\/prensa.sma.gob.ar\/wp-content\/uploads\/2025\/10\/WhatsApp-Image-2025-10-03-at-12.31.29-1024x576.jpeg\" alt=\"\" class=\"wp-image-10295\" srcset=\"https:\/\/prensa.sma.gob.ar\/wp-content\/uploads\/2025\/10\/WhatsApp-Image-2025-10-03-at-12.31.29-1024x576.jpeg 1024w, https:\/\/prensa.sma.gob.ar\/wp-content\/uploads\/2025\/10\/WhatsApp-Image-2025-10-03-at-12.31.29-300x169.jpeg 300w, https:\/\/prensa.sma.gob.ar\/wp-content\/uploads\/2025\/10\/WhatsApp-Image-2025-10-03-at-12.31.29-768x432.jpeg 768w, https:\/\/prensa.sma.gob.ar\/wp-content\/uploads\/2025\/10\/WhatsApp-Image-2025-10-03-at-12.31.29-1536x864.jpeg 1536w, https:\/\/prensa.sma.gob.ar\/wp-content\/uploads\/2025\/10\/WhatsApp-Image-2025-10-03-at-12.31.29-747x420.jpeg 747w, https:\/\/prensa.sma.gob.ar\/wp-content\/uploads\/2025\/10\/WhatsApp-Image-2025-10-03-at-12.31.29-696x392.jpeg 696w, https:\/\/prensa.sma.gob.ar\/wp-content\/uploads\/2025\/10\/WhatsApp-Image-2025-10-03-at-12.31.29-1068x601.jpeg 1068w, https:\/\/prensa.sma.gob.ar\/wp-content\/uploads\/2025\/10\/WhatsApp-Image-2025-10-03-at-12.31.29.jpeg 1600w\" sizes=\"auto, (max-width: 1024px) 100vw, 1024px\" \/><\/figure>\n\n\n\n<figure class=\"wp-block-image size-large\"><img loading=\"lazy\" decoding=\"async\" width=\"1024\" height=\"576\" data-id=\"10294\" src=\"https:\/\/prensa.sma.gob.ar\/wp-content\/uploads\/2025\/10\/WhatsApp-Image-2025-10-03-at-12.31.30-1024x576.jpeg\" alt=\"\" class=\"wp-image-10294\" srcset=\"https:\/\/prensa.sma.gob.ar\/wp-content\/uploads\/2025\/10\/WhatsApp-Image-2025-10-03-at-12.31.30-1024x576.jpeg 1024w, https:\/\/prensa.sma.gob.ar\/wp-content\/uploads\/2025\/10\/WhatsApp-Image-2025-10-03-at-12.31.30-300x169.jpeg 300w, https:\/\/prensa.sma.gob.ar\/wp-content\/uploads\/2025\/10\/WhatsApp-Image-2025-10-03-at-12.31.30-768x432.jpeg 768w, https:\/\/prensa.sma.gob.ar\/wp-content\/uploads\/2025\/10\/WhatsApp-Image-2025-10-03-at-12.31.30-1536x864.jpeg 1536w, https:\/\/prensa.sma.gob.ar\/wp-content\/uploads\/2025\/10\/WhatsApp-Image-2025-10-03-at-12.31.30-747x420.jpeg 747w, https:\/\/prensa.sma.gob.ar\/wp-content\/uploads\/2025\/10\/WhatsApp-Image-2025-10-03-at-12.31.30-696x392.jpeg 696w, https:\/\/prensa.sma.gob.ar\/wp-content\/uploads\/2025\/10\/WhatsApp-Image-2025-10-03-at-12.31.30-1068x601.jpeg 1068w, https:\/\/prensa.sma.gob.ar\/wp-content\/uploads\/2025\/10\/WhatsApp-Image-2025-10-03-at-12.31.30.jpeg 1600w\" sizes=\"auto, (max-width: 1024px) 100vw, 1024px\" \/><\/figure>\n\n\n\n<figure class=\"wp-block-image size-large\"><img loading=\"lazy\" decoding=\"async\" width=\"1024\" height=\"576\" data-id=\"10293\" src=\"https:\/\/prensa.sma.gob.ar\/wp-content\/uploads\/2025\/10\/WhatsApp-Image-2025-10-03-at-12.31.301-1024x576.jpeg\" alt=\"\" class=\"wp-image-10293\" srcset=\"https:\/\/prensa.sma.gob.ar\/wp-content\/uploads\/2025\/10\/WhatsApp-Image-2025-10-03-at-12.31.301-1024x576.jpeg 1024w, https:\/\/prensa.sma.gob.ar\/wp-content\/uploads\/2025\/10\/WhatsApp-Image-2025-10-03-at-12.31.301-300x169.jpeg 300w, https:\/\/prensa.sma.gob.ar\/wp-content\/uploads\/2025\/10\/WhatsApp-Image-2025-10-03-at-12.31.301-768x432.jpeg 768w, https:\/\/prensa.sma.gob.ar\/wp-content\/uploads\/2025\/10\/WhatsApp-Image-2025-10-03-at-12.31.301-1536x864.jpeg 1536w, https:\/\/prensa.sma.gob.ar\/wp-content\/uploads\/2025\/10\/WhatsApp-Image-2025-10-03-at-12.31.301-747x420.jpeg 747w, https:\/\/prensa.sma.gob.ar\/wp-content\/uploads\/2025\/10\/WhatsApp-Image-2025-10-03-at-12.31.301-696x392.jpeg 696w, https:\/\/prensa.sma.gob.ar\/wp-content\/uploads\/2025\/10\/WhatsApp-Image-2025-10-03-at-12.31.301-1068x601.jpeg 1068w, https:\/\/prensa.sma.gob.ar\/wp-content\/uploads\/2025\/10\/WhatsApp-Image-2025-10-03-at-12.31.301.jpeg 1600w\" sizes=\"auto, (max-width: 1024px) 100vw, 1024px\" \/><\/figure>\n\n\n\n<figure class=\"wp-block-image size-large\"><img loading=\"lazy\" decoding=\"async\" width=\"1024\" height=\"576\" data-id=\"10291\" src=\"https:\/\/prensa.sma.gob.ar\/wp-content\/uploads\/2025\/10\/WhatsApp-Image-2025-10-03-at-12.31.31-1024x576.jpeg\" alt=\"\" class=\"wp-image-10291\" srcset=\"https:\/\/prensa.sma.gob.ar\/wp-content\/uploads\/2025\/10\/WhatsApp-Image-2025-10-03-at-12.31.31-1024x576.jpeg 1024w, https:\/\/prensa.sma.gob.ar\/wp-content\/uploads\/2025\/10\/WhatsApp-Image-2025-10-03-at-12.31.31-300x169.jpeg 300w, https:\/\/prensa.sma.gob.ar\/wp-content\/uploads\/2025\/10\/WhatsApp-Image-2025-10-03-at-12.31.31-768x432.jpeg 768w, https:\/\/prensa.sma.gob.ar\/wp-content\/uploads\/2025\/10\/WhatsApp-Image-2025-10-03-at-12.31.31-1536x864.jpeg 1536w, https:\/\/prensa.sma.gob.ar\/wp-content\/uploads\/2025\/10\/WhatsApp-Image-2025-10-03-at-12.31.31-747x420.jpeg 747w, https:\/\/prensa.sma.gob.ar\/wp-content\/uploads\/2025\/10\/WhatsApp-Image-2025-10-03-at-12.31.31-696x392.jpeg 696w, https:\/\/prensa.sma.gob.ar\/wp-content\/uploads\/2025\/10\/WhatsApp-Image-2025-10-03-at-12.31.31-1068x601.jpeg 1068w, https:\/\/prensa.sma.gob.ar\/wp-content\/uploads\/2025\/10\/WhatsApp-Image-2025-10-03-at-12.31.31.jpeg 1600w\" sizes=\"auto, (max-width: 1024px) 100vw, 1024px\" \/><\/figure>\n\n\n\n<figure class=\"wp-block-image size-large\"><img loading=\"lazy\" decoding=\"async\" width=\"1024\" height=\"576\" data-id=\"10289\" src=\"https:\/\/prensa.sma.gob.ar\/wp-content\/uploads\/2025\/10\/WhatsApp-Image-2025-10-03-at-12.31.312-1024x576.jpeg\" alt=\"\" class=\"wp-image-10289\" srcset=\"https:\/\/prensa.sma.gob.ar\/wp-content\/uploads\/2025\/10\/WhatsApp-Image-2025-10-03-at-12.31.312-1024x576.jpeg 1024w, https:\/\/prensa.sma.gob.ar\/wp-content\/uploads\/2025\/10\/WhatsApp-Image-2025-10-03-at-12.31.312-300x169.jpeg 300w, https:\/\/prensa.sma.gob.ar\/wp-content\/uploads\/2025\/10\/WhatsApp-Image-2025-10-03-at-12.31.312-768x432.jpeg 768w, https:\/\/prensa.sma.gob.ar\/wp-content\/uploads\/2025\/10\/WhatsApp-Image-2025-10-03-at-12.31.312-1536x864.jpeg 1536w, https:\/\/prensa.sma.gob.ar\/wp-content\/uploads\/2025\/10\/WhatsApp-Image-2025-10-03-at-12.31.312-747x420.jpeg 747w, https:\/\/prensa.sma.gob.ar\/wp-content\/uploads\/2025\/10\/WhatsApp-Image-2025-10-03-at-12.31.312-696x392.jpeg 696w, https:\/\/prensa.sma.gob.ar\/wp-content\/uploads\/2025\/10\/WhatsApp-Image-2025-10-03-at-12.31.312-1068x601.jpeg 1068w, https:\/\/prensa.sma.gob.ar\/wp-content\/uploads\/2025\/10\/WhatsApp-Image-2025-10-03-at-12.31.312.jpeg 1600w\" sizes=\"auto, (max-width: 1024px) 100vw, 1024px\" \/><\/figure>\n<\/figure>\n","protected":false},"excerpt":{"rendered":"<p>Tras evaluar las ofertas presentadas a la licitaci\u00f3n p\u00fablica convocada para la realizaci\u00f3n de la remodelaci\u00f3n, ampliaci\u00f3n y construcci\u00f3n de la Terminal del Aeropuerto Aviador Carlos Campos de San Mart\u00edn de los Andes, se conoci\u00f3 qu\u00e9 empresa ser\u00e1 la encargada de llevar adelante la obra. Se trata de Nova Fusi\u00f3n, que present\u00f3 una oferta de [&hellip;]<\/p>\n","protected":false},"author":2,"featured_media":10290,"comment_status":"closed","ping_status":"open","sticky":false,"template":"","format":"standard","meta":{"footnotes":""},"categories":[16,14,17],"tags":[],"class_list":{"0":"post-10287","1":"post","2":"type-post","3":"status-publish","4":"format-standard","5":"has-post-thumbnail","7":"category-destacadas","8":"category-noticias","9":"category-portada"},"_links":{"self":[{"href":"https:\/\/prensa.sma.gob.ar\/index.php?rest_route=\/wp\/v2\/posts\/10287","targetHints":{"allow":["GET"]}}],"collection":[{"href":"https:\/\/prensa.sma.gob.ar\/index.php?rest_route=\/wp\/v2\/posts"}],"about":[{"href":"https:\/\/prensa.sma.gob.ar\/index.php?rest_route=\/wp\/v2\/types\/post"}],"author":[{"embeddable":true,"href":"https:\/\/prensa.sma.gob.ar\/index.php?rest_route=\/wp\/v2\/users\/2"}],"replies":[{"embeddable":true,"href":"https:\/\/prensa.sma.gob.ar\/index.php?rest_route=%2Fwp%2Fv2%2Fcomments&post=10287"}],"version-history":[{"count":2,"href":"https:\/\/prensa.sma.gob.ar\/index.php?rest_route=\/wp\/v2\/posts\/10287\/revisions"}],"predecessor-version":[{"id":10304,"href":"https:\/\/prensa.sma.gob.ar\/index.php?rest_route=\/wp\/v2\/posts\/10287\/revisions\/10304"}],"wp:featuredmedia":[{"embeddable":true,"href":"https:\/\/prensa.sma.gob.ar\/index.php?rest_route=\/wp\/v2\/media\/10290"}],"wp:attachment":[{"href":"https:\/\/prensa.sma.gob.ar\/index.php?rest_route=%2Fwp%2Fv2%2Fmedia&parent=10287"}],"wp:term":[{"taxonomy":"category","embeddable":true,"href":"https:\/\/prensa.sma.gob.ar\/index.php?rest_route=%2Fwp%2Fv2%2Fcategories&post=10287"},{"taxonomy":"post_tag","embeddable":true,"href":"https:\/\/prensa.sma.gob.ar\/index.php?rest_route=%2Fwp%2Fv2%2Ftags&post=10287"}],"curies":[{"name":"wp","href":"https:\/\/api.w.org\/{rel}","templated":true}]}}