{"id":10305,"date":"2025-10-03T15:30:12","date_gmt":"2025-10-03T15:30:12","guid":{"rendered":"https:\/\/prensa.sma.gob.ar\/?p=10305"},"modified":"2025-10-03T15:46:24","modified_gmt":"2025-10-03T15:46:24","slug":"reunion-para-comenzar-a-organizar-un-simulacro-de-accidente-a-gran-escala","status":"publish","type":"post","link":"https:\/\/prensa.sma.gob.ar\/?p=10305","title":{"rendered":"Reuni\u00f3n para comenzar a organizar un simulacro de accidente a gran escala"},"content":{"rendered":"\n<p>Instituciones nacionales, provinciales y municipales comenzaron a organizar un simulacro de accidente a gran escala, durante una reuni\u00f3n que se realiz\u00f3 este viernes, organizada por el Comit\u00e9 Operativo de Emergencia Municipal (C.O.E.M.).<\/p>\n\n\n\n<p>El ejercicio se llevar\u00e1 a cabo en el aeropuerto Aviados Carlos Campos, en fecha a confirmar, y contar\u00e1 con la evaluaci\u00f3n de la Administraci\u00f3n Nacional de Aviaci\u00f3n Civil (ANAC), m\u00e1xima autoridad aeron\u00e1utica de la Argentina.<\/p>\n\n\n\n<p>De la reuni\u00f3n participaron representantes de la ANAC; de la administraci\u00f3n del aeropuerto local; Hospital Ram\u00f3n Carrillo; SIEN; Bomberos del Aeropuerto de Chapelco; Incendios, Comunicaciones y Emergencias (ICE) del Parque Nacional Lan\u00edn; Polic\u00eda de Seguridad Aeroportuaria (PSA); Bomberos Voluntarios de San Mart\u00edn de los Andes; y Protecci\u00f3n Civil de Jun\u00edn de los Andes.<\/p>\n\n\n\n<p>Por el Municipio de nuestra ciudad, del encuentro realizado en el cuartel de Bomberos Voluntarios de El Arenal, participaron representantes de la Direcci\u00f3n de Seguridad Ciudadana; Prensa y Comunicaci\u00f3n; y la Direcci\u00f3n de Protecci\u00f3n Civil, que tiene a su cargo la coordinaci\u00f3n del C.O.E.M.<\/p>\n\n\n\n<figure class=\"wp-block-gallery has-nested-images columns-default is-cropped wp-block-gallery-1 is-layout-flex wp-block-gallery-is-layout-flex\">\n<figure class=\"wp-block-image size-large\"><img loading=\"lazy\" decoding=\"async\" width=\"1024\" height=\"576\" data-id=\"10314\" src=\"https:\/\/prensa.sma.gob.ar\/wp-content\/uploads\/2025\/10\/WhatsApp-Image-2025-10-03-at-11.32.41-1024x576.jpeg\" alt=\"\" class=\"wp-image-10314\" srcset=\"https:\/\/prensa.sma.gob.ar\/wp-content\/uploads\/2025\/10\/WhatsApp-Image-2025-10-03-at-11.32.41-1024x576.jpeg 1024w, https:\/\/prensa.sma.gob.ar\/wp-content\/uploads\/2025\/10\/WhatsApp-Image-2025-10-03-at-11.32.41-300x169.jpeg 300w, https:\/\/prensa.sma.gob.ar\/wp-content\/uploads\/2025\/10\/WhatsApp-Image-2025-10-03-at-11.32.41-768x432.jpeg 768w, https:\/\/prensa.sma.gob.ar\/wp-content\/uploads\/2025\/10\/WhatsApp-Image-2025-10-03-at-11.32.41-747x420.jpeg 747w, https:\/\/prensa.sma.gob.ar\/wp-content\/uploads\/2025\/10\/WhatsApp-Image-2025-10-03-at-11.32.41-696x392.jpeg 696w, https:\/\/prensa.sma.gob.ar\/wp-content\/uploads\/2025\/10\/WhatsApp-Image-2025-10-03-at-11.32.41-1068x601.jpeg 1068w, https:\/\/prensa.sma.gob.ar\/wp-content\/uploads\/2025\/10\/WhatsApp-Image-2025-10-03-at-11.32.41.jpeg 1280w\" sizes=\"auto, (max-width: 1024px) 100vw, 1024px\" \/><\/figure>\n\n\n\n<figure class=\"wp-block-image size-large\"><img loading=\"lazy\" decoding=\"async\" width=\"1024\" height=\"576\" data-id=\"10312\" src=\"https:\/\/prensa.sma.gob.ar\/wp-content\/uploads\/2025\/10\/WhatsApp-Image-2025-10-03-at-11.32.412-1024x576.jpeg\" alt=\"\" class=\"wp-image-10312\" srcset=\"https:\/\/prensa.sma.gob.ar\/wp-content\/uploads\/2025\/10\/WhatsApp-Image-2025-10-03-at-11.32.412-1024x576.jpeg 1024w, https:\/\/prensa.sma.gob.ar\/wp-content\/uploads\/2025\/10\/WhatsApp-Image-2025-10-03-at-11.32.412-300x169.jpeg 300w, https:\/\/prensa.sma.gob.ar\/wp-content\/uploads\/2025\/10\/WhatsApp-Image-2025-10-03-at-11.32.412-768x432.jpeg 768w, https:\/\/prensa.sma.gob.ar\/wp-content\/uploads\/2025\/10\/WhatsApp-Image-2025-10-03-at-11.32.412-747x420.jpeg 747w, https:\/\/prensa.sma.gob.ar\/wp-content\/uploads\/2025\/10\/WhatsApp-Image-2025-10-03-at-11.32.412-696x392.jpeg 696w, https:\/\/prensa.sma.gob.ar\/wp-content\/uploads\/2025\/10\/WhatsApp-Image-2025-10-03-at-11.32.412-1068x601.jpeg 1068w, https:\/\/prensa.sma.gob.ar\/wp-content\/uploads\/2025\/10\/WhatsApp-Image-2025-10-03-at-11.32.412.jpeg 1280w\" sizes=\"auto, (max-width: 1024px) 100vw, 1024px\" \/><\/figure>\n\n\n\n<figure class=\"wp-block-image size-large\"><img loading=\"lazy\" decoding=\"async\" width=\"1024\" height=\"590\" data-id=\"10310\" src=\"https:\/\/prensa.sma.gob.ar\/wp-content\/uploads\/2025\/10\/WhatsApp-Image-2025-10-03-at-11.32.414-1024x590.jpeg\" alt=\"\" class=\"wp-image-10310\" srcset=\"https:\/\/prensa.sma.gob.ar\/wp-content\/uploads\/2025\/10\/WhatsApp-Image-2025-10-03-at-11.32.414-1024x590.jpeg 1024w, https:\/\/prensa.sma.gob.ar\/wp-content\/uploads\/2025\/10\/WhatsApp-Image-2025-10-03-at-11.32.414-300x173.jpeg 300w, https:\/\/prensa.sma.gob.ar\/wp-content\/uploads\/2025\/10\/WhatsApp-Image-2025-10-03-at-11.32.414-768x442.jpeg 768w, https:\/\/prensa.sma.gob.ar\/wp-content\/uploads\/2025\/10\/WhatsApp-Image-2025-10-03-at-11.32.414-729x420.jpeg 729w, https:\/\/prensa.sma.gob.ar\/wp-content\/uploads\/2025\/10\/WhatsApp-Image-2025-10-03-at-11.32.414-696x401.jpeg 696w, https:\/\/prensa.sma.gob.ar\/wp-content\/uploads\/2025\/10\/WhatsApp-Image-2025-10-03-at-11.32.414-1068x615.jpeg 1068w, https:\/\/prensa.sma.gob.ar\/wp-content\/uploads\/2025\/10\/WhatsApp-Image-2025-10-03-at-11.32.414.jpeg 1280w\" sizes=\"auto, (max-width: 1024px) 100vw, 1024px\" \/><\/figure>\n\n\n\n<figure class=\"wp-block-image size-large\"><img loading=\"lazy\" decoding=\"async\" width=\"1024\" height=\"576\" data-id=\"10309\" src=\"https:\/\/prensa.sma.gob.ar\/wp-content\/uploads\/2025\/10\/WhatsApp-Image-2025-10-03-at-11.32.416-1024x576.jpeg\" alt=\"\" class=\"wp-image-10309\" srcset=\"https:\/\/prensa.sma.gob.ar\/wp-content\/uploads\/2025\/10\/WhatsApp-Image-2025-10-03-at-11.32.416-1024x576.jpeg 1024w, https:\/\/prensa.sma.gob.ar\/wp-content\/uploads\/2025\/10\/WhatsApp-Image-2025-10-03-at-11.32.416-300x169.jpeg 300w, https:\/\/prensa.sma.gob.ar\/wp-content\/uploads\/2025\/10\/WhatsApp-Image-2025-10-03-at-11.32.416-768x432.jpeg 768w, https:\/\/prensa.sma.gob.ar\/wp-content\/uploads\/2025\/10\/WhatsApp-Image-2025-10-03-at-11.32.416-747x420.jpeg 747w, https:\/\/prensa.sma.gob.ar\/wp-content\/uploads\/2025\/10\/WhatsApp-Image-2025-10-03-at-11.32.416-696x392.jpeg 696w, https:\/\/prensa.sma.gob.ar\/wp-content\/uploads\/2025\/10\/WhatsApp-Image-2025-10-03-at-11.32.416-1068x601.jpeg 1068w, https:\/\/prensa.sma.gob.ar\/wp-content\/uploads\/2025\/10\/WhatsApp-Image-2025-10-03-at-11.32.416.jpeg 1280w\" sizes=\"auto, (max-width: 1024px) 100vw, 1024px\" \/><\/figure>\n\n\n\n<figure class=\"wp-block-image size-large\"><img loading=\"lazy\" decoding=\"async\" width=\"1024\" height=\"576\" data-id=\"10308\" src=\"https:\/\/prensa.sma.gob.ar\/wp-content\/uploads\/2025\/10\/WhatsApp-Image-2025-10-03-at-11.32.417-1024x576.jpeg\" alt=\"\" class=\"wp-image-10308\" srcset=\"https:\/\/prensa.sma.gob.ar\/wp-content\/uploads\/2025\/10\/WhatsApp-Image-2025-10-03-at-11.32.417-1024x576.jpeg 1024w, https:\/\/prensa.sma.gob.ar\/wp-content\/uploads\/2025\/10\/WhatsApp-Image-2025-10-03-at-11.32.417-300x169.jpeg 300w, https:\/\/prensa.sma.gob.ar\/wp-content\/uploads\/2025\/10\/WhatsApp-Image-2025-10-03-at-11.32.417-768x432.jpeg 768w, https:\/\/prensa.sma.gob.ar\/wp-content\/uploads\/2025\/10\/WhatsApp-Image-2025-10-03-at-11.32.417-747x420.jpeg 747w, https:\/\/prensa.sma.gob.ar\/wp-content\/uploads\/2025\/10\/WhatsApp-Image-2025-10-03-at-11.32.417-696x392.jpeg 696w, https:\/\/prensa.sma.gob.ar\/wp-content\/uploads\/2025\/10\/WhatsApp-Image-2025-10-03-at-11.32.417-1068x601.jpeg 1068w, https:\/\/prensa.sma.gob.ar\/wp-content\/uploads\/2025\/10\/WhatsApp-Image-2025-10-03-at-11.32.417.jpeg 1280w\" sizes=\"auto, (max-width: 1024px) 100vw, 1024px\" \/><\/figure>\n\n\n\n<figure class=\"wp-block-image size-large\"><img loading=\"lazy\" decoding=\"async\" width=\"1024\" height=\"576\" data-id=\"10307\" src=\"https:\/\/prensa.sma.gob.ar\/wp-content\/uploads\/2025\/10\/WhatsApp-Image-2025-10-03-at-11.32.418-1024x576.jpeg\" alt=\"\" class=\"wp-image-10307\" srcset=\"https:\/\/prensa.sma.gob.ar\/wp-content\/uploads\/2025\/10\/WhatsApp-Image-2025-10-03-at-11.32.418-1024x576.jpeg 1024w, https:\/\/prensa.sma.gob.ar\/wp-content\/uploads\/2025\/10\/WhatsApp-Image-2025-10-03-at-11.32.418-300x169.jpeg 300w, https:\/\/prensa.sma.gob.ar\/wp-content\/uploads\/2025\/10\/WhatsApp-Image-2025-10-03-at-11.32.418-768x432.jpeg 768w, https:\/\/prensa.sma.gob.ar\/wp-content\/uploads\/2025\/10\/WhatsApp-Image-2025-10-03-at-11.32.418-747x420.jpeg 747w, https:\/\/prensa.sma.gob.ar\/wp-content\/uploads\/2025\/10\/WhatsApp-Image-2025-10-03-at-11.32.418-696x392.jpeg 696w, https:\/\/prensa.sma.gob.ar\/wp-content\/uploads\/2025\/10\/WhatsApp-Image-2025-10-03-at-11.32.418-1068x601.jpeg 1068w, https:\/\/prensa.sma.gob.ar\/wp-content\/uploads\/2025\/10\/WhatsApp-Image-2025-10-03-at-11.32.418.jpeg 1280w\" sizes=\"auto, (max-width: 1024px) 100vw, 1024px\" \/><\/figure>\n<\/figure>\n","protected":false},"excerpt":{"rendered":"<p>Instituciones nacionales, provinciales y municipales comenzaron a organizar un simulacro de accidente a gran escala, durante una reuni\u00f3n que se realiz\u00f3 este viernes, organizada por el Comit\u00e9 Operativo de Emergencia Municipal (C.O.E.M.). El ejercicio se llevar\u00e1 a cabo en el aeropuerto Aviados Carlos Campos, en fecha a confirmar, y contar\u00e1 con la evaluaci\u00f3n de la [&hellip;]<\/p>\n","protected":false},"author":2,"featured_media":10311,"comment_status":"closed","ping_status":"open","sticky":false,"template":"","format":"standard","meta":{"footnotes":""},"categories":[16,14,32],"tags":[],"class_list":{"0":"post-10305","1":"post","2":"type-post","3":"status-publish","4":"format-standard","5":"has-post-thumbnail","7":"category-destacadas","8":"category-noticias","9":"category-proteccion-civil"},"_links":{"self":[{"href":"https:\/\/prensa.sma.gob.ar\/index.php?rest_route=\/wp\/v2\/posts\/10305","targetHints":{"allow":["GET"]}}],"collection":[{"href":"https:\/\/prensa.sma.gob.ar\/index.php?rest_route=\/wp\/v2\/posts"}],"about":[{"href":"https:\/\/prensa.sma.gob.ar\/index.php?rest_route=\/wp\/v2\/types\/post"}],"author":[{"embeddable":true,"href":"https:\/\/prensa.sma.gob.ar\/index.php?rest_route=\/wp\/v2\/users\/2"}],"replies":[{"embeddable":true,"href":"https:\/\/prensa.sma.gob.ar\/index.php?rest_route=%2Fwp%2Fv2%2Fcomments&post=10305"}],"version-history":[{"count":1,"href":"https:\/\/prensa.sma.gob.ar\/index.php?rest_route=\/wp\/v2\/posts\/10305\/revisions"}],"predecessor-version":[{"id":10315,"href":"https:\/\/prensa.sma.gob.ar\/index.php?rest_route=\/wp\/v2\/posts\/10305\/revisions\/10315"}],"wp:featuredmedia":[{"embeddable":true,"href":"https:\/\/prensa.sma.gob.ar\/index.php?rest_route=\/wp\/v2\/media\/10311"}],"wp:attachment":[{"href":"https:\/\/prensa.sma.gob.ar\/index.php?rest_route=%2Fwp%2Fv2%2Fmedia&parent=10305"}],"wp:term":[{"taxonomy":"category","embeddable":true,"href":"https:\/\/prensa.sma.gob.ar\/index.php?rest_route=%2Fwp%2Fv2%2Fcategories&post=10305"},{"taxonomy":"post_tag","embeddable":true,"href":"https:\/\/prensa.sma.gob.ar\/index.php?rest_route=%2Fwp%2Fv2%2Ftags&post=10305"}],"curies":[{"name":"wp","href":"https:\/\/api.w.org\/{rel}","templated":true}]}}