{"id":10493,"date":"2025-10-17T03:52:10","date_gmt":"2025-10-17T03:52:10","guid":{"rendered":"https:\/\/prensa.sma.gob.ar\/?p=10493"},"modified":"2025-10-17T03:53:19","modified_gmt":"2025-10-17T03:53:19","slug":"este-sabado-se-realizaran-consultas-publicas-a-vecinos-y-vecinas-de-aitue-y-de-cantera","status":"publish","type":"post","link":"https:\/\/prensa.sma.gob.ar\/?p=10493","title":{"rendered":"Este s\u00e1bado se realizar\u00e1n consultas p\u00fablicas a vecinos y vecinas de Aitu\u00e9 y de Cantera"},"content":{"rendered":"\n<p>El Municipio, a trav\u00e9s del Instituto de Vivienda y H\u00e1bitat (IVH) convoca a vecinas y vecinos del barrio Cantera y del loteo futuro barrio Aitu\u00e9 a ser parte de las consultas p\u00fablicas que se realizan en el marco de las gestiones para financiar la mejora en el h\u00e1bitat de nuestra ciudad.<\/p>\n\n\n\n<p>Ambas consultas son parte de los pasos necesarios para avanzar en las gestiones ante organismos internacionales, a trav\u00e9s del Estado provincial, de obras de infraestructura y mejoramiento del h\u00e1bitat.<\/p>\n\n\n\n<p>La directora del IVH, Carolina Amaya, explic\u00f3 que los estudios que se han hecho desde el Municipio a trav\u00e9s de la Unidad Provincial de Enlace y Ejecuci\u00f3n de Proyectos con Financiamiento Externo (UPEFE) permiten aplicar en algunas propuestas de financiamiento internacional, en este caso a trav\u00e9s del Banco Interamericano de Desarrollo (BID).<\/p>\n\n\n\n<p>\u201cEsta l\u00ednea de cr\u00e9dito del BID financia obras de infraestructura en barrios. Como parte de los protocolos, nos piden consultas p\u00fablicas para que los vecinos se expresen sobre si est\u00e1n de acuerdo con estas iniciativas\u201d, explic\u00f3 Carolina Amaya a Radio Municipal.<\/p>\n\n\n\n<p>Inform\u00f3 que, en este marco, \u201cla consulta con las familias de Aitu\u00e9 se realizar\u00e1 este s\u00e1bado, a las 14, en el Cpem 57, para aplicar al financiamiento de obras para caminer\u00eda, agua, luz y otras infraestructuras\u201d. Luego, a las 18, se realizar\u00e1 un encuentro similar en el barrio Cantera.<\/p>\n\n\n\n<p>En ambas reuniones, t\u00e9cnicos de la UPEFE, consultores del BID y funcionarios municipales explicar\u00e1n a vecinas y vecinos los alcances de las gestiones, detalles de la propuesta y caracter\u00edsticas de los programas del BID que, eventualmente, puedan aplicar en estos barrios.<\/p>\n","protected":false},"excerpt":{"rendered":"<p>El Municipio, a trav\u00e9s del Instituto de Vivienda y H\u00e1bitat (IVH) convoca a vecinas y vecinos del barrio Cantera y del loteo futuro barrio Aitu\u00e9 a ser parte de las consultas p\u00fablicas que se realizan en el marco de las gestiones para financiar la mejora en el h\u00e1bitat de nuestra ciudad. Ambas consultas son parte [&hellip;]<\/p>\n","protected":false},"author":2,"featured_media":10494,"comment_status":"closed","ping_status":"open","sticky":false,"template":"","format":"standard","meta":{"footnotes":""},"categories":[16,14,37],"tags":[],"class_list":{"0":"post-10493","1":"post","2":"type-post","3":"status-publish","4":"format-standard","5":"has-post-thumbnail","7":"category-destacadas","8":"category-noticias","9":"category-vivienda"},"_links":{"self":[{"href":"https:\/\/prensa.sma.gob.ar\/index.php?rest_route=\/wp\/v2\/posts\/10493","targetHints":{"allow":["GET"]}}],"collection":[{"href":"https:\/\/prensa.sma.gob.ar\/index.php?rest_route=\/wp\/v2\/posts"}],"about":[{"href":"https:\/\/prensa.sma.gob.ar\/index.php?rest_route=\/wp\/v2\/types\/post"}],"author":[{"embeddable":true,"href":"https:\/\/prensa.sma.gob.ar\/index.php?rest_route=\/wp\/v2\/users\/2"}],"replies":[{"embeddable":true,"href":"https:\/\/prensa.sma.gob.ar\/index.php?rest_route=%2Fwp%2Fv2%2Fcomments&post=10493"}],"version-history":[{"count":2,"href":"https:\/\/prensa.sma.gob.ar\/index.php?rest_route=\/wp\/v2\/posts\/10493\/revisions"}],"predecessor-version":[{"id":10496,"href":"https:\/\/prensa.sma.gob.ar\/index.php?rest_route=\/wp\/v2\/posts\/10493\/revisions\/10496"}],"wp:featuredmedia":[{"embeddable":true,"href":"https:\/\/prensa.sma.gob.ar\/index.php?rest_route=\/wp\/v2\/media\/10494"}],"wp:attachment":[{"href":"https:\/\/prensa.sma.gob.ar\/index.php?rest_route=%2Fwp%2Fv2%2Fmedia&parent=10493"}],"wp:term":[{"taxonomy":"category","embeddable":true,"href":"https:\/\/prensa.sma.gob.ar\/index.php?rest_route=%2Fwp%2Fv2%2Fcategories&post=10493"},{"taxonomy":"post_tag","embeddable":true,"href":"https:\/\/prensa.sma.gob.ar\/index.php?rest_route=%2Fwp%2Fv2%2Ftags&post=10493"}],"curies":[{"name":"wp","href":"https:\/\/api.w.org\/{rel}","templated":true}]}}