{"id":1054,"date":"2024-07-15T12:33:35","date_gmt":"2024-07-15T12:33:35","guid":{"rendered":"https:\/\/prensa.sma.gob.ar\/?p=1054"},"modified":"2024-07-15T12:33:37","modified_gmt":"2024-07-15T12:33:37","slug":"fue-electa-la-nueva-comision-vecinal-en-vega-maipu-y-nahuilen","status":"publish","type":"post","link":"https:\/\/prensa.sma.gob.ar\/?p=1054","title":{"rendered":"Fue electa la nueva Comisi\u00f3n Vecinal en Vega Maip\u00fa y Nahuilen"},"content":{"rendered":"\n<p>La comunidad de Vega Maip\u00fa y Nahuilen ya tiene la nueva comisi\u00f3n que representar\u00e1 a los barrios por los pr\u00f3ximos dos a\u00f1os, luego de las elecciones vecinales de este domingo, promovidas y organizadas por la <a href=\"https:\/\/www.facebook.com\/profile.php?id=100068957658196&amp;__cft__[0]=AZXLrsdKDlPXRC8dvHwKEgKga6ifSUBw7EdSCEV-bJPnD2ZZhqPZ8e9KfrqTkZTSHj5u6FwzqSiCEUQoXhrIjsoJ35mjkVFvxoJK0f6TVjON5iAnTspK_WcxSNsdegeya9xhLryMSMMFevgtjNgFX2lCqfAGya9IBKiYLN449NQ0KPq9UHITSLRIZcFk04QPKk-UUAx_MU4Bw7CLYWBLpQ2A&amp;__tn__=-]K-R\">Subsecretaria de Juntas Vecinales San Mart\u00edn de los Andes<\/a>.<\/p>\n\n\n\n<p>La flamante comisi\u00f3n est\u00e1 integrada por Alejandro Mansilla, Pablo Vali\u00f1a, Lorena Su\u00e1rez, Valeria Araoz, Enrique Saavedra, Mario Di Campli, Jeannette Ardiles, Anal\u00eda Fern\u00e1ndez, Sonia Alfaro, Julia Riquelme, Cenen Ancamil y Carmen D\u00edaz.<\/p>\n\n\n\n<figure class=\"wp-block-gallery has-nested-images columns-default is-cropped wp-block-gallery-1 is-layout-flex wp-block-gallery-is-layout-flex\">\n<figure class=\"wp-block-image size-large\"><img loading=\"lazy\" decoding=\"async\" width=\"1024\" height=\"768\" data-id=\"1060\" src=\"https:\/\/prensa.sma.gob.ar\/wp-content\/uploads\/2024\/07\/JUNTA-6-1024x768.jpg\" alt=\"\" class=\"wp-image-1060\" srcset=\"https:\/\/prensa.sma.gob.ar\/wp-content\/uploads\/2024\/07\/JUNTA-6-1024x768.jpg 1024w, https:\/\/prensa.sma.gob.ar\/wp-content\/uploads\/2024\/07\/JUNTA-6-300x225.jpg 300w, https:\/\/prensa.sma.gob.ar\/wp-content\/uploads\/2024\/07\/JUNTA-6-768x576.jpg 768w, https:\/\/prensa.sma.gob.ar\/wp-content\/uploads\/2024\/07\/JUNTA-6-1536x1152.jpg 1536w, https:\/\/prensa.sma.gob.ar\/wp-content\/uploads\/2024\/07\/JUNTA-6-560x420.jpg 560w, https:\/\/prensa.sma.gob.ar\/wp-content\/uploads\/2024\/07\/JUNTA-6-80x60.jpg 80w, https:\/\/prensa.sma.gob.ar\/wp-content\/uploads\/2024\/07\/JUNTA-6-696x522.jpg 696w, https:\/\/prensa.sma.gob.ar\/wp-content\/uploads\/2024\/07\/JUNTA-6-1068x801.jpg 1068w, https:\/\/prensa.sma.gob.ar\/wp-content\/uploads\/2024\/07\/JUNTA-6.jpg 1600w\" sizes=\"auto, (max-width: 1024px) 100vw, 1024px\" \/><\/figure>\n\n\n\n<figure class=\"wp-block-image size-large\"><img loading=\"lazy\" decoding=\"async\" width=\"1024\" height=\"768\" data-id=\"1059\" src=\"https:\/\/prensa.sma.gob.ar\/wp-content\/uploads\/2024\/07\/JUNTA-5-1024x768.jpg\" alt=\"\" class=\"wp-image-1059\" srcset=\"https:\/\/prensa.sma.gob.ar\/wp-content\/uploads\/2024\/07\/JUNTA-5-1024x768.jpg 1024w, https:\/\/prensa.sma.gob.ar\/wp-content\/uploads\/2024\/07\/JUNTA-5-300x225.jpg 300w, https:\/\/prensa.sma.gob.ar\/wp-content\/uploads\/2024\/07\/JUNTA-5-768x576.jpg 768w, https:\/\/prensa.sma.gob.ar\/wp-content\/uploads\/2024\/07\/JUNTA-5-1536x1152.jpg 1536w, https:\/\/prensa.sma.gob.ar\/wp-content\/uploads\/2024\/07\/JUNTA-5-560x420.jpg 560w, https:\/\/prensa.sma.gob.ar\/wp-content\/uploads\/2024\/07\/JUNTA-5-80x60.jpg 80w, https:\/\/prensa.sma.gob.ar\/wp-content\/uploads\/2024\/07\/JUNTA-5-696x522.jpg 696w, https:\/\/prensa.sma.gob.ar\/wp-content\/uploads\/2024\/07\/JUNTA-5-1068x801.jpg 1068w, https:\/\/prensa.sma.gob.ar\/wp-content\/uploads\/2024\/07\/JUNTA-5.jpg 1600w\" sizes=\"auto, (max-width: 1024px) 100vw, 1024px\" \/><\/figure>\n\n\n\n<figure class=\"wp-block-image size-large\"><img loading=\"lazy\" decoding=\"async\" width=\"1024\" height=\"768\" data-id=\"1058\" src=\"https:\/\/prensa.sma.gob.ar\/wp-content\/uploads\/2024\/07\/JUNTA-4-1024x768.jpg\" alt=\"\" class=\"wp-image-1058\" srcset=\"https:\/\/prensa.sma.gob.ar\/wp-content\/uploads\/2024\/07\/JUNTA-4-1024x768.jpg 1024w, https:\/\/prensa.sma.gob.ar\/wp-content\/uploads\/2024\/07\/JUNTA-4-300x225.jpg 300w, https:\/\/prensa.sma.gob.ar\/wp-content\/uploads\/2024\/07\/JUNTA-4-768x576.jpg 768w, https:\/\/prensa.sma.gob.ar\/wp-content\/uploads\/2024\/07\/JUNTA-4-1536x1152.jpg 1536w, https:\/\/prensa.sma.gob.ar\/wp-content\/uploads\/2024\/07\/JUNTA-4-560x420.jpg 560w, https:\/\/prensa.sma.gob.ar\/wp-content\/uploads\/2024\/07\/JUNTA-4-80x60.jpg 80w, https:\/\/prensa.sma.gob.ar\/wp-content\/uploads\/2024\/07\/JUNTA-4-696x522.jpg 696w, https:\/\/prensa.sma.gob.ar\/wp-content\/uploads\/2024\/07\/JUNTA-4-1068x801.jpg 1068w, https:\/\/prensa.sma.gob.ar\/wp-content\/uploads\/2024\/07\/JUNTA-4.jpg 1600w\" sizes=\"auto, (max-width: 1024px) 100vw, 1024px\" \/><\/figure>\n<\/figure>\n\n\n\n<p>La elecci\u00f3n, que tuvo una participaci\u00f3n del 21 % del padr\u00f3n vecinal, fue fiscalizada por Virginia Ahumada y Claudia L\u00f3pez vecinas del barrio; Laura Baroni y Ra\u00fal Vargas, del Consejo de Juntas Vecinales, y Lorena Gonz\u00e1lez, trabajadora del \u00e1rea.<\/p>\n\n\n\n<p>El encuentro estuvo presidido por la subsecretaria de Juntas Vecinales, Irina Allegri, y cont\u00f3 adem\u00e1s con el acompa\u00f1amiento del secretario de Gobierno, Federico Vita. Funcionarios, vecinas y vecinos celebraron la participaci\u00f3n y organizaci\u00f3n de este importante acto democr\u00e1tico para la comunidad.<\/p>\n","protected":false},"excerpt":{"rendered":"<p>La comunidad de Vega Maip\u00fa y Nahuilen ya tiene la nueva comisi\u00f3n que representar\u00e1 a los barrios por los pr\u00f3ximos dos a\u00f1os, luego de las elecciones vecinales de este domingo, promovidas y organizadas por la Subsecretaria de Juntas Vecinales San Mart\u00edn de los Andes. La flamante comisi\u00f3n est\u00e1 integrada por Alejandro Mansilla, Pablo Vali\u00f1a, Lorena [&hellip;]<\/p>\n","protected":false},"author":2,"featured_media":1057,"comment_status":"closed","ping_status":"open","sticky":false,"template":"","format":"standard","meta":{"footnotes":""},"categories":[16,11,14],"tags":[],"class_list":{"0":"post-1054","1":"post","2":"type-post","3":"status-publish","4":"format-standard","5":"has-post-thumbnail","7":"category-destacadas","8":"category-gobierno","9":"category-noticias"},"_links":{"self":[{"href":"https:\/\/prensa.sma.gob.ar\/index.php?rest_route=\/wp\/v2\/posts\/1054","targetHints":{"allow":["GET"]}}],"collection":[{"href":"https:\/\/prensa.sma.gob.ar\/index.php?rest_route=\/wp\/v2\/posts"}],"about":[{"href":"https:\/\/prensa.sma.gob.ar\/index.php?rest_route=\/wp\/v2\/types\/post"}],"author":[{"embeddable":true,"href":"https:\/\/prensa.sma.gob.ar\/index.php?rest_route=\/wp\/v2\/users\/2"}],"replies":[{"embeddable":true,"href":"https:\/\/prensa.sma.gob.ar\/index.php?rest_route=%2Fwp%2Fv2%2Fcomments&post=1054"}],"version-history":[{"count":1,"href":"https:\/\/prensa.sma.gob.ar\/index.php?rest_route=\/wp\/v2\/posts\/1054\/revisions"}],"predecessor-version":[{"id":1061,"href":"https:\/\/prensa.sma.gob.ar\/index.php?rest_route=\/wp\/v2\/posts\/1054\/revisions\/1061"}],"wp:featuredmedia":[{"embeddable":true,"href":"https:\/\/prensa.sma.gob.ar\/index.php?rest_route=\/wp\/v2\/media\/1057"}],"wp:attachment":[{"href":"https:\/\/prensa.sma.gob.ar\/index.php?rest_route=%2Fwp%2Fv2%2Fmedia&parent=1054"}],"wp:term":[{"taxonomy":"category","embeddable":true,"href":"https:\/\/prensa.sma.gob.ar\/index.php?rest_route=%2Fwp%2Fv2%2Fcategories&post=1054"},{"taxonomy":"post_tag","embeddable":true,"href":"https:\/\/prensa.sma.gob.ar\/index.php?rest_route=%2Fwp%2Fv2%2Ftags&post=1054"}],"curies":[{"name":"wp","href":"https:\/\/api.w.org\/{rel}","templated":true}]}}