{"id":1062,"date":"2024-07-15T13:04:20","date_gmt":"2024-07-15T13:04:20","guid":{"rendered":"https:\/\/prensa.sma.gob.ar\/?p=1062"},"modified":"2024-07-15T13:04:21","modified_gmt":"2024-07-15T13:04:21","slug":"el-estacionamiento-medido-estara-operativo-en-septiembre-proximo","status":"publish","type":"post","link":"https:\/\/prensa.sma.gob.ar\/?p=1062","title":{"rendered":"El Estacionamiento Medido estar\u00e1 operativo en septiembre pr\u00f3ximo"},"content":{"rendered":"\n<p>La empresa neuquina SAEM (Sistema Autom\u00e1tico de Estacionamiento Medido) inform\u00f3 que en la segunda quincena de septiembre estar\u00e1 operativo el procedimiento en San Mart\u00edn de los Andes, cumpliendo el plazo de 85 d\u00edas que estipula a partir de la firma del contrato.<\/p>\n\n\n\n<p>Durante este mes de julio, la empresa avanza con el desarrollo y pruebas de las plataformas inform\u00e1ticas y la b\u00fasqueda y capacitaci\u00f3n del personal. A m\u00e1s tardar en los primeros d\u00edas de agosto, la empresa comenzar\u00e1 a delinear los boxes (espacios donde se ubicar\u00e1n los veh\u00edculos) y a instalar la se\u00f1al\u00e9tica horizontal y vertical. <\/p>\n\n\n\n<p>SAEM inform\u00f3 tambi\u00e9n que, previo a la puesta en marcha del sistema, realizar\u00e1 una campa\u00f1a de difusi\u00f3n sobre el funcionamiento del sistema, sus diferentes modalidades y costos. Tambi\u00e9n se activar\u00e1n contactos con instituciones hoteleras y gastron\u00f3micas para explicar detalles operativos.<\/p>\n\n\n\n<p>La empresa se\u00f1al\u00f3 que todos los pasos previos a la implementaci\u00f3n -al igual que suceder\u00e1 luego de su puesta en marcha- se realizar\u00e1 en coordinaci\u00f3n con diferentes instancias del Municipio de San Mart\u00edn de los Andes.<\/p>\n","protected":false},"excerpt":{"rendered":"<p>La empresa neuquina SAEM (Sistema Autom\u00e1tico de Estacionamiento Medido) inform\u00f3 que en la segunda quincena de septiembre estar\u00e1 operativo el procedimiento en San Mart\u00edn de los Andes, cumpliendo el plazo de 85 d\u00edas que estipula a partir de la firma del contrato. Durante este mes de julio, la empresa avanza con el desarrollo y pruebas [&hellip;]<\/p>\n","protected":false},"author":1,"featured_media":1063,"comment_status":"closed","ping_status":"open","sticky":false,"template":"","format":"standard","meta":{"footnotes":""},"categories":[16,8,14],"tags":[],"class_list":{"0":"post-1062","1":"post","2":"type-post","3":"status-publish","4":"format-standard","5":"has-post-thumbnail","7":"category-destacadas","8":"category-economia","9":"category-noticias"},"_links":{"self":[{"href":"https:\/\/prensa.sma.gob.ar\/index.php?rest_route=\/wp\/v2\/posts\/1062","targetHints":{"allow":["GET"]}}],"collection":[{"href":"https:\/\/prensa.sma.gob.ar\/index.php?rest_route=\/wp\/v2\/posts"}],"about":[{"href":"https:\/\/prensa.sma.gob.ar\/index.php?rest_route=\/wp\/v2\/types\/post"}],"author":[{"embeddable":true,"href":"https:\/\/prensa.sma.gob.ar\/index.php?rest_route=\/wp\/v2\/users\/1"}],"replies":[{"embeddable":true,"href":"https:\/\/prensa.sma.gob.ar\/index.php?rest_route=%2Fwp%2Fv2%2Fcomments&post=1062"}],"version-history":[{"count":1,"href":"https:\/\/prensa.sma.gob.ar\/index.php?rest_route=\/wp\/v2\/posts\/1062\/revisions"}],"predecessor-version":[{"id":1064,"href":"https:\/\/prensa.sma.gob.ar\/index.php?rest_route=\/wp\/v2\/posts\/1062\/revisions\/1064"}],"wp:featuredmedia":[{"embeddable":true,"href":"https:\/\/prensa.sma.gob.ar\/index.php?rest_route=\/wp\/v2\/media\/1063"}],"wp:attachment":[{"href":"https:\/\/prensa.sma.gob.ar\/index.php?rest_route=%2Fwp%2Fv2%2Fmedia&parent=1062"}],"wp:term":[{"taxonomy":"category","embeddable":true,"href":"https:\/\/prensa.sma.gob.ar\/index.php?rest_route=%2Fwp%2Fv2%2Fcategories&post=1062"},{"taxonomy":"post_tag","embeddable":true,"href":"https:\/\/prensa.sma.gob.ar\/index.php?rest_route=%2Fwp%2Fv2%2Ftags&post=1062"}],"curies":[{"name":"wp","href":"https:\/\/api.w.org\/{rel}","templated":true}]}}