{"id":1069,"date":"2024-07-16T11:20:19","date_gmt":"2024-07-16T11:20:19","guid":{"rendered":"https:\/\/prensa.sma.gob.ar\/?p=1069"},"modified":"2024-07-18T11:54:54","modified_gmt":"2024-07-18T11:54:54","slug":"varios-temas-en-agenda-en-las-reuniones-de-jornada-de-juntas-vecinales-con-el-municipio","status":"publish","type":"post","link":"https:\/\/prensa.sma.gob.ar\/?p=1069","title":{"rendered":"Varios temas en agenda tras las reuniones de juntas vecinales con el municipio"},"content":{"rendered":"\n<p>La Subsecretar\u00eda de Juntas Vecinales San Mart\u00edn de los Andes recibi\u00f3 a representantes de comisiones barriales, en la primera de las dos jornadas de atenci\u00f3n que esta \u00e1rea municipal realiza en la Delegaci\u00f3n de Cordones del Chapelco.<\/p>\n\n\n\n<p>Durante la reuni\u00f3n se plante\u00f3 trabajar en asuntos comunes como los recorridos del transporte urbano, la instalaci\u00f3n de garitas, el cronograma de recolecci\u00f3n de residuos, espacios verdes, iluminaci\u00f3n, acequias, apeo de \u00e1rboles de gran porte, entre otros temas.<\/p>\n\n\n\n<p>Los representantes de las comisiones barriales entregaron a la Subsecretar\u00eda de Juntas Vecinales documentaci\u00f3n sobre el avance de los tr\u00e1mites planteados y documentaci\u00f3n referida al funcionamiento de las Comisiones Vecinales.<\/p>\n\n\n\n<p>Del encuentro, realizado el lunes y martes de esta semana, participaron representantes las Juntas Vecinales de Chacra 28; Zona 1 de Cordones del Chapelco (compuesta por los barrios Las Nalcas, Pinar del Sol y Balc\u00f3n de la Vega; 63 Viviendas; Callejones y Los Robles.<\/p>\n\n\n\n<p>Fueron recibidos por la subsecretaria de Juntas Vecinales, Irina Allegri, y la jefa del \u00c1rea, Lorena Gonz\u00e1lez, en el sector donde se encuentra Radio Municipal.<\/p>\n\n\n\n<p>Durante el encuentro, Allegri destac\u00f3 la necesidad de que los temas de la comunidad que plantean las Juntas Vecinales puedan ser abordados de manera conjunta con todas las \u00e1reas del Municipio.<\/p>\n\n\n\n<p>En ese sentido, mencion\u00f3 la importancia de que llegue a las vecinas y vecinos la informaci\u00f3n, comunicaci\u00f3n y participaci\u00f3n conjunta en la toma de decisiones y prioridades de todo lo planteado, como forma de revalorizar el rol participativo de las vecinas y vecinos.<\/p>\n","protected":false},"excerpt":{"rendered":"<p>La Subsecretar\u00eda de Juntas Vecinales San Mart\u00edn de los Andes recibi\u00f3 a representantes de comisiones barriales, en la primera de las dos jornadas de atenci\u00f3n que esta \u00e1rea municipal realiza en la Delegaci\u00f3n de Cordones del Chapelco. Durante la reuni\u00f3n se plante\u00f3 trabajar en asuntos comunes como los recorridos del transporte urbano, la instalaci\u00f3n de [&hellip;]<\/p>\n","protected":false},"author":1,"featured_media":1070,"comment_status":"closed","ping_status":"open","sticky":false,"template":"","format":"standard","meta":{"footnotes":""},"categories":[16,11,14],"tags":[],"class_list":{"0":"post-1069","1":"post","2":"type-post","3":"status-publish","4":"format-standard","5":"has-post-thumbnail","7":"category-destacadas","8":"category-gobierno","9":"category-noticias"},"_links":{"self":[{"href":"https:\/\/prensa.sma.gob.ar\/index.php?rest_route=\/wp\/v2\/posts\/1069","targetHints":{"allow":["GET"]}}],"collection":[{"href":"https:\/\/prensa.sma.gob.ar\/index.php?rest_route=\/wp\/v2\/posts"}],"about":[{"href":"https:\/\/prensa.sma.gob.ar\/index.php?rest_route=\/wp\/v2\/types\/post"}],"author":[{"embeddable":true,"href":"https:\/\/prensa.sma.gob.ar\/index.php?rest_route=\/wp\/v2\/users\/1"}],"replies":[{"embeddable":true,"href":"https:\/\/prensa.sma.gob.ar\/index.php?rest_route=%2Fwp%2Fv2%2Fcomments&post=1069"}],"version-history":[{"count":3,"href":"https:\/\/prensa.sma.gob.ar\/index.php?rest_route=\/wp\/v2\/posts\/1069\/revisions"}],"predecessor-version":[{"id":1078,"href":"https:\/\/prensa.sma.gob.ar\/index.php?rest_route=\/wp\/v2\/posts\/1069\/revisions\/1078"}],"wp:featuredmedia":[{"embeddable":true,"href":"https:\/\/prensa.sma.gob.ar\/index.php?rest_route=\/wp\/v2\/media\/1070"}],"wp:attachment":[{"href":"https:\/\/prensa.sma.gob.ar\/index.php?rest_route=%2Fwp%2Fv2%2Fmedia&parent=1069"}],"wp:term":[{"taxonomy":"category","embeddable":true,"href":"https:\/\/prensa.sma.gob.ar\/index.php?rest_route=%2Fwp%2Fv2%2Fcategories&post=1069"},{"taxonomy":"post_tag","embeddable":true,"href":"https:\/\/prensa.sma.gob.ar\/index.php?rest_route=%2Fwp%2Fv2%2Ftags&post=1069"}],"curies":[{"name":"wp","href":"https:\/\/api.w.org\/{rel}","templated":true}]}}