{"id":1073,"date":"2024-07-16T16:56:43","date_gmt":"2024-07-16T16:56:43","guid":{"rendered":"https:\/\/prensa.sma.gob.ar\/?p=1073"},"modified":"2024-07-16T16:56:44","modified_gmt":"2024-07-16T16:56:44","slug":"el-puente-de-los-cipreses-esta-siendo-reconstruido","status":"publish","type":"post","link":"https:\/\/prensa.sma.gob.ar\/?p=1073","title":{"rendered":"El puente de Los Cipreses est\u00e1 siendo reconstruido"},"content":{"rendered":"\n<p>La Secretar\u00eda de Obras P\u00fablicas inform\u00f3 que, como resultado del desarme de la estructura del puente de la calle Los Cipreses, se detect\u00f3 que el paso vehicular deber\u00e1 ser reconstruido para garantizar la seguridad en la circulaci\u00f3n de veh\u00edculos y personas.<\/p>\n\n\n\n<p>Durante las tareas de desarme de la cubierta del puente y al momento de revisar los apoyos, los t\u00e9cnicos verificaron que las vigas de acero estaban apoyadas sobre rollizos de gran porte de roble pell\u00edn, la manera con la que se constru\u00eda antiguamente en la regi\u00f3n.<\/p>\n\n\n\n<p>Por esta raz\u00f3n se decidi\u00f3 extraer los rollizos con motosierra para ejecutar los nuevos apoyos de Hormig\u00f3n armado, previo apuntalamiento de las vigas de acero. Adem\u00e1s, los trabajos incluir\u00e1n el agregado de un paso peatonal, de 1,50 metros de ancho, independiente de la estructura del puente.<\/p>\n\n\n\n<p>Obras P\u00fablicas estima que este mi\u00e9rcoles comenzar\u00e1n los trabajos con hormig\u00f3n en las cabeceras y, luego, se terminar\u00e1n las tareas ya previstas de recambio de tirantes de 4&#8243;x 10&#8243; y carpeta de rodamiento de Hormig\u00f3n con la pasarela.<\/p>\n\n\n\n<p>La Secretar\u00eda tambi\u00e9n inform\u00f3 que, una vez hormigonadas las cabeceras, es necesario dejar pasar 20 d\u00edas antes de habilitar el puente para la circulaci\u00f3n. Se estima que el paso ser\u00e1 reabierto durante la primera semana de agosto.<\/p>\n\n\n\n<p>Este puente fue construido hace m\u00e1s de 35 a\u00f1os, cuando se instalaron sobre Los Cipreses las primeras viviendas. El paso vehicular, que al principio era s\u00f3lo para los vecinos, con el tiempo se increment\u00f3 y actualmente registra un alto tr\u00e1nsito en la zona<\/p>\n","protected":false},"excerpt":{"rendered":"<p>La Secretar\u00eda de Obras P\u00fablicas inform\u00f3 que, como resultado del desarme de la estructura del puente de la calle Los Cipreses, se detect\u00f3 que el paso vehicular deber\u00e1 ser reconstruido para garantizar la seguridad en la circulaci\u00f3n de veh\u00edculos y personas. Durante las tareas de desarme de la cubierta del puente y al momento de [&hellip;]<\/p>\n","protected":false},"author":1,"featured_media":1074,"comment_status":"closed","ping_status":"open","sticky":false,"template":"","format":"standard","meta":{"footnotes":""},"categories":[16,14,19],"tags":[],"class_list":{"0":"post-1073","1":"post","2":"type-post","3":"status-publish","4":"format-standard","5":"has-post-thumbnail","7":"category-destacadas","8":"category-noticias","9":"category-obras-y-servicios-publicos"},"_links":{"self":[{"href":"https:\/\/prensa.sma.gob.ar\/index.php?rest_route=\/wp\/v2\/posts\/1073","targetHints":{"allow":["GET"]}}],"collection":[{"href":"https:\/\/prensa.sma.gob.ar\/index.php?rest_route=\/wp\/v2\/posts"}],"about":[{"href":"https:\/\/prensa.sma.gob.ar\/index.php?rest_route=\/wp\/v2\/types\/post"}],"author":[{"embeddable":true,"href":"https:\/\/prensa.sma.gob.ar\/index.php?rest_route=\/wp\/v2\/users\/1"}],"replies":[{"embeddable":true,"href":"https:\/\/prensa.sma.gob.ar\/index.php?rest_route=%2Fwp%2Fv2%2Fcomments&post=1073"}],"version-history":[{"count":1,"href":"https:\/\/prensa.sma.gob.ar\/index.php?rest_route=\/wp\/v2\/posts\/1073\/revisions"}],"predecessor-version":[{"id":1075,"href":"https:\/\/prensa.sma.gob.ar\/index.php?rest_route=\/wp\/v2\/posts\/1073\/revisions\/1075"}],"wp:featuredmedia":[{"embeddable":true,"href":"https:\/\/prensa.sma.gob.ar\/index.php?rest_route=\/wp\/v2\/media\/1074"}],"wp:attachment":[{"href":"https:\/\/prensa.sma.gob.ar\/index.php?rest_route=%2Fwp%2Fv2%2Fmedia&parent=1073"}],"wp:term":[{"taxonomy":"category","embeddable":true,"href":"https:\/\/prensa.sma.gob.ar\/index.php?rest_route=%2Fwp%2Fv2%2Fcategories&post=1073"},{"taxonomy":"post_tag","embeddable":true,"href":"https:\/\/prensa.sma.gob.ar\/index.php?rest_route=%2Fwp%2Fv2%2Ftags&post=1073"}],"curies":[{"name":"wp","href":"https:\/\/api.w.org\/{rel}","templated":true}]}}