{"id":1079,"date":"2024-07-18T12:01:17","date_gmt":"2024-07-18T12:01:17","guid":{"rendered":"https:\/\/prensa.sma.gob.ar\/?p=1079"},"modified":"2024-07-18T12:01:19","modified_gmt":"2024-07-18T12:01:19","slug":"sabado-y-domingo-llega-tienda-de-sabores-a-san-martin-de-los-andes","status":"publish","type":"post","link":"https:\/\/prensa.sma.gob.ar\/?p=1079","title":{"rendered":"S\u00e1bado y domingo llega \u00abTienda de Sabores\u00bb a San Mart\u00edn de los Andes."},"content":{"rendered":"\n<p>Entre las 16 y las 21, en el Hotel Le Village, se podr\u00e1 degustar y adquirir las bebidas y los alimentos m\u00e1s destacados de productores de la provincia de Neuqu\u00e9n.<\/p>\n\n\n\n<p>Participar\u00e1n m\u00e1s de 30 elaboradores de la Regi\u00f3n Sur y de otros puntos de la provincia. Tambi\u00e9n habr\u00e1 un espacio para los m\u00e1s chicos, una estaci\u00f3n de realidad virtual y charlas.<\/p>\n\n\n\n<p>El objetivo del ciclo \u201cTiendas de Sabores\u201d, cuya primera edici\u00f3n se realiz\u00f3 en la ciudad de Neuqu\u00e9n, es promocionar y alentar el consumo de productos locales en un mismo \u00e1mbito, que contar\u00e1 con una gran variedad de alimentos y bebidas.<\/p>\n\n\n\n<p>La actividad es organizada a trav\u00e9s del Centro PyME-ADENEU y de la Secretar\u00eda de Producci\u00f3n e Industria, dependientes del Ministerio de Econom\u00eda, Producci\u00f3n e Industria de la provincia de Neuqu\u00e9n. Cuenta con el apoyo de la municipalidad de San Mart\u00edn de los Andes.<\/p>\n\n\n\n<figure class=\"wp-block-gallery has-nested-images columns-default is-cropped wp-block-gallery-1 is-layout-flex wp-block-gallery-is-layout-flex\">\n<figure class=\"wp-block-image size-large\"><img loading=\"lazy\" decoding=\"async\" width=\"1024\" height=\"577\" data-id=\"1083\" src=\"https:\/\/prensa.sma.gob.ar\/wp-content\/uploads\/2024\/07\/WhatsApp-Image-2024-07-16-at-07.56.323-copia-1024x577.jpeg\" alt=\"\" class=\"wp-image-1083\" srcset=\"https:\/\/prensa.sma.gob.ar\/wp-content\/uploads\/2024\/07\/WhatsApp-Image-2024-07-16-at-07.56.323-copia-1024x577.jpeg 1024w, https:\/\/prensa.sma.gob.ar\/wp-content\/uploads\/2024\/07\/WhatsApp-Image-2024-07-16-at-07.56.323-copia-300x169.jpeg 300w, https:\/\/prensa.sma.gob.ar\/wp-content\/uploads\/2024\/07\/WhatsApp-Image-2024-07-16-at-07.56.323-copia-768x432.jpeg 768w, https:\/\/prensa.sma.gob.ar\/wp-content\/uploads\/2024\/07\/WhatsApp-Image-2024-07-16-at-07.56.323-copia-1536x865.jpeg 1536w, https:\/\/prensa.sma.gob.ar\/wp-content\/uploads\/2024\/07\/WhatsApp-Image-2024-07-16-at-07.56.323-copia-746x420.jpeg 746w, https:\/\/prensa.sma.gob.ar\/wp-content\/uploads\/2024\/07\/WhatsApp-Image-2024-07-16-at-07.56.323-copia-696x392.jpeg 696w, https:\/\/prensa.sma.gob.ar\/wp-content\/uploads\/2024\/07\/WhatsApp-Image-2024-07-16-at-07.56.323-copia-1068x601.jpeg 1068w, https:\/\/prensa.sma.gob.ar\/wp-content\/uploads\/2024\/07\/WhatsApp-Image-2024-07-16-at-07.56.323-copia.jpeg 1600w\" sizes=\"auto, (max-width: 1024px) 100vw, 1024px\" \/><\/figure>\n\n\n\n<figure class=\"wp-block-image size-large\"><img loading=\"lazy\" decoding=\"async\" width=\"1024\" height=\"577\" data-id=\"1082\" src=\"https:\/\/prensa.sma.gob.ar\/wp-content\/uploads\/2024\/07\/WhatsApp-Image-2024-07-16-at-07.56.324-copia-1024x577.jpeg\" alt=\"\" class=\"wp-image-1082\" srcset=\"https:\/\/prensa.sma.gob.ar\/wp-content\/uploads\/2024\/07\/WhatsApp-Image-2024-07-16-at-07.56.324-copia-1024x577.jpeg 1024w, https:\/\/prensa.sma.gob.ar\/wp-content\/uploads\/2024\/07\/WhatsApp-Image-2024-07-16-at-07.56.324-copia-300x169.jpeg 300w, https:\/\/prensa.sma.gob.ar\/wp-content\/uploads\/2024\/07\/WhatsApp-Image-2024-07-16-at-07.56.324-copia-768x432.jpeg 768w, https:\/\/prensa.sma.gob.ar\/wp-content\/uploads\/2024\/07\/WhatsApp-Image-2024-07-16-at-07.56.324-copia-1536x865.jpeg 1536w, https:\/\/prensa.sma.gob.ar\/wp-content\/uploads\/2024\/07\/WhatsApp-Image-2024-07-16-at-07.56.324-copia-746x420.jpeg 746w, https:\/\/prensa.sma.gob.ar\/wp-content\/uploads\/2024\/07\/WhatsApp-Image-2024-07-16-at-07.56.324-copia-696x392.jpeg 696w, https:\/\/prensa.sma.gob.ar\/wp-content\/uploads\/2024\/07\/WhatsApp-Image-2024-07-16-at-07.56.324-copia-1068x601.jpeg 1068w, https:\/\/prensa.sma.gob.ar\/wp-content\/uploads\/2024\/07\/WhatsApp-Image-2024-07-16-at-07.56.324-copia.jpeg 1600w\" sizes=\"auto, (max-width: 1024px) 100vw, 1024px\" \/><\/figure>\n\n\n\n<figure class=\"wp-block-image size-large\"><img loading=\"lazy\" decoding=\"async\" width=\"1024\" height=\"577\" data-id=\"1080\" src=\"https:\/\/prensa.sma.gob.ar\/wp-content\/uploads\/2024\/07\/WhatsApp-Image-2024-07-16-at-07.56.325-copia-1024x577.jpeg\" alt=\"\" class=\"wp-image-1080\" srcset=\"https:\/\/prensa.sma.gob.ar\/wp-content\/uploads\/2024\/07\/WhatsApp-Image-2024-07-16-at-07.56.325-copia-1024x577.jpeg 1024w, https:\/\/prensa.sma.gob.ar\/wp-content\/uploads\/2024\/07\/WhatsApp-Image-2024-07-16-at-07.56.325-copia-300x169.jpeg 300w, https:\/\/prensa.sma.gob.ar\/wp-content\/uploads\/2024\/07\/WhatsApp-Image-2024-07-16-at-07.56.325-copia-768x432.jpeg 768w, https:\/\/prensa.sma.gob.ar\/wp-content\/uploads\/2024\/07\/WhatsApp-Image-2024-07-16-at-07.56.325-copia-1536x865.jpeg 1536w, https:\/\/prensa.sma.gob.ar\/wp-content\/uploads\/2024\/07\/WhatsApp-Image-2024-07-16-at-07.56.325-copia-746x420.jpeg 746w, https:\/\/prensa.sma.gob.ar\/wp-content\/uploads\/2024\/07\/WhatsApp-Image-2024-07-16-at-07.56.325-copia-696x392.jpeg 696w, https:\/\/prensa.sma.gob.ar\/wp-content\/uploads\/2024\/07\/WhatsApp-Image-2024-07-16-at-07.56.325-copia-1068x601.jpeg 1068w, https:\/\/prensa.sma.gob.ar\/wp-content\/uploads\/2024\/07\/WhatsApp-Image-2024-07-16-at-07.56.325-copia.jpeg 1600w\" sizes=\"auto, (max-width: 1024px) 100vw, 1024px\" \/><\/figure>\n<\/figure>\n\n\n\n<p>Los visitantes podr\u00e1n degustar y adquirir t\u00e9, chocolate, quesos, aceite de oliva, vinos artesanales, gin, alfajores, frutos secos, miel, garrapi\u00f1adas, mostazas y aderezos, dulces, licores, cerveza y gin.<\/p>\n\n\n\n<p>Adem\u00e1s de la venta de alimentos y bebidas, dispondr\u00e1 de un espacio de entretenimiento para los m\u00e1s chicos y una estaci\u00f3n de realidad virtual donde ser\u00e1 posible conocer distintos procesos productivos como la elaboraci\u00f3n de miel y hongos comestibles, entre otros atractivos.<\/p>\n\n\n\n<p>Tambi\u00e9n habr\u00e1 charlas donde algunos de los elaboradores que participan de la feria dar\u00e1n a conocer la historia de su emprendimiento, ofrecer\u00e1n degustaciones y comentar\u00e1n sobre las propiedades nutricionales que aportan algunos alimentos.<\/p>\n","protected":false},"excerpt":{"rendered":"<p>Entre las 16 y las 21, en el Hotel Le Village, se podr\u00e1 degustar y adquirir las bebidas y los alimentos m\u00e1s destacados de productores de la provincia de Neuqu\u00e9n. Participar\u00e1n m\u00e1s de 30 elaboradores de la Regi\u00f3n Sur y de otros puntos de la provincia. Tambi\u00e9n habr\u00e1 un espacio para los m\u00e1s chicos, una [&hellip;]<\/p>\n","protected":false},"author":2,"featured_media":1084,"comment_status":"closed","ping_status":"open","sticky":false,"template":"","format":"standard","meta":{"footnotes":""},"categories":[16,14,17,31],"tags":[],"class_list":{"0":"post-1079","1":"post","2":"type-post","3":"status-publish","4":"format-standard","5":"has-post-thumbnail","7":"category-destacadas","8":"category-noticias","9":"category-portada","10":"category-produccion"},"_links":{"self":[{"href":"https:\/\/prensa.sma.gob.ar\/index.php?rest_route=\/wp\/v2\/posts\/1079","targetHints":{"allow":["GET"]}}],"collection":[{"href":"https:\/\/prensa.sma.gob.ar\/index.php?rest_route=\/wp\/v2\/posts"}],"about":[{"href":"https:\/\/prensa.sma.gob.ar\/index.php?rest_route=\/wp\/v2\/types\/post"}],"author":[{"embeddable":true,"href":"https:\/\/prensa.sma.gob.ar\/index.php?rest_route=\/wp\/v2\/users\/2"}],"replies":[{"embeddable":true,"href":"https:\/\/prensa.sma.gob.ar\/index.php?rest_route=%2Fwp%2Fv2%2Fcomments&post=1079"}],"version-history":[{"count":1,"href":"https:\/\/prensa.sma.gob.ar\/index.php?rest_route=\/wp\/v2\/posts\/1079\/revisions"}],"predecessor-version":[{"id":1086,"href":"https:\/\/prensa.sma.gob.ar\/index.php?rest_route=\/wp\/v2\/posts\/1079\/revisions\/1086"}],"wp:featuredmedia":[{"embeddable":true,"href":"https:\/\/prensa.sma.gob.ar\/index.php?rest_route=\/wp\/v2\/media\/1084"}],"wp:attachment":[{"href":"https:\/\/prensa.sma.gob.ar\/index.php?rest_route=%2Fwp%2Fv2%2Fmedia&parent=1079"}],"wp:term":[{"taxonomy":"category","embeddable":true,"href":"https:\/\/prensa.sma.gob.ar\/index.php?rest_route=%2Fwp%2Fv2%2Fcategories&post=1079"},{"taxonomy":"post_tag","embeddable":true,"href":"https:\/\/prensa.sma.gob.ar\/index.php?rest_route=%2Fwp%2Fv2%2Ftags&post=1079"}],"curies":[{"name":"wp","href":"https:\/\/api.w.org\/{rel}","templated":true}]}}