{"id":10813,"date":"2025-11-04T12:16:16","date_gmt":"2025-11-04T12:16:16","guid":{"rendered":"https:\/\/prensa.sma.gob.ar\/?p=10813"},"modified":"2025-11-04T12:16:17","modified_gmt":"2025-11-04T12:16:17","slug":"revalida-de-guardavidas-para-la-temporada-2025-2026","status":"publish","type":"post","link":"https:\/\/prensa.sma.gob.ar\/?p=10813","title":{"rendered":"Rev\u00e1lida de guardavidas para la temporada 2025\/2026"},"content":{"rendered":"\n<p>El Municipio de San Mart\u00edn de los Andes, a trav\u00e9s de la Subsecretar\u00eda de Deportes, informa que el pr\u00f3ximo s\u00e1bado 8 de noviembre se realizar\u00e1 la Rev\u00e1lida de Guardavidas correspondiente a la pr\u00f3xima temporada estival.<\/p>\n\n\n\n<p>Cronograma de actividades:<\/p>\n\n\n\n<p>Taller de RCP: desde las 9:00 hs, en la Escuela N.\u00ba 5.<\/p>\n\n\n\n<p>Prueba pr\u00e1ctica: desde las 18:30 hs, en la Pileta Nadar.<\/p>\n\n\n\n<p>Los interesados deber\u00e1n presentarse con el DNI, libreta de guardavidas y certificado de buena salud (emitido con una antig\u00fcedad no mayor a 30 d\u00edas), donde conste que se encuentran \u201captos para realizar actividades acu\u00e1ticas\u201d.<\/p>\n\n\n\n<p>Importante: la rev\u00e1lida est\u00e1 abierta a todo el p\u00fablico en general que desee realizarla. La participaci\u00f3n no implica la contrataci\u00f3n por parte de la Municipalidad.<\/p>\n\n\n\n<p>Consultas: Departamento de Personal &#8211; WhatsApp: +54 9 297 253 2561<\/p>\n","protected":false},"excerpt":{"rendered":"<p>El Municipio de San Mart\u00edn de los Andes, a trav\u00e9s de la Subsecretar\u00eda de Deportes, informa que el pr\u00f3ximo s\u00e1bado 8 de noviembre se realizar\u00e1 la Rev\u00e1lida de Guardavidas correspondiente a la pr\u00f3xima temporada estival. Cronograma de actividades: Taller de RCP: desde las 9:00 hs, en la Escuela N.\u00ba 5. Prueba pr\u00e1ctica: desde las 18:30 [&hellip;]<\/p>\n","protected":false},"author":2,"featured_media":10814,"comment_status":"closed","ping_status":"open","sticky":false,"template":"","format":"standard","meta":{"footnotes":""},"categories":[11,14],"tags":[],"class_list":{"0":"post-10813","1":"post","2":"type-post","3":"status-publish","4":"format-standard","5":"has-post-thumbnail","7":"category-gobierno","8":"category-noticias"},"_links":{"self":[{"href":"https:\/\/prensa.sma.gob.ar\/index.php?rest_route=\/wp\/v2\/posts\/10813","targetHints":{"allow":["GET"]}}],"collection":[{"href":"https:\/\/prensa.sma.gob.ar\/index.php?rest_route=\/wp\/v2\/posts"}],"about":[{"href":"https:\/\/prensa.sma.gob.ar\/index.php?rest_route=\/wp\/v2\/types\/post"}],"author":[{"embeddable":true,"href":"https:\/\/prensa.sma.gob.ar\/index.php?rest_route=\/wp\/v2\/users\/2"}],"replies":[{"embeddable":true,"href":"https:\/\/prensa.sma.gob.ar\/index.php?rest_route=%2Fwp%2Fv2%2Fcomments&post=10813"}],"version-history":[{"count":1,"href":"https:\/\/prensa.sma.gob.ar\/index.php?rest_route=\/wp\/v2\/posts\/10813\/revisions"}],"predecessor-version":[{"id":10815,"href":"https:\/\/prensa.sma.gob.ar\/index.php?rest_route=\/wp\/v2\/posts\/10813\/revisions\/10815"}],"wp:featuredmedia":[{"embeddable":true,"href":"https:\/\/prensa.sma.gob.ar\/index.php?rest_route=\/wp\/v2\/media\/10814"}],"wp:attachment":[{"href":"https:\/\/prensa.sma.gob.ar\/index.php?rest_route=%2Fwp%2Fv2%2Fmedia&parent=10813"}],"wp:term":[{"taxonomy":"category","embeddable":true,"href":"https:\/\/prensa.sma.gob.ar\/index.php?rest_route=%2Fwp%2Fv2%2Fcategories&post=10813"},{"taxonomy":"post_tag","embeddable":true,"href":"https:\/\/prensa.sma.gob.ar\/index.php?rest_route=%2Fwp%2Fv2%2Ftags&post=10813"}],"curies":[{"name":"wp","href":"https:\/\/api.w.org\/{rel}","templated":true}]}}