{"id":10816,"date":"2025-11-04T12:59:57","date_gmt":"2025-11-04T12:59:57","guid":{"rendered":"https:\/\/prensa.sma.gob.ar\/?p=10816"},"modified":"2025-11-04T13:02:46","modified_gmt":"2025-11-04T13:02:46","slug":"la-division-transito-de-la-policia-cumplio-60-anos-y-agradecio-especialmente-al-municipio","status":"publish","type":"post","link":"https:\/\/prensa.sma.gob.ar\/?p=10816","title":{"rendered":"La Divisi\u00f3n Tr\u00e1nsito de la Polic\u00eda cumpli\u00f3 60 a\u00f1os y agradeci\u00f3 especialmente al Municipio"},"content":{"rendered":"\n<p>La jefa de la Divisi\u00f3n Tr\u00e1nsito San Mart\u00edn de los Andes de la Polic\u00eda de Neuqu\u00e9n, Comisario Silvina Huenuquir, agradeci\u00f3 \u201cespecialmente al Municipio por el trabajo conjunto que desarrollan diferentes \u00e1reas\u201d del Ejecutivo y pidi\u00f3 mantener estos v\u00ednculos, durante el acto por los 60 a\u00f1os de esta dependencia policial.<\/p>\n\n\n\n<p>\u201cMi m\u00e1s sincero agradecimiento al intendente municipal por su acompa\u00f1amiento constante, en particular por la colaboraci\u00f3n de la obra de conexi\u00f3n cloacal recientemente concretada que, no solamente mejora el funcionamiento de la Divisi\u00f3n sino tambi\u00e9n las condiciones laborales de nuestro personal\u201d, afirm\u00f3.<\/p>\n\n\n\n<p>El Municipio estuvo representado por el secretario de Gobierno, Mat\u00edas Consoli, y por el director de Protecci\u00f3n Civil, Sebasti\u00e1n Torcivia, durante el acto que se realiz\u00f3 en la nueva sede de la Divisi\u00f3n Tr\u00e1nsito, ubicada en Chacra 32 sobre la Ruta Nacional 40. Asistieron los m\u00e1ximos jefes polic\u00edas de la zona, personal retirado y familiares, adem\u00e1s de representantes de las fuerzas federales.<\/p>\n\n\n\n<p>\u201cValoramos el trabajo el apoyo de las distintas \u00e1reas del Municipio como Tr\u00e1nsito y Transporte y Protecci\u00f3n Civil y convocamos a Guardas Ambientales a reforzar las acciones conjuntas dentro del ejido urbano para abordar en equipo el tema de los animales sueltos, que requiere coordinaci\u00f3n presencia y compromiso de todas las instituciones\u201d, complet\u00f3 Huenuquir. Tambi\u00e9n agradeci\u00f3 el trabajo conjunto con el Ej\u00e9rcito Argentino y a Parques Nacionales.<\/p>\n\n\n\n<p>Finalmente sostuvo que \u201cestos 60 a\u00f1os de la Divisi\u00f3n Tr\u00e1nsito de San Mart\u00edn de los Andes estuvieron marcados por el compromiso, la vocaci\u00f3n y el servicio p\u00fablico en la prevenci\u00f3n, el ordenamiento y la seguridad vial\u201d. En ese mismo sentido, se\u00f1al\u00f3 que \u201cla seguridad vial es una responsabilidad colectiva y este aniversario nos encuentra m\u00e1s comprometidos que nunca. Sigamos construyendo juntos una ciudad m\u00e1s segura, responsable y consciente\u201d.<\/p>\n\n\n\n<figure class=\"wp-block-gallery has-nested-images columns-default is-cropped wp-block-gallery-1 is-layout-flex wp-block-gallery-is-layout-flex\">\n<figure class=\"wp-block-image size-large\"><img loading=\"lazy\" decoding=\"async\" width=\"1024\" height=\"576\" data-id=\"10819\" src=\"https:\/\/prensa.sma.gob.ar\/wp-content\/uploads\/2025\/11\/WhatsApp-Image-2025-11-03-at-14.11.424-1024x576.jpeg\" alt=\"\" class=\"wp-image-10819\" srcset=\"https:\/\/prensa.sma.gob.ar\/wp-content\/uploads\/2025\/11\/WhatsApp-Image-2025-11-03-at-14.11.424-1024x576.jpeg 1024w, https:\/\/prensa.sma.gob.ar\/wp-content\/uploads\/2025\/11\/WhatsApp-Image-2025-11-03-at-14.11.424-300x169.jpeg 300w, https:\/\/prensa.sma.gob.ar\/wp-content\/uploads\/2025\/11\/WhatsApp-Image-2025-11-03-at-14.11.424-768x432.jpeg 768w, https:\/\/prensa.sma.gob.ar\/wp-content\/uploads\/2025\/11\/WhatsApp-Image-2025-11-03-at-14.11.424-747x420.jpeg 747w, https:\/\/prensa.sma.gob.ar\/wp-content\/uploads\/2025\/11\/WhatsApp-Image-2025-11-03-at-14.11.424-696x392.jpeg 696w, https:\/\/prensa.sma.gob.ar\/wp-content\/uploads\/2025\/11\/WhatsApp-Image-2025-11-03-at-14.11.424-1068x601.jpeg 1068w, https:\/\/prensa.sma.gob.ar\/wp-content\/uploads\/2025\/11\/WhatsApp-Image-2025-11-03-at-14.11.424.jpeg 1280w\" sizes=\"auto, (max-width: 1024px) 100vw, 1024px\" \/><\/figure>\n\n\n\n<figure class=\"wp-block-image size-large\"><img loading=\"lazy\" decoding=\"async\" width=\"1024\" height=\"576\" data-id=\"10818\" src=\"https:\/\/prensa.sma.gob.ar\/wp-content\/uploads\/2025\/11\/WhatsApp-Image-2025-11-03-at-14.11.425-1024x576.jpeg\" alt=\"\" class=\"wp-image-10818\" srcset=\"https:\/\/prensa.sma.gob.ar\/wp-content\/uploads\/2025\/11\/WhatsApp-Image-2025-11-03-at-14.11.425-1024x576.jpeg 1024w, https:\/\/prensa.sma.gob.ar\/wp-content\/uploads\/2025\/11\/WhatsApp-Image-2025-11-03-at-14.11.425-300x169.jpeg 300w, https:\/\/prensa.sma.gob.ar\/wp-content\/uploads\/2025\/11\/WhatsApp-Image-2025-11-03-at-14.11.425-768x432.jpeg 768w, https:\/\/prensa.sma.gob.ar\/wp-content\/uploads\/2025\/11\/WhatsApp-Image-2025-11-03-at-14.11.425-747x420.jpeg 747w, https:\/\/prensa.sma.gob.ar\/wp-content\/uploads\/2025\/11\/WhatsApp-Image-2025-11-03-at-14.11.425-696x392.jpeg 696w, https:\/\/prensa.sma.gob.ar\/wp-content\/uploads\/2025\/11\/WhatsApp-Image-2025-11-03-at-14.11.425-1068x601.jpeg 1068w, https:\/\/prensa.sma.gob.ar\/wp-content\/uploads\/2025\/11\/WhatsApp-Image-2025-11-03-at-14.11.425.jpeg 1280w\" sizes=\"auto, (max-width: 1024px) 100vw, 1024px\" \/><\/figure>\n\n\n\n<figure class=\"wp-block-image size-large\"><img loading=\"lazy\" decoding=\"async\" width=\"1024\" height=\"576\" data-id=\"10817\" src=\"https:\/\/prensa.sma.gob.ar\/wp-content\/uploads\/2025\/11\/WhatsApp-Image-2025-11-03-at-14.11.426-1024x576.jpeg\" alt=\"\" class=\"wp-image-10817\" srcset=\"https:\/\/prensa.sma.gob.ar\/wp-content\/uploads\/2025\/11\/WhatsApp-Image-2025-11-03-at-14.11.426-1024x576.jpeg 1024w, https:\/\/prensa.sma.gob.ar\/wp-content\/uploads\/2025\/11\/WhatsApp-Image-2025-11-03-at-14.11.426-300x169.jpeg 300w, https:\/\/prensa.sma.gob.ar\/wp-content\/uploads\/2025\/11\/WhatsApp-Image-2025-11-03-at-14.11.426-768x432.jpeg 768w, https:\/\/prensa.sma.gob.ar\/wp-content\/uploads\/2025\/11\/WhatsApp-Image-2025-11-03-at-14.11.426-747x420.jpeg 747w, https:\/\/prensa.sma.gob.ar\/wp-content\/uploads\/2025\/11\/WhatsApp-Image-2025-11-03-at-14.11.426-696x392.jpeg 696w, https:\/\/prensa.sma.gob.ar\/wp-content\/uploads\/2025\/11\/WhatsApp-Image-2025-11-03-at-14.11.426-1068x601.jpeg 1068w, https:\/\/prensa.sma.gob.ar\/wp-content\/uploads\/2025\/11\/WhatsApp-Image-2025-11-03-at-14.11.426.jpeg 1280w\" sizes=\"auto, (max-width: 1024px) 100vw, 1024px\" \/><\/figure>\n<\/figure>\n\n\n\n<figure class=\"wp-block-gallery has-nested-images columns-default is-cropped wp-block-gallery-2 is-layout-flex wp-block-gallery-is-layout-flex\">\n<figure class=\"wp-block-image size-large\"><img loading=\"lazy\" decoding=\"async\" width=\"576\" height=\"1024\" data-id=\"10825\" src=\"https:\/\/prensa.sma.gob.ar\/wp-content\/uploads\/2025\/11\/WhatsApp-Image-2025-11-04-at-09.58.04-576x1024.jpeg\" alt=\"\" class=\"wp-image-10825\" srcset=\"https:\/\/prensa.sma.gob.ar\/wp-content\/uploads\/2025\/11\/WhatsApp-Image-2025-11-04-at-09.58.04-576x1024.jpeg 576w, https:\/\/prensa.sma.gob.ar\/wp-content\/uploads\/2025\/11\/WhatsApp-Image-2025-11-04-at-09.58.04-169x300.jpeg 169w, https:\/\/prensa.sma.gob.ar\/wp-content\/uploads\/2025\/11\/WhatsApp-Image-2025-11-04-at-09.58.04-236x420.jpeg 236w, https:\/\/prensa.sma.gob.ar\/wp-content\/uploads\/2025\/11\/WhatsApp-Image-2025-11-04-at-09.58.04-696x1237.jpeg 696w, https:\/\/prensa.sma.gob.ar\/wp-content\/uploads\/2025\/11\/WhatsApp-Image-2025-11-04-at-09.58.04.jpeg 720w\" sizes=\"auto, (max-width: 576px) 100vw, 576px\" \/><\/figure>\n\n\n\n<figure class=\"wp-block-image size-large\"><img loading=\"lazy\" decoding=\"async\" width=\"576\" height=\"1024\" data-id=\"10826\" src=\"https:\/\/prensa.sma.gob.ar\/wp-content\/uploads\/2025\/11\/WhatsApp-Image-2025-11-04-at-09.58.21-576x1024.jpeg\" alt=\"\" class=\"wp-image-10826\" srcset=\"https:\/\/prensa.sma.gob.ar\/wp-content\/uploads\/2025\/11\/WhatsApp-Image-2025-11-04-at-09.58.21-576x1024.jpeg 576w, https:\/\/prensa.sma.gob.ar\/wp-content\/uploads\/2025\/11\/WhatsApp-Image-2025-11-04-at-09.58.21-169x300.jpeg 169w, https:\/\/prensa.sma.gob.ar\/wp-content\/uploads\/2025\/11\/WhatsApp-Image-2025-11-04-at-09.58.21-236x420.jpeg 236w, https:\/\/prensa.sma.gob.ar\/wp-content\/uploads\/2025\/11\/WhatsApp-Image-2025-11-04-at-09.58.21-696x1237.jpeg 696w, https:\/\/prensa.sma.gob.ar\/wp-content\/uploads\/2025\/11\/WhatsApp-Image-2025-11-04-at-09.58.21.jpeg 720w\" sizes=\"auto, (max-width: 576px) 100vw, 576px\" \/><\/figure>\n\n\n\n<figure class=\"wp-block-image size-large\"><img loading=\"lazy\" decoding=\"async\" width=\"576\" height=\"1024\" data-id=\"10824\" src=\"https:\/\/prensa.sma.gob.ar\/wp-content\/uploads\/2025\/11\/WhatsApp-Image-2025-11-03-at-14.11.41-576x1024.jpeg\" alt=\"\" class=\"wp-image-10824\" srcset=\"https:\/\/prensa.sma.gob.ar\/wp-content\/uploads\/2025\/11\/WhatsApp-Image-2025-11-03-at-14.11.41-576x1024.jpeg 576w, https:\/\/prensa.sma.gob.ar\/wp-content\/uploads\/2025\/11\/WhatsApp-Image-2025-11-03-at-14.11.41-169x300.jpeg 169w, https:\/\/prensa.sma.gob.ar\/wp-content\/uploads\/2025\/11\/WhatsApp-Image-2025-11-03-at-14.11.41-236x420.jpeg 236w, https:\/\/prensa.sma.gob.ar\/wp-content\/uploads\/2025\/11\/WhatsApp-Image-2025-11-03-at-14.11.41-696x1237.jpeg 696w, https:\/\/prensa.sma.gob.ar\/wp-content\/uploads\/2025\/11\/WhatsApp-Image-2025-11-03-at-14.11.41.jpeg 720w\" sizes=\"auto, (max-width: 576px) 100vw, 576px\" \/><\/figure>\n<\/figure>\n","protected":false},"excerpt":{"rendered":"<p>La jefa de la Divisi\u00f3n Tr\u00e1nsito San Mart\u00edn de los Andes de la Polic\u00eda de Neuqu\u00e9n, Comisario Silvina Huenuquir, agradeci\u00f3 \u201cespecialmente al Municipio por el trabajo conjunto que desarrollan diferentes \u00e1reas\u201d del Ejecutivo y pidi\u00f3 mantener estos v\u00ednculos, durante el acto por los 60 a\u00f1os de esta dependencia policial. \u201cMi m\u00e1s sincero agradecimiento al intendente [&hellip;]<\/p>\n","protected":false},"author":2,"featured_media":10823,"comment_status":"closed","ping_status":"open","sticky":false,"template":"","format":"standard","meta":{"footnotes":""},"categories":[16,11,14,17],"tags":[],"class_list":{"0":"post-10816","1":"post","2":"type-post","3":"status-publish","4":"format-standard","5":"has-post-thumbnail","7":"category-destacadas","8":"category-gobierno","9":"category-noticias","10":"category-portada"},"_links":{"self":[{"href":"https:\/\/prensa.sma.gob.ar\/index.php?rest_route=\/wp\/v2\/posts\/10816","targetHints":{"allow":["GET"]}}],"collection":[{"href":"https:\/\/prensa.sma.gob.ar\/index.php?rest_route=\/wp\/v2\/posts"}],"about":[{"href":"https:\/\/prensa.sma.gob.ar\/index.php?rest_route=\/wp\/v2\/types\/post"}],"author":[{"embeddable":true,"href":"https:\/\/prensa.sma.gob.ar\/index.php?rest_route=\/wp\/v2\/users\/2"}],"replies":[{"embeddable":true,"href":"https:\/\/prensa.sma.gob.ar\/index.php?rest_route=%2Fwp%2Fv2%2Fcomments&post=10816"}],"version-history":[{"count":2,"href":"https:\/\/prensa.sma.gob.ar\/index.php?rest_route=\/wp\/v2\/posts\/10816\/revisions"}],"predecessor-version":[{"id":10828,"href":"https:\/\/prensa.sma.gob.ar\/index.php?rest_route=\/wp\/v2\/posts\/10816\/revisions\/10828"}],"wp:featuredmedia":[{"embeddable":true,"href":"https:\/\/prensa.sma.gob.ar\/index.php?rest_route=\/wp\/v2\/media\/10823"}],"wp:attachment":[{"href":"https:\/\/prensa.sma.gob.ar\/index.php?rest_route=%2Fwp%2Fv2%2Fmedia&parent=10816"}],"wp:term":[{"taxonomy":"category","embeddable":true,"href":"https:\/\/prensa.sma.gob.ar\/index.php?rest_route=%2Fwp%2Fv2%2Fcategories&post=10816"},{"taxonomy":"post_tag","embeddable":true,"href":"https:\/\/prensa.sma.gob.ar\/index.php?rest_route=%2Fwp%2Fv2%2Ftags&post=10816"}],"curies":[{"name":"wp","href":"https:\/\/api.w.org\/{rel}","templated":true}]}}