{"id":10852,"date":"2025-11-05T17:49:50","date_gmt":"2025-11-05T17:49:50","guid":{"rendered":"https:\/\/prensa.sma.gob.ar\/?p=10852"},"modified":"2025-11-05T17:49:51","modified_gmt":"2025-11-05T17:49:51","slug":"congreso-provincial-de-turismo-san-martin-de-los-andes-recibio-un-reconocimiento-por-su-gestion-en-calidad-turistica","status":"publish","type":"post","link":"https:\/\/prensa.sma.gob.ar\/?p=10852","title":{"rendered":"Congreso Provincial de Turismo: San Mart\u00edn de los Andes recibi\u00f3 un reconocimiento por su gesti\u00f3n en calidad tur\u00edstica"},"content":{"rendered":"\n<p>La ciudad de San Mart\u00edn de los Andes particip\u00f3 del 1\u00ba Congreso Provincial de Turismo de Neuqu\u00e9n, realizado este martes 4 de noviembre en el Centro de Convenciones y Exposiciones El Domuyo, un espacio que reuni\u00f3 a referentes del sector tur\u00edstico de toda la provincia para compartir experiencias, generar articulaciones y proyectar l\u00edneas de trabajo conjuntas para el desarrollo del turismo neuquino.<\/p>\n\n\n\n<p>La comitiva local estuvo integrada por el intendente municipal, Carlos Saloniti; el secretario de Turismo, Alejandro Apaolaza; y la directora General de la Secretar\u00eda de Turismo, Ver\u00f3nica D\u00edaz, quienes formaron parte de las instancias de di\u00e1logo junto a representantes de municipios, organismos provinciales, instituciones del sector privado y equipos t\u00e9cnicos.<\/p>\n\n\n\n<p>El Congreso fue convocado por el Ministerio de Turismo de la Provincia de Neuqu\u00e9n y NeuquenTur, consolid\u00e1ndose como un espacio estrat\u00e9gico para el fortalecimiento del entramado tur\u00edstico provincial.<\/p>\n\n\n\n<p>La jornada cont\u00f3 con una amplia agenda de exposiciones y talleres a cargo de especialistas de Argentina, Espa\u00f1a y Brasil, abordando ejes estrat\u00e9gicos para los destinos tur\u00edsticos contempor\u00e1neos: Tecnolog\u00eda y marketing digital; Promoci\u00f3n de destinos, Turismo sostenible; Gastronom\u00eda y cultura local, entre otros.<\/p>\n\n\n\n<p>Las tem\u00e1ticas abordadas impulsaron el intercambio de enfoques vinculados a la innovaci\u00f3n, la sostenibilidad, el talento humano y la promoci\u00f3n de los destinos, pilares fundamentales para seguir fortaleciendo el turismo en Neuqu\u00e9n.<\/p>\n\n\n\n<p>Finalizado el Congreso, en el mismo espacio se llev\u00f3 adelante la reuni\u00f3n del Consejo Provincial de Turismo, integrada exclusivamente por intendentes, m\u00e1ximas autoridades del sector y representantes de c\u00e1maras y asociaciones.<\/p>\n\n\n\n<p>Durante este encuentro se abordaron temas centrales para la planificaci\u00f3n tur\u00edstica a nivel provincial, entre ellos la nueva Ley Provincial de Turismo N\u00b0 3525, el avance de obras estrat\u00e9gicas para el desarrollo de destinos y la presentaci\u00f3n oficial de la campa\u00f1a de verano de la provincia.<\/p>\n\n\n\n<p>Asimismo, se gener\u00f3 un intercambio de miradas y experiencias entre los participantes, fortaleciendo la articulaci\u00f3n institucional y la construcci\u00f3n de pol\u00edticas consensuadas para el desarrollo del turismo neuquino.<\/p>\n\n\n\n<p>All\u00ed, el Municipio de San Mart\u00edn de los Andes fue reconocido por la exitosa implementaci\u00f3n del Programa Directrices de Gesti\u00f3n e Innovaci\u00f3n Tur\u00edstica, en el marco del Sistema Argentino de Calidad Tur\u00edstica. La distinci\u00f3n fue entregada al intendente Carlos Saloniti y al secretario de Turismo Alejandro Apaolaza, en relaci\u00f3n al trabajo realizado durante el a\u00f1o 2024 por el equipo t\u00e9cnico de la Secretar\u00eda de Turismo local, con el acompa\u00f1amiento del Ministerio de Turismo de Neuqu\u00e9n y especialistas del Sistema de Calidad Tur\u00edstica de la Naci\u00f3n.<\/p>\n\n\n\n<p>El intendente Saloniti agradeci\u00f3 este reconocimiento y, en especial, al Gobierno provincial por las obras de infraestructura que est\u00e1n en marcha, \u201cporque adem\u00e1s de mejorar la conectividad de las vecinas y vecinos, son un motor del turismo en un contexto de mucha competencia\u201d. En ese sentido, elogi\u00f3 el comienzo de las obras de ampliaci\u00f3n y mejoramiento en el aeropuerto, la pavimentaci\u00f3n de la ruta a Lolog y el inminente inicio de los trabajos de la ruta a Meliquina, entre otras obras.<\/p>\n\n\n\n<p>Este logro consolida el compromiso de San Mart\u00edn de los Andes con la mejora continua de los servicios, la planificaci\u00f3n estrat\u00e9gica y la innovaci\u00f3n en la gesti\u00f3n del destino. \u201cEl turismo es una actividad central para la identidad y la econom\u00eda de San Mart\u00edn de los Andes. Trabajar en calidad es trabajar en el futuro de nuestra comunidad y en la experiencia de quienes nos visitan\u201d, expres\u00f3 el secretario de Turismo, tras recibir el reconocimiento.<\/p>\n\n\n\n<p>La participaci\u00f3n en este primer Congreso Provincial constituye un paso importante en la construcci\u00f3n de estrategias articuladas con otros destinos y organismos de la provincia, consolidando a San Mart\u00edn de los Andes como un referente en gesti\u00f3n, calidad y desarrollo tur\u00edstico sostenible.<\/p>\n\n\n\n<figure class=\"wp-block-gallery has-nested-images columns-default is-cropped wp-block-gallery-1 is-layout-flex wp-block-gallery-is-layout-flex\">\n<figure class=\"wp-block-image size-large\"><img loading=\"lazy\" decoding=\"async\" width=\"1024\" height=\"642\" data-id=\"10854\" src=\"https:\/\/prensa.sma.gob.ar\/wp-content\/uploads\/2025\/11\/WhatsApp-Image-2025-11-05-at-12.25.54-1-1024x642.jpeg\" alt=\"\" class=\"wp-image-10854\" srcset=\"https:\/\/prensa.sma.gob.ar\/wp-content\/uploads\/2025\/11\/WhatsApp-Image-2025-11-05-at-12.25.54-1-1024x642.jpeg 1024w, https:\/\/prensa.sma.gob.ar\/wp-content\/uploads\/2025\/11\/WhatsApp-Image-2025-11-05-at-12.25.54-1-300x188.jpeg 300w, https:\/\/prensa.sma.gob.ar\/wp-content\/uploads\/2025\/11\/WhatsApp-Image-2025-11-05-at-12.25.54-1-768x481.jpeg 768w, https:\/\/prensa.sma.gob.ar\/wp-content\/uploads\/2025\/11\/WhatsApp-Image-2025-11-05-at-12.25.54-1-670x420.jpeg 670w, https:\/\/prensa.sma.gob.ar\/wp-content\/uploads\/2025\/11\/WhatsApp-Image-2025-11-05-at-12.25.54-1-696x436.jpeg 696w, https:\/\/prensa.sma.gob.ar\/wp-content\/uploads\/2025\/11\/WhatsApp-Image-2025-11-05-at-12.25.54-1-1068x669.jpeg 1068w, https:\/\/prensa.sma.gob.ar\/wp-content\/uploads\/2025\/11\/WhatsApp-Image-2025-11-05-at-12.25.54-1.jpeg 1280w\" sizes=\"auto, (max-width: 1024px) 100vw, 1024px\" \/><\/figure>\n\n\n\n<figure class=\"wp-block-image size-large\"><img loading=\"lazy\" decoding=\"async\" width=\"1024\" height=\"603\" data-id=\"10853\" src=\"https:\/\/prensa.sma.gob.ar\/wp-content\/uploads\/2025\/11\/Concejo-provincial-de-turismo-8067-1024x603.jpg\" alt=\"\" class=\"wp-image-10853\" srcset=\"https:\/\/prensa.sma.gob.ar\/wp-content\/uploads\/2025\/11\/Concejo-provincial-de-turismo-8067-1024x603.jpg 1024w, https:\/\/prensa.sma.gob.ar\/wp-content\/uploads\/2025\/11\/Concejo-provincial-de-turismo-8067-300x177.jpg 300w, https:\/\/prensa.sma.gob.ar\/wp-content\/uploads\/2025\/11\/Concejo-provincial-de-turismo-8067-768x452.jpg 768w, https:\/\/prensa.sma.gob.ar\/wp-content\/uploads\/2025\/11\/Concejo-provincial-de-turismo-8067-1536x905.jpg 1536w, https:\/\/prensa.sma.gob.ar\/wp-content\/uploads\/2025\/11\/Concejo-provincial-de-turismo-8067-2048x1207.jpg 2048w, https:\/\/prensa.sma.gob.ar\/wp-content\/uploads\/2025\/11\/Concejo-provincial-de-turismo-8067-713x420.jpg 713w, https:\/\/prensa.sma.gob.ar\/wp-content\/uploads\/2025\/11\/Concejo-provincial-de-turismo-8067-696x410.jpg 696w, https:\/\/prensa.sma.gob.ar\/wp-content\/uploads\/2025\/11\/Concejo-provincial-de-turismo-8067-1068x629.jpg 1068w, https:\/\/prensa.sma.gob.ar\/wp-content\/uploads\/2025\/11\/Concejo-provincial-de-turismo-8067-1920x1131.jpg 1920w\" sizes=\"auto, (max-width: 1024px) 100vw, 1024px\" \/><\/figure>\n<\/figure>\n","protected":false},"excerpt":{"rendered":"<p>La ciudad de San Mart\u00edn de los Andes particip\u00f3 del 1\u00ba Congreso Provincial de Turismo de Neuqu\u00e9n, realizado este martes 4 de noviembre en el Centro de Convenciones y Exposiciones El Domuyo, un espacio que reuni\u00f3 a referentes del sector tur\u00edstico de toda la provincia para compartir experiencias, generar articulaciones y proyectar l\u00edneas de trabajo [&hellip;]<\/p>\n","protected":false},"author":2,"featured_media":10855,"comment_status":"closed","ping_status":"open","sticky":false,"template":"","format":"standard","meta":{"footnotes":""},"categories":[16,14,36],"tags":[],"class_list":{"0":"post-10852","1":"post","2":"type-post","3":"status-publish","4":"format-standard","5":"has-post-thumbnail","7":"category-destacadas","8":"category-noticias","9":"category-turismo"},"_links":{"self":[{"href":"https:\/\/prensa.sma.gob.ar\/index.php?rest_route=\/wp\/v2\/posts\/10852","targetHints":{"allow":["GET"]}}],"collection":[{"href":"https:\/\/prensa.sma.gob.ar\/index.php?rest_route=\/wp\/v2\/posts"}],"about":[{"href":"https:\/\/prensa.sma.gob.ar\/index.php?rest_route=\/wp\/v2\/types\/post"}],"author":[{"embeddable":true,"href":"https:\/\/prensa.sma.gob.ar\/index.php?rest_route=\/wp\/v2\/users\/2"}],"replies":[{"embeddable":true,"href":"https:\/\/prensa.sma.gob.ar\/index.php?rest_route=%2Fwp%2Fv2%2Fcomments&post=10852"}],"version-history":[{"count":1,"href":"https:\/\/prensa.sma.gob.ar\/index.php?rest_route=\/wp\/v2\/posts\/10852\/revisions"}],"predecessor-version":[{"id":10856,"href":"https:\/\/prensa.sma.gob.ar\/index.php?rest_route=\/wp\/v2\/posts\/10852\/revisions\/10856"}],"wp:featuredmedia":[{"embeddable":true,"href":"https:\/\/prensa.sma.gob.ar\/index.php?rest_route=\/wp\/v2\/media\/10855"}],"wp:attachment":[{"href":"https:\/\/prensa.sma.gob.ar\/index.php?rest_route=%2Fwp%2Fv2%2Fmedia&parent=10852"}],"wp:term":[{"taxonomy":"category","embeddable":true,"href":"https:\/\/prensa.sma.gob.ar\/index.php?rest_route=%2Fwp%2Fv2%2Fcategories&post=10852"},{"taxonomy":"post_tag","embeddable":true,"href":"https:\/\/prensa.sma.gob.ar\/index.php?rest_route=%2Fwp%2Fv2%2Ftags&post=10852"}],"curies":[{"name":"wp","href":"https:\/\/api.w.org\/{rel}","templated":true}]}}