{"id":10883,"date":"2025-11-09T22:08:28","date_gmt":"2025-11-09T22:08:28","guid":{"rendered":"https:\/\/prensa.sma.gob.ar\/?p=10883"},"modified":"2025-11-09T22:09:49","modified_gmt":"2025-11-09T22:09:49","slug":"el-arenal-ya-tiene-su-nueva-comision-vecinal-tras-las-elecciones-de-este-domingo","status":"publish","type":"post","link":"https:\/\/prensa.sma.gob.ar\/?p=10883","title":{"rendered":"El Arenal ya tiene su nueva Comisi\u00f3n Vecinal tras las elecciones de este domingo"},"content":{"rendered":"\n<p>El Arenal ya tiene su nueva Comisi\u00f3n Vecinal luego de las elecciones de este domingo que permitieron que este hist\u00f3rico barrio sanmartinense recuperara su Junta vecinal.<\/p>\n\n\n\n<p>La lista \u00fanica fue votada por 73 vecinas y vecinos, casi el 27% de las 273 personas que estaban empadronadas. No se registraron votos en blanco ni nulos.<\/p>\n\n\n\n<p>Las elecciones se realizaron, entre las 10 y las 14, en la oficina de Empleo, ubicada en la ex delegaci\u00f3n de El Arenal. La jornada estuvo acompa\u00f1ada por el secretario de Gobierno, Mat\u00edas Consoli.<\/p>\n\n\n\n<p>Las elecciones estuvieron fiscalizadas por la Junta Electoral, presidida por la subsecretaria de Juntas Vecinales, Lorena Gonz\u00e1lez; por la vecina del barrio Fabiana P\u00e9rez; Noelia Galdames y Mara Cabrera, del Consejo de Juntas Vecinales. La coordinaci\u00f3n estuvo a cargo de Florencia Gonz\u00e1lez, de la Subsecretar\u00eda de Juntas Vecinales.<\/p>\n\n\n\n<p>La nueva comisi\u00f3n est\u00e1 integrada por Ailin Mu\u00f1oz, Gabriel Castillo, Celia Palma, Paula Pafian, Pablo Rosas, Alex Pav\u00f3n, Eluney Prieto, V\u00edctor Ferreira, Daiana Dur\u00e1n, Fabricio Arias, Mirna Sotelo y Cid Urra, entre titulares y suplentes. En la semana, la lista ganadora deber\u00e1 informara la Subsecretar\u00eda de Juntas Vecinales c\u00f3mo se distribuyen los cargos dentro de la nueva comisi\u00f3n vecinal.<\/p>\n\n\n\n<figure class=\"wp-block-gallery has-nested-images columns-default is-cropped wp-block-gallery-1 is-layout-flex wp-block-gallery-is-layout-flex\">\n<figure class=\"wp-block-image size-large\"><img loading=\"lazy\" decoding=\"async\" width=\"768\" height=\"1024\" data-id=\"10886\" src=\"https:\/\/prensa.sma.gob.ar\/wp-content\/uploads\/2025\/11\/WhatsApp-Image-2025-11-09-at-14.26.04-1-768x1024.jpeg\" alt=\"\" class=\"wp-image-10886\" srcset=\"https:\/\/prensa.sma.gob.ar\/wp-content\/uploads\/2025\/11\/WhatsApp-Image-2025-11-09-at-14.26.04-1-768x1024.jpeg 768w, https:\/\/prensa.sma.gob.ar\/wp-content\/uploads\/2025\/11\/WhatsApp-Image-2025-11-09-at-14.26.04-1-225x300.jpeg 225w, https:\/\/prensa.sma.gob.ar\/wp-content\/uploads\/2025\/11\/WhatsApp-Image-2025-11-09-at-14.26.04-1-1152x1536.jpeg 1152w, https:\/\/prensa.sma.gob.ar\/wp-content\/uploads\/2025\/11\/WhatsApp-Image-2025-11-09-at-14.26.04-1-315x420.jpeg 315w, https:\/\/prensa.sma.gob.ar\/wp-content\/uploads\/2025\/11\/WhatsApp-Image-2025-11-09-at-14.26.04-1-696x928.jpeg 696w, https:\/\/prensa.sma.gob.ar\/wp-content\/uploads\/2025\/11\/WhatsApp-Image-2025-11-09-at-14.26.04-1-1068x1424.jpeg 1068w, https:\/\/prensa.sma.gob.ar\/wp-content\/uploads\/2025\/11\/WhatsApp-Image-2025-11-09-at-14.26.04-1.jpeg 1200w\" sizes=\"auto, (max-width: 768px) 100vw, 768px\" \/><\/figure>\n\n\n\n<figure class=\"wp-block-image size-large\"><img loading=\"lazy\" decoding=\"async\" width=\"768\" height=\"1024\" data-id=\"10885\" src=\"https:\/\/prensa.sma.gob.ar\/wp-content\/uploads\/2025\/11\/WhatsApp-Image-2025-11-09-at-14.26.03-768x1024.jpeg\" alt=\"\" class=\"wp-image-10885\" srcset=\"https:\/\/prensa.sma.gob.ar\/wp-content\/uploads\/2025\/11\/WhatsApp-Image-2025-11-09-at-14.26.03-768x1024.jpeg 768w, https:\/\/prensa.sma.gob.ar\/wp-content\/uploads\/2025\/11\/WhatsApp-Image-2025-11-09-at-14.26.03-225x300.jpeg 225w, https:\/\/prensa.sma.gob.ar\/wp-content\/uploads\/2025\/11\/WhatsApp-Image-2025-11-09-at-14.26.03-1152x1536.jpeg 1152w, https:\/\/prensa.sma.gob.ar\/wp-content\/uploads\/2025\/11\/WhatsApp-Image-2025-11-09-at-14.26.03-315x420.jpeg 315w, https:\/\/prensa.sma.gob.ar\/wp-content\/uploads\/2025\/11\/WhatsApp-Image-2025-11-09-at-14.26.03-696x928.jpeg 696w, https:\/\/prensa.sma.gob.ar\/wp-content\/uploads\/2025\/11\/WhatsApp-Image-2025-11-09-at-14.26.03-1068x1424.jpeg 1068w, https:\/\/prensa.sma.gob.ar\/wp-content\/uploads\/2025\/11\/WhatsApp-Image-2025-11-09-at-14.26.03.jpeg 1200w\" sizes=\"auto, (max-width: 768px) 100vw, 768px\" \/><\/figure>\n\n\n\n<figure class=\"wp-block-image size-large\"><img loading=\"lazy\" decoding=\"async\" width=\"768\" height=\"1024\" data-id=\"10884\" src=\"https:\/\/prensa.sma.gob.ar\/wp-content\/uploads\/2025\/11\/WhatsApp-Image-2025-11-09-at-14.26.03-1-768x1024.jpeg\" alt=\"\" class=\"wp-image-10884\" srcset=\"https:\/\/prensa.sma.gob.ar\/wp-content\/uploads\/2025\/11\/WhatsApp-Image-2025-11-09-at-14.26.03-1-768x1024.jpeg 768w, https:\/\/prensa.sma.gob.ar\/wp-content\/uploads\/2025\/11\/WhatsApp-Image-2025-11-09-at-14.26.03-1-225x300.jpeg 225w, https:\/\/prensa.sma.gob.ar\/wp-content\/uploads\/2025\/11\/WhatsApp-Image-2025-11-09-at-14.26.03-1-1152x1536.jpeg 1152w, https:\/\/prensa.sma.gob.ar\/wp-content\/uploads\/2025\/11\/WhatsApp-Image-2025-11-09-at-14.26.03-1-315x420.jpeg 315w, https:\/\/prensa.sma.gob.ar\/wp-content\/uploads\/2025\/11\/WhatsApp-Image-2025-11-09-at-14.26.03-1-696x928.jpeg 696w, https:\/\/prensa.sma.gob.ar\/wp-content\/uploads\/2025\/11\/WhatsApp-Image-2025-11-09-at-14.26.03-1-1068x1424.jpeg 1068w, https:\/\/prensa.sma.gob.ar\/wp-content\/uploads\/2025\/11\/WhatsApp-Image-2025-11-09-at-14.26.03-1.jpeg 1200w\" sizes=\"auto, (max-width: 768px) 100vw, 768px\" \/><\/figure>\n\n\n\n<figure class=\"wp-block-image size-large\"><img loading=\"lazy\" decoding=\"async\" width=\"768\" height=\"1024\" data-id=\"10887\" src=\"https:\/\/prensa.sma.gob.ar\/wp-content\/uploads\/2025\/11\/WhatsApp-Image-2025-11-09-at-14.26.05-1-768x1024.jpeg\" alt=\"\" class=\"wp-image-10887\" srcset=\"https:\/\/prensa.sma.gob.ar\/wp-content\/uploads\/2025\/11\/WhatsApp-Image-2025-11-09-at-14.26.05-1-768x1024.jpeg 768w, https:\/\/prensa.sma.gob.ar\/wp-content\/uploads\/2025\/11\/WhatsApp-Image-2025-11-09-at-14.26.05-1-225x300.jpeg 225w, https:\/\/prensa.sma.gob.ar\/wp-content\/uploads\/2025\/11\/WhatsApp-Image-2025-11-09-at-14.26.05-1-1152x1536.jpeg 1152w, https:\/\/prensa.sma.gob.ar\/wp-content\/uploads\/2025\/11\/WhatsApp-Image-2025-11-09-at-14.26.05-1-315x420.jpeg 315w, https:\/\/prensa.sma.gob.ar\/wp-content\/uploads\/2025\/11\/WhatsApp-Image-2025-11-09-at-14.26.05-1-696x928.jpeg 696w, https:\/\/prensa.sma.gob.ar\/wp-content\/uploads\/2025\/11\/WhatsApp-Image-2025-11-09-at-14.26.05-1-1068x1424.jpeg 1068w, https:\/\/prensa.sma.gob.ar\/wp-content\/uploads\/2025\/11\/WhatsApp-Image-2025-11-09-at-14.26.05-1.jpeg 1200w\" sizes=\"auto, (max-width: 768px) 100vw, 768px\" \/><\/figure>\n\n\n\n<figure class=\"wp-block-image size-large\"><img loading=\"lazy\" decoding=\"async\" width=\"1024\" height=\"768\" data-id=\"10888\" src=\"https:\/\/prensa.sma.gob.ar\/wp-content\/uploads\/2025\/11\/WhatsApp-Image-2025-11-09-at-14.26.05-1024x768.jpeg\" alt=\"\" class=\"wp-image-10888\" srcset=\"https:\/\/prensa.sma.gob.ar\/wp-content\/uploads\/2025\/11\/WhatsApp-Image-2025-11-09-at-14.26.05-1024x768.jpeg 1024w, https:\/\/prensa.sma.gob.ar\/wp-content\/uploads\/2025\/11\/WhatsApp-Image-2025-11-09-at-14.26.05-300x225.jpeg 300w, https:\/\/prensa.sma.gob.ar\/wp-content\/uploads\/2025\/11\/WhatsApp-Image-2025-11-09-at-14.26.05-768x576.jpeg 768w, https:\/\/prensa.sma.gob.ar\/wp-content\/uploads\/2025\/11\/WhatsApp-Image-2025-11-09-at-14.26.05-1536x1152.jpeg 1536w, https:\/\/prensa.sma.gob.ar\/wp-content\/uploads\/2025\/11\/WhatsApp-Image-2025-11-09-at-14.26.05-560x420.jpeg 560w, https:\/\/prensa.sma.gob.ar\/wp-content\/uploads\/2025\/11\/WhatsApp-Image-2025-11-09-at-14.26.05-80x60.jpeg 80w, https:\/\/prensa.sma.gob.ar\/wp-content\/uploads\/2025\/11\/WhatsApp-Image-2025-11-09-at-14.26.05-696x522.jpeg 696w, https:\/\/prensa.sma.gob.ar\/wp-content\/uploads\/2025\/11\/WhatsApp-Image-2025-11-09-at-14.26.05-1068x801.jpeg 1068w, https:\/\/prensa.sma.gob.ar\/wp-content\/uploads\/2025\/11\/WhatsApp-Image-2025-11-09-at-14.26.05.jpeg 1600w\" sizes=\"auto, (max-width: 1024px) 100vw, 1024px\" \/><\/figure>\n\n\n\n<figure class=\"wp-block-image size-large\"><img loading=\"lazy\" decoding=\"async\" width=\"768\" height=\"1024\" data-id=\"10889\" src=\"https:\/\/prensa.sma.gob.ar\/wp-content\/uploads\/2025\/11\/WhatsApp-Image-2025-11-09-at-14.26.44-768x1024.jpeg\" alt=\"\" class=\"wp-image-10889\" srcset=\"https:\/\/prensa.sma.gob.ar\/wp-content\/uploads\/2025\/11\/WhatsApp-Image-2025-11-09-at-14.26.44-768x1024.jpeg 768w, https:\/\/prensa.sma.gob.ar\/wp-content\/uploads\/2025\/11\/WhatsApp-Image-2025-11-09-at-14.26.44-225x300.jpeg 225w, https:\/\/prensa.sma.gob.ar\/wp-content\/uploads\/2025\/11\/WhatsApp-Image-2025-11-09-at-14.26.44-1152x1536.jpeg 1152w, https:\/\/prensa.sma.gob.ar\/wp-content\/uploads\/2025\/11\/WhatsApp-Image-2025-11-09-at-14.26.44-315x420.jpeg 315w, https:\/\/prensa.sma.gob.ar\/wp-content\/uploads\/2025\/11\/WhatsApp-Image-2025-11-09-at-14.26.44-696x928.jpeg 696w, https:\/\/prensa.sma.gob.ar\/wp-content\/uploads\/2025\/11\/WhatsApp-Image-2025-11-09-at-14.26.44-1068x1424.jpeg 1068w, https:\/\/prensa.sma.gob.ar\/wp-content\/uploads\/2025\/11\/WhatsApp-Image-2025-11-09-at-14.26.44.jpeg 1200w\" sizes=\"auto, (max-width: 768px) 100vw, 768px\" \/><\/figure>\n<\/figure>\n","protected":false},"excerpt":{"rendered":"<p>El Arenal ya tiene su nueva Comisi\u00f3n Vecinal luego de las elecciones de este domingo que permitieron que este hist\u00f3rico barrio sanmartinense recuperara su Junta vecinal. La lista \u00fanica fue votada por 73 vecinas y vecinos, casi el 27% de las 273 personas que estaban empadronadas. No se registraron votos en blanco ni nulos. Las [&hellip;]<\/p>\n","protected":false},"author":2,"featured_media":10888,"comment_status":"closed","ping_status":"open","sticky":false,"template":"","format":"standard","meta":{"footnotes":""},"categories":[16,11,39,14],"tags":[],"class_list":{"0":"post-10883","1":"post","2":"type-post","3":"status-publish","4":"format-standard","5":"has-post-thumbnail","7":"category-destacadas","8":"category-gobierno","9":"category-subs-juntas-vecinales","10":"category-noticias"},"_links":{"self":[{"href":"https:\/\/prensa.sma.gob.ar\/index.php?rest_route=\/wp\/v2\/posts\/10883","targetHints":{"allow":["GET"]}}],"collection":[{"href":"https:\/\/prensa.sma.gob.ar\/index.php?rest_route=\/wp\/v2\/posts"}],"about":[{"href":"https:\/\/prensa.sma.gob.ar\/index.php?rest_route=\/wp\/v2\/types\/post"}],"author":[{"embeddable":true,"href":"https:\/\/prensa.sma.gob.ar\/index.php?rest_route=\/wp\/v2\/users\/2"}],"replies":[{"embeddable":true,"href":"https:\/\/prensa.sma.gob.ar\/index.php?rest_route=%2Fwp%2Fv2%2Fcomments&post=10883"}],"version-history":[{"count":2,"href":"https:\/\/prensa.sma.gob.ar\/index.php?rest_route=\/wp\/v2\/posts\/10883\/revisions"}],"predecessor-version":[{"id":10892,"href":"https:\/\/prensa.sma.gob.ar\/index.php?rest_route=\/wp\/v2\/posts\/10883\/revisions\/10892"}],"wp:featuredmedia":[{"embeddable":true,"href":"https:\/\/prensa.sma.gob.ar\/index.php?rest_route=\/wp\/v2\/media\/10888"}],"wp:attachment":[{"href":"https:\/\/prensa.sma.gob.ar\/index.php?rest_route=%2Fwp%2Fv2%2Fmedia&parent=10883"}],"wp:term":[{"taxonomy":"category","embeddable":true,"href":"https:\/\/prensa.sma.gob.ar\/index.php?rest_route=%2Fwp%2Fv2%2Fcategories&post=10883"},{"taxonomy":"post_tag","embeddable":true,"href":"https:\/\/prensa.sma.gob.ar\/index.php?rest_route=%2Fwp%2Fv2%2Ftags&post=10883"}],"curies":[{"name":"wp","href":"https:\/\/api.w.org\/{rel}","templated":true}]}}