{"id":10893,"date":"2025-11-09T22:53:50","date_gmt":"2025-11-09T22:53:50","guid":{"rendered":"https:\/\/prensa.sma.gob.ar\/?p=10893"},"modified":"2025-11-09T23:14:10","modified_gmt":"2025-11-09T23:14:10","slug":"con-las-obras-en-ejecucion-el-aeropuerto-chapelco-duplicara-su-superficie-cubierta","status":"publish","type":"post","link":"https:\/\/prensa.sma.gob.ar\/?p=10893","title":{"rendered":"Con las obras en ejecuci\u00f3n, el aeropuerto Chapelco duplicar\u00e1 su superficie cubierta"},"content":{"rendered":"\n<p>Las reformas del aeropuerto Aviador Carlos Campos, que comenzaron hace tres semanas, permitir\u00e1n que el edificio duplique la superficie cubierta para el movimiento de pasajeros y tenga est\u00e1ndares de confort similares a las estaciones a\u00e9reas de primer nivel del pa\u00eds, incluyendo nuevos n\u00facleos sanitarios, m\u00e1s espaciosos y accesibles.<\/p>\n\n\n\n<p>La superficie cubierta actual del aeropuerto es de algo m\u00e1s de 1.000 metros cuadrados. Con las obras que se est\u00e1n ejecutando, se sumar\u00e1n otros 1050 metros cuadrados, que se distribuir\u00e1n entre un hall m\u00e1s espacioso, m\u00e1s espacios en la zona de partida, nuevos pasillos de arribo, nuevos ba\u00f1os, m\u00e1s locales comerciales y nuevas oficinas.<\/p>\n\n\n\n<p>El arquitecto y dise\u00f1ador Carlos Caputo, de la empresa Nova, explic\u00f3 que la obra duplicar\u00e1 la cantidad de locales comerciales, ya que ser\u00e1n ocho en lugar de los cuatro actuales, que estar\u00e1n ubicado en el hall central. El \u00e1rea de pasajeros ser\u00e1 ampliada para mejorar la circulaci\u00f3n, tanto en la zona de embarque como en el \u00e1rea de llegadas.<\/p>\n\n\n\n<p>La zona comercial y del hall se ampliar\u00e1 hacia el frente, ocupando el espacio que est\u00e1 delante del edificio actual. Se construir\u00e1 una nueva puerta de salida de pasajeros, similar a la de ingreso al sal\u00f3n, respetando el mismo estilo. La terminal estar\u00e1 calefaccionada por losa radiante con piso de marmeta gran\u00edtica, similar a las colocadas en el Aeroparque Jorge Newery y en otras estaciones aerocomerciales. Las puertas autom\u00e1ticas tambi\u00e9n ser\u00e1n similares a las de otros aeropuertos.<\/p>\n\n\n\n<p>Caputo, socio fundador de la empresa Nova Fusi\u00f3n, adjudicataria de la obra financiada por el Estado neuquino a trav\u00e9s de Neuqu\u00e9nTur, describi\u00f3 tambi\u00e9n que habr\u00e1 una nueva cafeter\u00eda, ubicada en planta baja, nuevas oficinas y comodidades para la Polic\u00eda de Seguridad Aeroportuaria (PSA) y nuevas oficinas administrativas.<\/p>\n\n\n\n<p>La zona de arribos tendr\u00e1 dos salidas para los pasajeros, una hacia el hall y otra hacia el exterior del edificio. Los ba\u00f1os para el p\u00fablico, dispuestos en dos grupos a cada lado de la terminal, ser\u00e1n m\u00e1s amplios, con una distribuci\u00f3n que permitir\u00e1 una mejor circulaci\u00f3n y con cambiadores, similares a los aeropuertos de primer nivel.<\/p>\n\n\n\n<figure class=\"wp-block-gallery has-nested-images columns-default is-cropped wp-block-gallery-1 is-layout-flex wp-block-gallery-is-layout-flex\">\n<figure class=\"wp-block-image size-large\"><img loading=\"lazy\" decoding=\"async\" width=\"1024\" height=\"576\" data-id=\"10907\" src=\"https:\/\/prensa.sma.gob.ar\/wp-content\/uploads\/2025\/11\/WhatsApp-Image-2025-11-07-at-12.26.16-1024x576.jpeg\" alt=\"\" class=\"wp-image-10907\" srcset=\"https:\/\/prensa.sma.gob.ar\/wp-content\/uploads\/2025\/11\/WhatsApp-Image-2025-11-07-at-12.26.16-1024x576.jpeg 1024w, https:\/\/prensa.sma.gob.ar\/wp-content\/uploads\/2025\/11\/WhatsApp-Image-2025-11-07-at-12.26.16-300x169.jpeg 300w, https:\/\/prensa.sma.gob.ar\/wp-content\/uploads\/2025\/11\/WhatsApp-Image-2025-11-07-at-12.26.16-768x432.jpeg 768w, https:\/\/prensa.sma.gob.ar\/wp-content\/uploads\/2025\/11\/WhatsApp-Image-2025-11-07-at-12.26.16-747x420.jpeg 747w, https:\/\/prensa.sma.gob.ar\/wp-content\/uploads\/2025\/11\/WhatsApp-Image-2025-11-07-at-12.26.16-696x392.jpeg 696w, https:\/\/prensa.sma.gob.ar\/wp-content\/uploads\/2025\/11\/WhatsApp-Image-2025-11-07-at-12.26.16-1068x601.jpeg 1068w, https:\/\/prensa.sma.gob.ar\/wp-content\/uploads\/2025\/11\/WhatsApp-Image-2025-11-07-at-12.26.16.jpeg 1280w\" sizes=\"auto, (max-width: 1024px) 100vw, 1024px\" \/><\/figure>\n\n\n\n<figure class=\"wp-block-image size-large\"><img loading=\"lazy\" decoding=\"async\" width=\"1024\" height=\"576\" data-id=\"10905\" src=\"https:\/\/prensa.sma.gob.ar\/wp-content\/uploads\/2025\/11\/WhatsApp-Image-2025-11-07-at-12.26.17-1-1024x576.jpeg\" alt=\"\" class=\"wp-image-10905\" srcset=\"https:\/\/prensa.sma.gob.ar\/wp-content\/uploads\/2025\/11\/WhatsApp-Image-2025-11-07-at-12.26.17-1-1024x576.jpeg 1024w, https:\/\/prensa.sma.gob.ar\/wp-content\/uploads\/2025\/11\/WhatsApp-Image-2025-11-07-at-12.26.17-1-300x169.jpeg 300w, https:\/\/prensa.sma.gob.ar\/wp-content\/uploads\/2025\/11\/WhatsApp-Image-2025-11-07-at-12.26.17-1-768x432.jpeg 768w, https:\/\/prensa.sma.gob.ar\/wp-content\/uploads\/2025\/11\/WhatsApp-Image-2025-11-07-at-12.26.17-1-747x420.jpeg 747w, https:\/\/prensa.sma.gob.ar\/wp-content\/uploads\/2025\/11\/WhatsApp-Image-2025-11-07-at-12.26.17-1-696x392.jpeg 696w, https:\/\/prensa.sma.gob.ar\/wp-content\/uploads\/2025\/11\/WhatsApp-Image-2025-11-07-at-12.26.17-1-1068x601.jpeg 1068w, https:\/\/prensa.sma.gob.ar\/wp-content\/uploads\/2025\/11\/WhatsApp-Image-2025-11-07-at-12.26.17-1.jpeg 1280w\" sizes=\"auto, (max-width: 1024px) 100vw, 1024px\" \/><\/figure>\n\n\n\n<figure class=\"wp-block-image size-large\"><img loading=\"lazy\" decoding=\"async\" width=\"1024\" height=\"576\" data-id=\"10895\" src=\"https:\/\/prensa.sma.gob.ar\/wp-content\/uploads\/2025\/11\/WhatsApp-Image-2025-11-07-at-12.26.21-1-1024x576.jpeg\" alt=\"\" class=\"wp-image-10895\" srcset=\"https:\/\/prensa.sma.gob.ar\/wp-content\/uploads\/2025\/11\/WhatsApp-Image-2025-11-07-at-12.26.21-1-1024x576.jpeg 1024w, https:\/\/prensa.sma.gob.ar\/wp-content\/uploads\/2025\/11\/WhatsApp-Image-2025-11-07-at-12.26.21-1-300x169.jpeg 300w, https:\/\/prensa.sma.gob.ar\/wp-content\/uploads\/2025\/11\/WhatsApp-Image-2025-11-07-at-12.26.21-1-768x432.jpeg 768w, https:\/\/prensa.sma.gob.ar\/wp-content\/uploads\/2025\/11\/WhatsApp-Image-2025-11-07-at-12.26.21-1-747x420.jpeg 747w, https:\/\/prensa.sma.gob.ar\/wp-content\/uploads\/2025\/11\/WhatsApp-Image-2025-11-07-at-12.26.21-1-696x392.jpeg 696w, https:\/\/prensa.sma.gob.ar\/wp-content\/uploads\/2025\/11\/WhatsApp-Image-2025-11-07-at-12.26.21-1-1068x601.jpeg 1068w, https:\/\/prensa.sma.gob.ar\/wp-content\/uploads\/2025\/11\/WhatsApp-Image-2025-11-07-at-12.26.21-1.jpeg 1280w\" sizes=\"auto, (max-width: 1024px) 100vw, 1024px\" \/><\/figure>\n<\/figure>\n\n\n\n<p>Por contrato, Nova Fusi\u00f3n tiene cinco meses para ejecutar los trabajos firmados en el pliego de licitaci\u00f3n. El compromiso de la empresa es que la nueva construcci\u00f3n respetar\u00e1 el estilo del techo de madera y tirantes y las paredes actuales, que estar\u00e1n revestidas de laja negra. Mientras avanzan los trabajos, de manera provisoria, en los pr\u00f3ximos d\u00edas se instalar\u00e1n dos mangas, una de entrada y otra de salida, para la seguridad de los pasajeros.<\/p>\n\n\n\n<p>Caputo realiz\u00f3 una recorrida con el \u00e1rea de Prensa del Municipio en la que se pudieron observar las dimensiones de los trabajos reci\u00e9n comenzados, apenas el Estado provincial adjudic\u00f3 la obra. De la visita particip\u00f3 el director provincial de Aeropuertos, a cargo de la estaci\u00f3n a\u00e9rea de nuestra ciudad, Millante Hassler.<\/p>\n\n\n\n<p>La remodelaci\u00f3n y ampliaci\u00f3n del aeropuerto Chapelco consolidar\u00e1 la conectividad a\u00e9rea de vecinas y vecinos de toda la regi\u00f3n sur de Neuqu\u00e9n y acompa\u00f1ar\u00e1 el crecimiento sostenido del turismo. Los nuevos est\u00e1ndares permitir\u00e1n, adem\u00e1s, mejorar el perfil internacional del destino, que en los \u00faltimos 10 a\u00f1os multiplic\u00f3 exponencialmente su tr\u00e1fico a\u00e9reo y la circulaci\u00f3n de pasajeros.<\/p>\n\n\n\n<p>Durante la recorrida, Hasler record\u00f3 que, actualmente, circulan en el aeropuerto entre 2.000 y 3.000 personas por d\u00eda, en promedio, producto de un crecimiento constante que se multiplic\u00f3 en la \u00faltima d\u00e9cada. Hace a\u00f1os \u2013se\u00f1al\u00f3- en baja temporada ten\u00edamos cuatro vuelos semanales. Hoy, el movimiento en la baja es de entre 18 y 20 vuelos semanales.<\/p>\n\n\n\n<p>Se\u00f1al\u00f3 que los mayores cambios comenzaron a registrarse hace nueve a\u00f1os, cuando Aerol\u00edneas Argentinas logr\u00f3 certificar el nuevo procedimiento de acercamiento al aeropuerto y los vuelos dejaron de sufrir cancelaciones. Record\u00f3 que en 2015 se registraron 45.000 pasajeros anuales; en 2016 con los primeros meses de la nueva tecnolog\u00eda de Aerol\u00edneas, hubo 60.000 pasajeros. En 2024, el aeropuerto moviliz\u00f3 320.000 personas y en los primeros 10 meses de este a\u00f1o se superaron los 300.000.<\/p>\n\n\n\n<figure class=\"wp-block-gallery has-nested-images columns-default is-cropped wp-block-gallery-2 is-layout-flex wp-block-gallery-is-layout-flex\">\n<figure class=\"wp-block-image size-large\"><img loading=\"lazy\" decoding=\"async\" width=\"1024\" height=\"575\" data-id=\"10904\" src=\"https:\/\/prensa.sma.gob.ar\/wp-content\/uploads\/2025\/11\/WhatsApp-Image-2025-11-07-at-12.26.17-2-1024x575.jpeg\" alt=\"\" class=\"wp-image-10904\" srcset=\"https:\/\/prensa.sma.gob.ar\/wp-content\/uploads\/2025\/11\/WhatsApp-Image-2025-11-07-at-12.26.17-2-1024x575.jpeg 1024w, https:\/\/prensa.sma.gob.ar\/wp-content\/uploads\/2025\/11\/WhatsApp-Image-2025-11-07-at-12.26.17-2-300x169.jpeg 300w, https:\/\/prensa.sma.gob.ar\/wp-content\/uploads\/2025\/11\/WhatsApp-Image-2025-11-07-at-12.26.17-2-768x431.jpeg 768w, https:\/\/prensa.sma.gob.ar\/wp-content\/uploads\/2025\/11\/WhatsApp-Image-2025-11-07-at-12.26.17-2-748x420.jpeg 748w, https:\/\/prensa.sma.gob.ar\/wp-content\/uploads\/2025\/11\/WhatsApp-Image-2025-11-07-at-12.26.17-2-696x391.jpeg 696w, https:\/\/prensa.sma.gob.ar\/wp-content\/uploads\/2025\/11\/WhatsApp-Image-2025-11-07-at-12.26.17-2-1068x600.jpeg 1068w, https:\/\/prensa.sma.gob.ar\/wp-content\/uploads\/2025\/11\/WhatsApp-Image-2025-11-07-at-12.26.17-2.jpeg 1280w\" sizes=\"auto, (max-width: 1024px) 100vw, 1024px\" \/><\/figure>\n\n\n\n<figure class=\"wp-block-image size-large\"><img loading=\"lazy\" decoding=\"async\" width=\"1024\" height=\"576\" data-id=\"10894\" src=\"https:\/\/prensa.sma.gob.ar\/wp-content\/uploads\/2025\/11\/WhatsApp-Image-2025-11-07-at-12.26.21-2-1024x576.jpeg\" alt=\"\" class=\"wp-image-10894\" srcset=\"https:\/\/prensa.sma.gob.ar\/wp-content\/uploads\/2025\/11\/WhatsApp-Image-2025-11-07-at-12.26.21-2-1024x576.jpeg 1024w, https:\/\/prensa.sma.gob.ar\/wp-content\/uploads\/2025\/11\/WhatsApp-Image-2025-11-07-at-12.26.21-2-300x169.jpeg 300w, https:\/\/prensa.sma.gob.ar\/wp-content\/uploads\/2025\/11\/WhatsApp-Image-2025-11-07-at-12.26.21-2-768x432.jpeg 768w, https:\/\/prensa.sma.gob.ar\/wp-content\/uploads\/2025\/11\/WhatsApp-Image-2025-11-07-at-12.26.21-2-747x420.jpeg 747w, https:\/\/prensa.sma.gob.ar\/wp-content\/uploads\/2025\/11\/WhatsApp-Image-2025-11-07-at-12.26.21-2-696x392.jpeg 696w, https:\/\/prensa.sma.gob.ar\/wp-content\/uploads\/2025\/11\/WhatsApp-Image-2025-11-07-at-12.26.21-2-1068x601.jpeg 1068w, https:\/\/prensa.sma.gob.ar\/wp-content\/uploads\/2025\/11\/WhatsApp-Image-2025-11-07-at-12.26.21-2.jpeg 1280w\" sizes=\"auto, (max-width: 1024px) 100vw, 1024px\" \/><\/figure>\n\n\n\n<figure class=\"wp-block-image size-large\"><img loading=\"lazy\" decoding=\"async\" width=\"1024\" height=\"576\" data-id=\"10896\" src=\"https:\/\/prensa.sma.gob.ar\/wp-content\/uploads\/2025\/11\/WhatsApp-Image-2025-11-07-at-12.26.21-1024x576.jpeg\" alt=\"\" class=\"wp-image-10896\" srcset=\"https:\/\/prensa.sma.gob.ar\/wp-content\/uploads\/2025\/11\/WhatsApp-Image-2025-11-07-at-12.26.21-1024x576.jpeg 1024w, https:\/\/prensa.sma.gob.ar\/wp-content\/uploads\/2025\/11\/WhatsApp-Image-2025-11-07-at-12.26.21-300x169.jpeg 300w, https:\/\/prensa.sma.gob.ar\/wp-content\/uploads\/2025\/11\/WhatsApp-Image-2025-11-07-at-12.26.21-768x432.jpeg 768w, https:\/\/prensa.sma.gob.ar\/wp-content\/uploads\/2025\/11\/WhatsApp-Image-2025-11-07-at-12.26.21-747x420.jpeg 747w, https:\/\/prensa.sma.gob.ar\/wp-content\/uploads\/2025\/11\/WhatsApp-Image-2025-11-07-at-12.26.21-696x392.jpeg 696w, https:\/\/prensa.sma.gob.ar\/wp-content\/uploads\/2025\/11\/WhatsApp-Image-2025-11-07-at-12.26.21-1068x601.jpeg 1068w, https:\/\/prensa.sma.gob.ar\/wp-content\/uploads\/2025\/11\/WhatsApp-Image-2025-11-07-at-12.26.21.jpeg 1280w\" sizes=\"auto, (max-width: 1024px) 100vw, 1024px\" \/><\/figure>\n<\/figure>\n\n\n\n<p>Para Hasler, que lleva 38 a\u00f1os trabajando en el aeropuerto, las cifras son elocuentes y sostuvo que esta obra es una mejora notable para acompa\u00f1ar ese crecimiento. En un mes actual de temporada alta se moviliza casi el mismo volumen de personas que durante todo el a\u00f1o 2015. Reiter\u00f3 que Aerol\u00edneas fue la que gener\u00f3 buena parte de este crecimiento. \u201cTrabajo ac\u00e1 desde antes de que estuviera el edificio actual, he visto crecer el aeropuerto. Hasta hace unos a\u00f1os, era impensado que pudi\u00e9ramos tener estas reformas\u201d, se\u00f1al\u00f3.<\/p>\n\n\n\n<p>La empresa sanmartinense Nova Fusi\u00f3n fue fundada en 2015 por cinco socios que desarrollaron SICLA, un sistema industrializado para la fabricaci\u00f3n de steel framing. Su principal caracter\u00edstica es la aplicaci\u00f3n de procesos optimizados que permiten ahorrar hasta un 30% tiempo de obra de construcci\u00f3n, con procesos que reducen residuos, minimizan impacto ambiental y optimizan recursos naturales. Durante el llamado a licitaci\u00f3n, present\u00f3 una oferta de 2.852.393.289,41 pesos.<\/p>\n\n\n\n<p>El proyecto de ampliaci\u00f3n del aeropuerto fue impulsado por la Direcci\u00f3n Provincial de Infraestructura Aeroportuaria y Ferroviaria del Ministerio de Infraestructura, en coordinaci\u00f3n con Neuqu\u00e9nTur S.E., con el objetivo de modernizar la terminal a\u00e9rea y adecuarla a la creciente demanda de pasajeros que experimenta la regi\u00f3n de los Lagos del Sur.<\/p>\n\n\n\n<figure class=\"wp-block-gallery has-nested-images columns-default is-cropped wp-block-gallery-3 is-layout-flex wp-block-gallery-is-layout-flex\">\n<figure class=\"wp-block-image size-large\"><img loading=\"lazy\" decoding=\"async\" width=\"1024\" height=\"576\" data-id=\"10903\" src=\"https:\/\/prensa.sma.gob.ar\/wp-content\/uploads\/2025\/11\/WhatsApp-Image-2025-11-07-at-12.26.18-1024x576.jpeg\" alt=\"\" class=\"wp-image-10903\" srcset=\"https:\/\/prensa.sma.gob.ar\/wp-content\/uploads\/2025\/11\/WhatsApp-Image-2025-11-07-at-12.26.18-1024x576.jpeg 1024w, https:\/\/prensa.sma.gob.ar\/wp-content\/uploads\/2025\/11\/WhatsApp-Image-2025-11-07-at-12.26.18-300x169.jpeg 300w, https:\/\/prensa.sma.gob.ar\/wp-content\/uploads\/2025\/11\/WhatsApp-Image-2025-11-07-at-12.26.18-768x432.jpeg 768w, https:\/\/prensa.sma.gob.ar\/wp-content\/uploads\/2025\/11\/WhatsApp-Image-2025-11-07-at-12.26.18-747x420.jpeg 747w, https:\/\/prensa.sma.gob.ar\/wp-content\/uploads\/2025\/11\/WhatsApp-Image-2025-11-07-at-12.26.18-696x392.jpeg 696w, https:\/\/prensa.sma.gob.ar\/wp-content\/uploads\/2025\/11\/WhatsApp-Image-2025-11-07-at-12.26.18-1068x601.jpeg 1068w, https:\/\/prensa.sma.gob.ar\/wp-content\/uploads\/2025\/11\/WhatsApp-Image-2025-11-07-at-12.26.18.jpeg 1280w\" sizes=\"auto, (max-width: 1024px) 100vw, 1024px\" \/><\/figure>\n\n\n\n<figure class=\"wp-block-image size-large\"><img loading=\"lazy\" decoding=\"async\" width=\"1024\" height=\"576\" data-id=\"10902\" src=\"https:\/\/prensa.sma.gob.ar\/wp-content\/uploads\/2025\/11\/WhatsApp-Image-2025-11-07-at-12.26.18-1-1024x576.jpeg\" alt=\"\" class=\"wp-image-10902\" srcset=\"https:\/\/prensa.sma.gob.ar\/wp-content\/uploads\/2025\/11\/WhatsApp-Image-2025-11-07-at-12.26.18-1-1024x576.jpeg 1024w, https:\/\/prensa.sma.gob.ar\/wp-content\/uploads\/2025\/11\/WhatsApp-Image-2025-11-07-at-12.26.18-1-300x169.jpeg 300w, https:\/\/prensa.sma.gob.ar\/wp-content\/uploads\/2025\/11\/WhatsApp-Image-2025-11-07-at-12.26.18-1-768x432.jpeg 768w, https:\/\/prensa.sma.gob.ar\/wp-content\/uploads\/2025\/11\/WhatsApp-Image-2025-11-07-at-12.26.18-1-747x420.jpeg 747w, https:\/\/prensa.sma.gob.ar\/wp-content\/uploads\/2025\/11\/WhatsApp-Image-2025-11-07-at-12.26.18-1-696x392.jpeg 696w, https:\/\/prensa.sma.gob.ar\/wp-content\/uploads\/2025\/11\/WhatsApp-Image-2025-11-07-at-12.26.18-1-1068x601.jpeg 1068w, https:\/\/prensa.sma.gob.ar\/wp-content\/uploads\/2025\/11\/WhatsApp-Image-2025-11-07-at-12.26.18-1.jpeg 1280w\" sizes=\"auto, (max-width: 1024px) 100vw, 1024px\" \/><\/figure>\n\n\n\n<figure class=\"wp-block-image size-large\"><img loading=\"lazy\" decoding=\"async\" width=\"1024\" height=\"576\" data-id=\"10901\" src=\"https:\/\/prensa.sma.gob.ar\/wp-content\/uploads\/2025\/11\/WhatsApp-Image-2025-11-07-at-12.26.19-1024x576.jpeg\" alt=\"\" class=\"wp-image-10901\" srcset=\"https:\/\/prensa.sma.gob.ar\/wp-content\/uploads\/2025\/11\/WhatsApp-Image-2025-11-07-at-12.26.19-1024x576.jpeg 1024w, https:\/\/prensa.sma.gob.ar\/wp-content\/uploads\/2025\/11\/WhatsApp-Image-2025-11-07-at-12.26.19-300x169.jpeg 300w, https:\/\/prensa.sma.gob.ar\/wp-content\/uploads\/2025\/11\/WhatsApp-Image-2025-11-07-at-12.26.19-768x432.jpeg 768w, https:\/\/prensa.sma.gob.ar\/wp-content\/uploads\/2025\/11\/WhatsApp-Image-2025-11-07-at-12.26.19-747x420.jpeg 747w, https:\/\/prensa.sma.gob.ar\/wp-content\/uploads\/2025\/11\/WhatsApp-Image-2025-11-07-at-12.26.19-696x392.jpeg 696w, https:\/\/prensa.sma.gob.ar\/wp-content\/uploads\/2025\/11\/WhatsApp-Image-2025-11-07-at-12.26.19-1068x601.jpeg 1068w, https:\/\/prensa.sma.gob.ar\/wp-content\/uploads\/2025\/11\/WhatsApp-Image-2025-11-07-at-12.26.19.jpeg 1280w\" sizes=\"auto, (max-width: 1024px) 100vw, 1024px\" \/><\/figure>\n\n\n\n<figure class=\"wp-block-image size-large\"><img loading=\"lazy\" decoding=\"async\" width=\"1024\" height=\"576\" data-id=\"10900\" src=\"https:\/\/prensa.sma.gob.ar\/wp-content\/uploads\/2025\/11\/WhatsApp-Image-2025-11-07-at-12.26.19-1-1024x576.jpeg\" alt=\"\" class=\"wp-image-10900\" srcset=\"https:\/\/prensa.sma.gob.ar\/wp-content\/uploads\/2025\/11\/WhatsApp-Image-2025-11-07-at-12.26.19-1-1024x576.jpeg 1024w, https:\/\/prensa.sma.gob.ar\/wp-content\/uploads\/2025\/11\/WhatsApp-Image-2025-11-07-at-12.26.19-1-300x169.jpeg 300w, https:\/\/prensa.sma.gob.ar\/wp-content\/uploads\/2025\/11\/WhatsApp-Image-2025-11-07-at-12.26.19-1-768x432.jpeg 768w, https:\/\/prensa.sma.gob.ar\/wp-content\/uploads\/2025\/11\/WhatsApp-Image-2025-11-07-at-12.26.19-1-747x420.jpeg 747w, https:\/\/prensa.sma.gob.ar\/wp-content\/uploads\/2025\/11\/WhatsApp-Image-2025-11-07-at-12.26.19-1-696x392.jpeg 696w, https:\/\/prensa.sma.gob.ar\/wp-content\/uploads\/2025\/11\/WhatsApp-Image-2025-11-07-at-12.26.19-1-1068x601.jpeg 1068w, https:\/\/prensa.sma.gob.ar\/wp-content\/uploads\/2025\/11\/WhatsApp-Image-2025-11-07-at-12.26.19-1.jpeg 1280w\" sizes=\"auto, (max-width: 1024px) 100vw, 1024px\" \/><\/figure>\n\n\n\n<figure class=\"wp-block-image size-large\"><img loading=\"lazy\" decoding=\"async\" width=\"1024\" height=\"576\" data-id=\"10899\" src=\"https:\/\/prensa.sma.gob.ar\/wp-content\/uploads\/2025\/11\/WhatsApp-Image-2025-11-07-at-12.26.20-1024x576.jpeg\" alt=\"\" class=\"wp-image-10899\" srcset=\"https:\/\/prensa.sma.gob.ar\/wp-content\/uploads\/2025\/11\/WhatsApp-Image-2025-11-07-at-12.26.20-1024x576.jpeg 1024w, https:\/\/prensa.sma.gob.ar\/wp-content\/uploads\/2025\/11\/WhatsApp-Image-2025-11-07-at-12.26.20-300x169.jpeg 300w, https:\/\/prensa.sma.gob.ar\/wp-content\/uploads\/2025\/11\/WhatsApp-Image-2025-11-07-at-12.26.20-768x432.jpeg 768w, https:\/\/prensa.sma.gob.ar\/wp-content\/uploads\/2025\/11\/WhatsApp-Image-2025-11-07-at-12.26.20-747x420.jpeg 747w, https:\/\/prensa.sma.gob.ar\/wp-content\/uploads\/2025\/11\/WhatsApp-Image-2025-11-07-at-12.26.20-696x392.jpeg 696w, https:\/\/prensa.sma.gob.ar\/wp-content\/uploads\/2025\/11\/WhatsApp-Image-2025-11-07-at-12.26.20-1068x601.jpeg 1068w, https:\/\/prensa.sma.gob.ar\/wp-content\/uploads\/2025\/11\/WhatsApp-Image-2025-11-07-at-12.26.20.jpeg 1280w\" sizes=\"auto, (max-width: 1024px) 100vw, 1024px\" \/><\/figure>\n\n\n\n<figure class=\"wp-block-image size-large\"><img loading=\"lazy\" decoding=\"async\" width=\"1024\" height=\"576\" data-id=\"10898\" src=\"https:\/\/prensa.sma.gob.ar\/wp-content\/uploads\/2025\/11\/WhatsApp-Image-2025-11-07-at-12.26.20-1-1024x576.jpeg\" alt=\"\" class=\"wp-image-10898\" srcset=\"https:\/\/prensa.sma.gob.ar\/wp-content\/uploads\/2025\/11\/WhatsApp-Image-2025-11-07-at-12.26.20-1-1024x576.jpeg 1024w, https:\/\/prensa.sma.gob.ar\/wp-content\/uploads\/2025\/11\/WhatsApp-Image-2025-11-07-at-12.26.20-1-300x169.jpeg 300w, https:\/\/prensa.sma.gob.ar\/wp-content\/uploads\/2025\/11\/WhatsApp-Image-2025-11-07-at-12.26.20-1-768x432.jpeg 768w, https:\/\/prensa.sma.gob.ar\/wp-content\/uploads\/2025\/11\/WhatsApp-Image-2025-11-07-at-12.26.20-1-747x420.jpeg 747w, https:\/\/prensa.sma.gob.ar\/wp-content\/uploads\/2025\/11\/WhatsApp-Image-2025-11-07-at-12.26.20-1-696x392.jpeg 696w, https:\/\/prensa.sma.gob.ar\/wp-content\/uploads\/2025\/11\/WhatsApp-Image-2025-11-07-at-12.26.20-1-1068x601.jpeg 1068w, https:\/\/prensa.sma.gob.ar\/wp-content\/uploads\/2025\/11\/WhatsApp-Image-2025-11-07-at-12.26.20-1.jpeg 1280w\" sizes=\"auto, (max-width: 1024px) 100vw, 1024px\" \/><\/figure>\n\n\n\n<figure class=\"wp-block-image size-large\"><img loading=\"lazy\" decoding=\"async\" width=\"1024\" height=\"576\" data-id=\"10897\" src=\"https:\/\/prensa.sma.gob.ar\/wp-content\/uploads\/2025\/11\/WhatsApp-Image-2025-11-07-at-12.26.20-2-1024x576.jpeg\" alt=\"\" class=\"wp-image-10897\" srcset=\"https:\/\/prensa.sma.gob.ar\/wp-content\/uploads\/2025\/11\/WhatsApp-Image-2025-11-07-at-12.26.20-2-1024x576.jpeg 1024w, https:\/\/prensa.sma.gob.ar\/wp-content\/uploads\/2025\/11\/WhatsApp-Image-2025-11-07-at-12.26.20-2-300x169.jpeg 300w, https:\/\/prensa.sma.gob.ar\/wp-content\/uploads\/2025\/11\/WhatsApp-Image-2025-11-07-at-12.26.20-2-768x432.jpeg 768w, https:\/\/prensa.sma.gob.ar\/wp-content\/uploads\/2025\/11\/WhatsApp-Image-2025-11-07-at-12.26.20-2-747x420.jpeg 747w, https:\/\/prensa.sma.gob.ar\/wp-content\/uploads\/2025\/11\/WhatsApp-Image-2025-11-07-at-12.26.20-2-696x392.jpeg 696w, https:\/\/prensa.sma.gob.ar\/wp-content\/uploads\/2025\/11\/WhatsApp-Image-2025-11-07-at-12.26.20-2-1068x601.jpeg 1068w, https:\/\/prensa.sma.gob.ar\/wp-content\/uploads\/2025\/11\/WhatsApp-Image-2025-11-07-at-12.26.20-2.jpeg 1280w\" sizes=\"auto, (max-width: 1024px) 100vw, 1024px\" \/><\/figure>\n\n\n\n<figure class=\"wp-block-image size-large\"><img loading=\"lazy\" decoding=\"async\" width=\"1024\" height=\"576\" data-id=\"10896\" src=\"https:\/\/prensa.sma.gob.ar\/wp-content\/uploads\/2025\/11\/WhatsApp-Image-2025-11-07-at-12.26.21-1024x576.jpeg\" alt=\"\" class=\"wp-image-10896\" srcset=\"https:\/\/prensa.sma.gob.ar\/wp-content\/uploads\/2025\/11\/WhatsApp-Image-2025-11-07-at-12.26.21-1024x576.jpeg 1024w, https:\/\/prensa.sma.gob.ar\/wp-content\/uploads\/2025\/11\/WhatsApp-Image-2025-11-07-at-12.26.21-300x169.jpeg 300w, https:\/\/prensa.sma.gob.ar\/wp-content\/uploads\/2025\/11\/WhatsApp-Image-2025-11-07-at-12.26.21-768x432.jpeg 768w, https:\/\/prensa.sma.gob.ar\/wp-content\/uploads\/2025\/11\/WhatsApp-Image-2025-11-07-at-12.26.21-747x420.jpeg 747w, https:\/\/prensa.sma.gob.ar\/wp-content\/uploads\/2025\/11\/WhatsApp-Image-2025-11-07-at-12.26.21-696x392.jpeg 696w, https:\/\/prensa.sma.gob.ar\/wp-content\/uploads\/2025\/11\/WhatsApp-Image-2025-11-07-at-12.26.21-1068x601.jpeg 1068w, https:\/\/prensa.sma.gob.ar\/wp-content\/uploads\/2025\/11\/WhatsApp-Image-2025-11-07-at-12.26.21.jpeg 1280w\" sizes=\"auto, (max-width: 1024px) 100vw, 1024px\" \/><\/figure>\n\n\n\n<figure class=\"wp-block-image size-large\"><img loading=\"lazy\" decoding=\"async\" width=\"1024\" height=\"576\" data-id=\"10907\" src=\"https:\/\/prensa.sma.gob.ar\/wp-content\/uploads\/2025\/11\/WhatsApp-Image-2025-11-07-at-12.26.16-1024x576.jpeg\" alt=\"\" class=\"wp-image-10907\" srcset=\"https:\/\/prensa.sma.gob.ar\/wp-content\/uploads\/2025\/11\/WhatsApp-Image-2025-11-07-at-12.26.16-1024x576.jpeg 1024w, https:\/\/prensa.sma.gob.ar\/wp-content\/uploads\/2025\/11\/WhatsApp-Image-2025-11-07-at-12.26.16-300x169.jpeg 300w, https:\/\/prensa.sma.gob.ar\/wp-content\/uploads\/2025\/11\/WhatsApp-Image-2025-11-07-at-12.26.16-768x432.jpeg 768w, https:\/\/prensa.sma.gob.ar\/wp-content\/uploads\/2025\/11\/WhatsApp-Image-2025-11-07-at-12.26.16-747x420.jpeg 747w, https:\/\/prensa.sma.gob.ar\/wp-content\/uploads\/2025\/11\/WhatsApp-Image-2025-11-07-at-12.26.16-696x392.jpeg 696w, https:\/\/prensa.sma.gob.ar\/wp-content\/uploads\/2025\/11\/WhatsApp-Image-2025-11-07-at-12.26.16-1068x601.jpeg 1068w, https:\/\/prensa.sma.gob.ar\/wp-content\/uploads\/2025\/11\/WhatsApp-Image-2025-11-07-at-12.26.16.jpeg 1280w\" sizes=\"auto, (max-width: 1024px) 100vw, 1024px\" \/><\/figure>\n<\/figure>\n\n\n\n<p><em>Informe: Leila Yemina Anaise (Fotos); Adri\u00e1n Fern\u00e1ndez (Redacci\u00f3n)<\/em><\/p>\n","protected":false},"excerpt":{"rendered":"<p>Las reformas del aeropuerto Aviador Carlos Campos, que comenzaron hace tres semanas, permitir\u00e1n que el edificio duplique la superficie cubierta para el movimiento de pasajeros y tenga est\u00e1ndares de confort similares a las estaciones a\u00e9reas de primer nivel del pa\u00eds, incluyendo nuevos n\u00facleos sanitarios, m\u00e1s espaciosos y accesibles. La superficie cubierta actual del aeropuerto es [&hellip;]<\/p>\n","protected":false},"author":2,"featured_media":10906,"comment_status":"closed","ping_status":"open","sticky":false,"template":"","format":"standard","meta":{"footnotes":""},"categories":[16,14,17],"tags":[],"class_list":{"0":"post-10893","1":"post","2":"type-post","3":"status-publish","4":"format-standard","5":"has-post-thumbnail","7":"category-destacadas","8":"category-noticias","9":"category-portada"},"_links":{"self":[{"href":"https:\/\/prensa.sma.gob.ar\/index.php?rest_route=\/wp\/v2\/posts\/10893","targetHints":{"allow":["GET"]}}],"collection":[{"href":"https:\/\/prensa.sma.gob.ar\/index.php?rest_route=\/wp\/v2\/posts"}],"about":[{"href":"https:\/\/prensa.sma.gob.ar\/index.php?rest_route=\/wp\/v2\/types\/post"}],"author":[{"embeddable":true,"href":"https:\/\/prensa.sma.gob.ar\/index.php?rest_route=\/wp\/v2\/users\/2"}],"replies":[{"embeddable":true,"href":"https:\/\/prensa.sma.gob.ar\/index.php?rest_route=%2Fwp%2Fv2%2Fcomments&post=10893"}],"version-history":[{"count":2,"href":"https:\/\/prensa.sma.gob.ar\/index.php?rest_route=\/wp\/v2\/posts\/10893\/revisions"}],"predecessor-version":[{"id":10909,"href":"https:\/\/prensa.sma.gob.ar\/index.php?rest_route=\/wp\/v2\/posts\/10893\/revisions\/10909"}],"wp:featuredmedia":[{"embeddable":true,"href":"https:\/\/prensa.sma.gob.ar\/index.php?rest_route=\/wp\/v2\/media\/10906"}],"wp:attachment":[{"href":"https:\/\/prensa.sma.gob.ar\/index.php?rest_route=%2Fwp%2Fv2%2Fmedia&parent=10893"}],"wp:term":[{"taxonomy":"category","embeddable":true,"href":"https:\/\/prensa.sma.gob.ar\/index.php?rest_route=%2Fwp%2Fv2%2Fcategories&post=10893"},{"taxonomy":"post_tag","embeddable":true,"href":"https:\/\/prensa.sma.gob.ar\/index.php?rest_route=%2Fwp%2Fv2%2Ftags&post=10893"}],"curies":[{"name":"wp","href":"https:\/\/api.w.org\/{rel}","templated":true}]}}