{"id":10914,"date":"2025-11-11T14:01:48","date_gmt":"2025-11-11T14:01:48","guid":{"rendered":"https:\/\/prensa.sma.gob.ar\/?p=10914"},"modified":"2025-11-11T14:01:50","modified_gmt":"2025-11-11T14:01:50","slug":"se-realizo-una-ronda-de-reuniones-barriales-en-el-marco-de-la-consultoria-sobre-infraestructura-y-diversificacion-productiva","status":"publish","type":"post","link":"https:\/\/prensa.sma.gob.ar\/?p=10914","title":{"rendered":"Se realiz\u00f3 una ronda de reuniones barriales en el marco de la consultor\u00eda sobre Infraestructura y Diversificaci\u00f3n Productiva"},"content":{"rendered":"\n<p>La semana pasada se realizaron encuentros con las distintas comisiones barriales de las Juntas Vecinales en el marco de la consultor\u00eda \u201cEstrategias y herramientas de gesti\u00f3n para la inversi\u00f3n en infraestructura y la diversificaci\u00f3n productiva en el Municipio de San Mart\u00edn de los Andes\u201d.<\/p>\n\n\n\n<p>Estas actividades forman parte de un proceso de diagn\u00f3stico y participaci\u00f3n ciudadana orientado a fortalecer las capacidades locales y a proyectar un desarrollo sostenible para la comunidad.<\/p>\n\n\n\n<p>El lunes 3 de noviembre participaron las Juntas Vecinales de las diferentes zonas de Cordones de Chapelco y de Chacra 32; el martes 4 fue el turno de las juntas de Kaleuche, Parque Rosales y Callejones; mientras que el mi\u00e9rcoles se reunieron las comisiones de los barrios Centro, Vallejos, Los Radales, Kumelkayen y Cantera.<\/p>\n\n\n\n<p>La Secretar\u00eda de Coordinaci\u00f3n del CoPE se\u00f1al\u00f3 que, en cada encuentro, se generaron espacios de di\u00e1logo para compartir miradas sobre las necesidades de infraestructura, los desaf\u00edos productivos y las oportunidades de articulaci\u00f3n entre el municipio y los vecinos.<\/p>\n\n\n\n<p>En paralelo, comenz\u00f3 a circular una encuesta an\u00f3nima de participaci\u00f3n virtual, disponible a trav\u00e9s de las redes sociales de las distintas comisiones vecinales. El objetivo de esta herramienta es recoger la percepci\u00f3n de los vecinos sobre el modelo de desarrollo actual de la ciudad, conocer los desaf\u00edos que enfrenta San Mart\u00edn de los Andes e identificar nuevas oportunidades productivas que contribuyan al bienestar general.<\/p>\n\n\n\n<p>Este proceso de participaci\u00f3n vecinal y planificaci\u00f3n estrat\u00e9gica es impulsado por la Secretar\u00eda de Coordinaci\u00f3n del CoPE, en articulaci\u00f3n con la Subsecretar\u00eda de Juntas Vecinales, y busca consolidar una visi\u00f3n compartida del futuro de la ciudad, promoviendo el compromiso y la construcci\u00f3n colectiva de propuestas para un San Mart\u00edn de los Andes m\u00e1s equitativo y sustentable.<\/p>\n\n\n\n<figure class=\"wp-block-gallery has-nested-images columns-default is-cropped wp-block-gallery-1 is-layout-flex wp-block-gallery-is-layout-flex\">\n<figure class=\"wp-block-image size-large\"><img loading=\"lazy\" decoding=\"async\" width=\"1024\" height=\"576\" data-id=\"10917\" src=\"https:\/\/prensa.sma.gob.ar\/wp-content\/uploads\/2025\/11\/DIVERSIFICACION-PRODUCTIVA-1-1024x576.jpeg\" alt=\"\" class=\"wp-image-10917\" srcset=\"https:\/\/prensa.sma.gob.ar\/wp-content\/uploads\/2025\/11\/DIVERSIFICACION-PRODUCTIVA-1-1024x576.jpeg 1024w, https:\/\/prensa.sma.gob.ar\/wp-content\/uploads\/2025\/11\/DIVERSIFICACION-PRODUCTIVA-1-300x169.jpeg 300w, https:\/\/prensa.sma.gob.ar\/wp-content\/uploads\/2025\/11\/DIVERSIFICACION-PRODUCTIVA-1-768x432.jpeg 768w, https:\/\/prensa.sma.gob.ar\/wp-content\/uploads\/2025\/11\/DIVERSIFICACION-PRODUCTIVA-1-1536x864.jpeg 1536w, https:\/\/prensa.sma.gob.ar\/wp-content\/uploads\/2025\/11\/DIVERSIFICACION-PRODUCTIVA-1-747x420.jpeg 747w, https:\/\/prensa.sma.gob.ar\/wp-content\/uploads\/2025\/11\/DIVERSIFICACION-PRODUCTIVA-1-696x392.jpeg 696w, https:\/\/prensa.sma.gob.ar\/wp-content\/uploads\/2025\/11\/DIVERSIFICACION-PRODUCTIVA-1-1068x601.jpeg 1068w, https:\/\/prensa.sma.gob.ar\/wp-content\/uploads\/2025\/11\/DIVERSIFICACION-PRODUCTIVA-1.jpeg 1600w\" sizes=\"auto, (max-width: 1024px) 100vw, 1024px\" \/><\/figure>\n\n\n\n<figure class=\"wp-block-image size-large\"><img loading=\"lazy\" decoding=\"async\" width=\"1024\" height=\"576\" data-id=\"10916\" src=\"https:\/\/prensa.sma.gob.ar\/wp-content\/uploads\/2025\/11\/DIVERSIFICACION-PRODUCTIVA-2-1024x576.jpeg\" alt=\"\" class=\"wp-image-10916\" srcset=\"https:\/\/prensa.sma.gob.ar\/wp-content\/uploads\/2025\/11\/DIVERSIFICACION-PRODUCTIVA-2-1024x576.jpeg 1024w, https:\/\/prensa.sma.gob.ar\/wp-content\/uploads\/2025\/11\/DIVERSIFICACION-PRODUCTIVA-2-300x169.jpeg 300w, https:\/\/prensa.sma.gob.ar\/wp-content\/uploads\/2025\/11\/DIVERSIFICACION-PRODUCTIVA-2-768x432.jpeg 768w, https:\/\/prensa.sma.gob.ar\/wp-content\/uploads\/2025\/11\/DIVERSIFICACION-PRODUCTIVA-2-1536x864.jpeg 1536w, https:\/\/prensa.sma.gob.ar\/wp-content\/uploads\/2025\/11\/DIVERSIFICACION-PRODUCTIVA-2-747x420.jpeg 747w, https:\/\/prensa.sma.gob.ar\/wp-content\/uploads\/2025\/11\/DIVERSIFICACION-PRODUCTIVA-2-696x392.jpeg 696w, https:\/\/prensa.sma.gob.ar\/wp-content\/uploads\/2025\/11\/DIVERSIFICACION-PRODUCTIVA-2-1068x601.jpeg 1068w, https:\/\/prensa.sma.gob.ar\/wp-content\/uploads\/2025\/11\/DIVERSIFICACION-PRODUCTIVA-2.jpeg 1600w\" sizes=\"auto, (max-width: 1024px) 100vw, 1024px\" \/><\/figure>\n<\/figure>\n","protected":false},"excerpt":{"rendered":"<p>La semana pasada se realizaron encuentros con las distintas comisiones barriales de las Juntas Vecinales en el marco de la consultor\u00eda \u201cEstrategias y herramientas de gesti\u00f3n para la inversi\u00f3n en infraestructura y la diversificaci\u00f3n productiva en el Municipio de San Mart\u00edn de los Andes\u201d. Estas actividades forman parte de un proceso de diagn\u00f3stico y participaci\u00f3n [&hellip;]<\/p>\n","protected":false},"author":3,"featured_media":10915,"comment_status":"closed","ping_status":"open","sticky":false,"template":"","format":"standard","meta":{"footnotes":""},"categories":[39,14],"tags":[],"class_list":{"0":"post-10914","1":"post","2":"type-post","3":"status-publish","4":"format-standard","5":"has-post-thumbnail","7":"category-subs-juntas-vecinales","8":"category-noticias"},"_links":{"self":[{"href":"https:\/\/prensa.sma.gob.ar\/index.php?rest_route=\/wp\/v2\/posts\/10914","targetHints":{"allow":["GET"]}}],"collection":[{"href":"https:\/\/prensa.sma.gob.ar\/index.php?rest_route=\/wp\/v2\/posts"}],"about":[{"href":"https:\/\/prensa.sma.gob.ar\/index.php?rest_route=\/wp\/v2\/types\/post"}],"author":[{"embeddable":true,"href":"https:\/\/prensa.sma.gob.ar\/index.php?rest_route=\/wp\/v2\/users\/3"}],"replies":[{"embeddable":true,"href":"https:\/\/prensa.sma.gob.ar\/index.php?rest_route=%2Fwp%2Fv2%2Fcomments&post=10914"}],"version-history":[{"count":1,"href":"https:\/\/prensa.sma.gob.ar\/index.php?rest_route=\/wp\/v2\/posts\/10914\/revisions"}],"predecessor-version":[{"id":10918,"href":"https:\/\/prensa.sma.gob.ar\/index.php?rest_route=\/wp\/v2\/posts\/10914\/revisions\/10918"}],"wp:featuredmedia":[{"embeddable":true,"href":"https:\/\/prensa.sma.gob.ar\/index.php?rest_route=\/wp\/v2\/media\/10915"}],"wp:attachment":[{"href":"https:\/\/prensa.sma.gob.ar\/index.php?rest_route=%2Fwp%2Fv2%2Fmedia&parent=10914"}],"wp:term":[{"taxonomy":"category","embeddable":true,"href":"https:\/\/prensa.sma.gob.ar\/index.php?rest_route=%2Fwp%2Fv2%2Fcategories&post=10914"},{"taxonomy":"post_tag","embeddable":true,"href":"https:\/\/prensa.sma.gob.ar\/index.php?rest_route=%2Fwp%2Fv2%2Ftags&post=10914"}],"curies":[{"name":"wp","href":"https:\/\/api.w.org\/{rel}","templated":true}]}}