{"id":11001,"date":"2025-11-14T15:27:58","date_gmt":"2025-11-14T15:27:58","guid":{"rendered":"https:\/\/prensa.sma.gob.ar\/?p=11001"},"modified":"2025-11-14T15:27:59","modified_gmt":"2025-11-14T15:27:59","slug":"la-provincia-de-neuquen-lanza-la-segunda-edicion-del-registro-de-alquileres","status":"publish","type":"post","link":"https:\/\/prensa.sma.gob.ar\/?p=11001","title":{"rendered":"La provincia de Neuqu\u00e9n lanza la segunda edici\u00f3n del Registro de Alquileres"},"content":{"rendered":"\n<p>El gobierno neuquino explic\u00f3 que el objetivo de esta iniciativa es actualizar y relevar informaci\u00f3n sobre la situaci\u00f3n de los hogares que alquilan en la provincia.<\/p>\n\n\n\n<p>Provincia busca recopilar informaci\u00f3n detallada sobre la situaci\u00f3n de los alquileres en Neuqu\u00e9n para generar un sistema integrado de datos que permita el desarrollo de herramientas y acciones intersectoriales para un mejor acceso a la vivienda por contrato de alquiler.<\/p>\n\n\n\n<p>La directora del Instituto de Vivienda y H\u00e1bitat (IVH), Carolina Amaya, se\u00f1al\u00f3 que esta \u00e1rea del Municipio promueve esta actualizaci\u00f3n \u201csabiendo que San Mart\u00edn transita su d\u00e9cima emergencia habitacional\u201d con el \u201cobjetivo siempre de seguir trabajando con Provincia para que el acceso a la vivienda sea m\u00e1s justo y m\u00e1s equilibrado\u201d.<\/p>\n\n\n\n<p>Amaya destac\u00f3 la alianza entre el Monitor de Alquileres que lleva adelante la Provincia y con el Observatorio de Alquileres, con el IVH y el Conicet, para trabajar en la \u201cconstrucci\u00f3n de indicadores para tener actualizada la din\u00e1mica de los alquileres, tanto a nivel provincial como a nivel local\u201d.<br>Enlace para la encuesta:<\/p>\n\n\n\n<p><a href=\"https:\/\/encuestainquilinos.neuquen.gov.ar\">https:\/\/encuestainquilinos.neuquen.gov.ar<\/a><\/p>\n\n\n\n<p><\/p>\n","protected":false},"excerpt":{"rendered":"<p>El gobierno neuquino explic\u00f3 que el objetivo de esta iniciativa es actualizar y relevar informaci\u00f3n sobre la situaci\u00f3n de los hogares que alquilan en la provincia. Provincia busca recopilar informaci\u00f3n detallada sobre la situaci\u00f3n de los alquileres en Neuqu\u00e9n para generar un sistema integrado de datos que permita el desarrollo de herramientas y acciones intersectoriales [&hellip;]<\/p>\n","protected":false},"author":3,"featured_media":11002,"comment_status":"closed","ping_status":"open","sticky":false,"template":"","format":"standard","meta":{"footnotes":""},"categories":[16,14,37],"tags":[],"class_list":{"0":"post-11001","1":"post","2":"type-post","3":"status-publish","4":"format-standard","5":"has-post-thumbnail","7":"category-destacadas","8":"category-noticias","9":"category-vivienda"},"_links":{"self":[{"href":"https:\/\/prensa.sma.gob.ar\/index.php?rest_route=\/wp\/v2\/posts\/11001","targetHints":{"allow":["GET"]}}],"collection":[{"href":"https:\/\/prensa.sma.gob.ar\/index.php?rest_route=\/wp\/v2\/posts"}],"about":[{"href":"https:\/\/prensa.sma.gob.ar\/index.php?rest_route=\/wp\/v2\/types\/post"}],"author":[{"embeddable":true,"href":"https:\/\/prensa.sma.gob.ar\/index.php?rest_route=\/wp\/v2\/users\/3"}],"replies":[{"embeddable":true,"href":"https:\/\/prensa.sma.gob.ar\/index.php?rest_route=%2Fwp%2Fv2%2Fcomments&post=11001"}],"version-history":[{"count":1,"href":"https:\/\/prensa.sma.gob.ar\/index.php?rest_route=\/wp\/v2\/posts\/11001\/revisions"}],"predecessor-version":[{"id":11003,"href":"https:\/\/prensa.sma.gob.ar\/index.php?rest_route=\/wp\/v2\/posts\/11001\/revisions\/11003"}],"wp:featuredmedia":[{"embeddable":true,"href":"https:\/\/prensa.sma.gob.ar\/index.php?rest_route=\/wp\/v2\/media\/11002"}],"wp:attachment":[{"href":"https:\/\/prensa.sma.gob.ar\/index.php?rest_route=%2Fwp%2Fv2%2Fmedia&parent=11001"}],"wp:term":[{"taxonomy":"category","embeddable":true,"href":"https:\/\/prensa.sma.gob.ar\/index.php?rest_route=%2Fwp%2Fv2%2Fcategories&post=11001"},{"taxonomy":"post_tag","embeddable":true,"href":"https:\/\/prensa.sma.gob.ar\/index.php?rest_route=%2Fwp%2Fv2%2Ftags&post=11001"}],"curies":[{"name":"wp","href":"https:\/\/api.w.org\/{rel}","templated":true}]}}