{"id":1101,"date":"2024-07-19T18:56:07","date_gmt":"2024-07-19T18:56:07","guid":{"rendered":"https:\/\/prensa.sma.gob.ar\/?p=1101"},"modified":"2024-07-19T18:56:09","modified_gmt":"2024-07-19T18:56:09","slug":"se-realizara-en-el-arenal-una-nueva-jornada-de-atencion-a-juntas-vecinales","status":"publish","type":"post","link":"https:\/\/prensa.sma.gob.ar\/?p=1101","title":{"rendered":"Se realizar\u00e1 en El Arenal una nueva jornada de atenci\u00f3n a juntas vecinales"},"content":{"rendered":"\n<p>El pr\u00f3ximo martes 23, la Subsecretar\u00eda de Juntas Vecinales San Mart\u00edn de los Andes atender\u00e1 a las comisiones barriales de la zona, como parte de las jornadas que se realizan en las Delegaciones del Municipio.<\/p>\n\n\n\n<p>En encuentro se desarrollar\u00e1 de 14 a 17 en la Oficina de Empleo de la Delegaci\u00f3n de El Arenal y estar\u00e1 encabezado por la secretar\u00eda de Juntas Vecinales, Irina Allegri, y la jefa de este <a><\/a>Departamento, Lorena Gonz\u00e1lez.<\/p>\n\n\n\n<p>La jornada servir\u00e1, adem\u00e1s, para recibir a vecinas y vecinos que est\u00e9n interesados en conformar la Junta Vecinal de El Arenal.<\/p>\n","protected":false},"excerpt":{"rendered":"<p>El pr\u00f3ximo martes 23, la Subsecretar\u00eda de Juntas Vecinales San Mart\u00edn de los Andes atender\u00e1 a las comisiones barriales de la zona, como parte de las jornadas que se realizan en las Delegaciones del Municipio. En encuentro se desarrollar\u00e1 de 14 a 17 en la Oficina de Empleo de la Delegaci\u00f3n de El Arenal y [&hellip;]<\/p>\n","protected":false},"author":2,"featured_media":1102,"comment_status":"closed","ping_status":"open","sticky":false,"template":"","format":"standard","meta":{"footnotes":""},"categories":[16,11,14],"tags":[],"class_list":{"0":"post-1101","1":"post","2":"type-post","3":"status-publish","4":"format-standard","5":"has-post-thumbnail","7":"category-destacadas","8":"category-gobierno","9":"category-noticias"},"_links":{"self":[{"href":"https:\/\/prensa.sma.gob.ar\/index.php?rest_route=\/wp\/v2\/posts\/1101","targetHints":{"allow":["GET"]}}],"collection":[{"href":"https:\/\/prensa.sma.gob.ar\/index.php?rest_route=\/wp\/v2\/posts"}],"about":[{"href":"https:\/\/prensa.sma.gob.ar\/index.php?rest_route=\/wp\/v2\/types\/post"}],"author":[{"embeddable":true,"href":"https:\/\/prensa.sma.gob.ar\/index.php?rest_route=\/wp\/v2\/users\/2"}],"replies":[{"embeddable":true,"href":"https:\/\/prensa.sma.gob.ar\/index.php?rest_route=%2Fwp%2Fv2%2Fcomments&post=1101"}],"version-history":[{"count":1,"href":"https:\/\/prensa.sma.gob.ar\/index.php?rest_route=\/wp\/v2\/posts\/1101\/revisions"}],"predecessor-version":[{"id":1103,"href":"https:\/\/prensa.sma.gob.ar\/index.php?rest_route=\/wp\/v2\/posts\/1101\/revisions\/1103"}],"wp:featuredmedia":[{"embeddable":true,"href":"https:\/\/prensa.sma.gob.ar\/index.php?rest_route=\/wp\/v2\/media\/1102"}],"wp:attachment":[{"href":"https:\/\/prensa.sma.gob.ar\/index.php?rest_route=%2Fwp%2Fv2%2Fmedia&parent=1101"}],"wp:term":[{"taxonomy":"category","embeddable":true,"href":"https:\/\/prensa.sma.gob.ar\/index.php?rest_route=%2Fwp%2Fv2%2Fcategories&post=1101"},{"taxonomy":"post_tag","embeddable":true,"href":"https:\/\/prensa.sma.gob.ar\/index.php?rest_route=%2Fwp%2Fv2%2Ftags&post=1101"}],"curies":[{"name":"wp","href":"https:\/\/api.w.org\/{rel}","templated":true}]}}