{"id":1108,"date":"2024-07-20T04:20:24","date_gmt":"2024-07-20T04:20:24","guid":{"rendered":"https:\/\/prensa.sma.gob.ar\/?p=1108"},"modified":"2024-07-20T04:20:26","modified_gmt":"2024-07-20T04:20:26","slug":"hallan-agua-en-kaleuche-para-la-distribucion-entre-los-vecinos","status":"publish","type":"post","link":"https:\/\/prensa.sma.gob.ar\/?p=1108","title":{"rendered":"Hallan agua en Kaleuche para la distribuci\u00f3n entre los vecinos"},"content":{"rendered":"\n<p>Este viernes se logr\u00f3 extraer agua con un caudal de 26.000 litros\/hora tras la perforaci\u00f3n de 30 metros, que permitir\u00e1 abastecer a los camiones que hacen la distribuci\u00f3n en el barrio, sin necesidad de trasladarla desde el cuartel de bomberos en el barrio El Arenal.<\/p>\n\n\n\n<p>Con este hallazgo no solamente se ahorra el tiempo de cada viaje sino tambi\u00e9n el mejor aprovechamiento de veh\u00edculos de transporte y, sobre todo, evitar <a><\/a>los caminos en tiempos de inclemencias clim\u00e1ticas.<\/p>\n\n\n\n<p>La Secretar\u00eda de Obras P\u00fablicas del Municipio calific\u00f3 a este hallazgo como una noticia muy importante para la comunidad del barrio, que se pudo lograr tras un estudio geol\u00f3gico para determinar el lugar con mayores posibilidades de sacar agua a menor profundidad.<\/p>\n\n\n\n<p>La extracci\u00f3n se logr\u00f3 con la perforaci\u00f3n a 30 metros, entubados en ca\u00f1os de 6 pulgadas de acero, y se pudo concretar con aportes econ\u00f3micos de Recursos H\u00eddricos de la provincia de Neuqu\u00e9n y del Municipio.<\/p>\n\n\n\n<p>Obras P\u00fablicas inform\u00f3, adem\u00e1s, que en los pr\u00f3ximos d\u00edas se realizar\u00e1n las instalaciones de las bombas correspondientes para la carga de los camiones que llevar\u00e1n el agua al vecindario.<\/p>\n\n\n\n<figure class=\"wp-block-gallery has-nested-images columns-default is-cropped wp-block-gallery-1 is-layout-flex wp-block-gallery-is-layout-flex\">\n<figure class=\"wp-block-image size-large\"><img loading=\"lazy\" decoding=\"async\" width=\"1024\" height=\"461\" data-id=\"1109\" src=\"https:\/\/prensa.sma.gob.ar\/wp-content\/uploads\/2024\/07\/AGUA-KALEUCHE-1-1024x461.jpg\" alt=\"\" class=\"wp-image-1109\" srcset=\"https:\/\/prensa.sma.gob.ar\/wp-content\/uploads\/2024\/07\/AGUA-KALEUCHE-1-1024x461.jpg 1024w, https:\/\/prensa.sma.gob.ar\/wp-content\/uploads\/2024\/07\/AGUA-KALEUCHE-1-300x135.jpg 300w, https:\/\/prensa.sma.gob.ar\/wp-content\/uploads\/2024\/07\/AGUA-KALEUCHE-1-768x346.jpg 768w, https:\/\/prensa.sma.gob.ar\/wp-content\/uploads\/2024\/07\/AGUA-KALEUCHE-1-933x420.jpg 933w, https:\/\/prensa.sma.gob.ar\/wp-content\/uploads\/2024\/07\/AGUA-KALEUCHE-1-696x313.jpg 696w, https:\/\/prensa.sma.gob.ar\/wp-content\/uploads\/2024\/07\/AGUA-KALEUCHE-1-1068x481.jpg 1068w, https:\/\/prensa.sma.gob.ar\/wp-content\/uploads\/2024\/07\/AGUA-KALEUCHE-1.jpg 1280w\" sizes=\"auto, (max-width: 1024px) 100vw, 1024px\" \/><\/figure>\n\n\n\n<figure class=\"wp-block-image size-large\"><img loading=\"lazy\" decoding=\"async\" width=\"1024\" height=\"461\" data-id=\"1111\" src=\"https:\/\/prensa.sma.gob.ar\/wp-content\/uploads\/2024\/07\/AGUA-KALEUCHE-3-1024x461.jpg\" alt=\"\" class=\"wp-image-1111\" srcset=\"https:\/\/prensa.sma.gob.ar\/wp-content\/uploads\/2024\/07\/AGUA-KALEUCHE-3-1024x461.jpg 1024w, https:\/\/prensa.sma.gob.ar\/wp-content\/uploads\/2024\/07\/AGUA-KALEUCHE-3-300x135.jpg 300w, https:\/\/prensa.sma.gob.ar\/wp-content\/uploads\/2024\/07\/AGUA-KALEUCHE-3-768x346.jpg 768w, https:\/\/prensa.sma.gob.ar\/wp-content\/uploads\/2024\/07\/AGUA-KALEUCHE-3-933x420.jpg 933w, https:\/\/prensa.sma.gob.ar\/wp-content\/uploads\/2024\/07\/AGUA-KALEUCHE-3-696x313.jpg 696w, https:\/\/prensa.sma.gob.ar\/wp-content\/uploads\/2024\/07\/AGUA-KALEUCHE-3-1068x481.jpg 1068w, https:\/\/prensa.sma.gob.ar\/wp-content\/uploads\/2024\/07\/AGUA-KALEUCHE-3.jpg 1280w\" sizes=\"auto, (max-width: 1024px) 100vw, 1024px\" \/><\/figure>\n\n\n\n<figure class=\"wp-block-image size-large\"><img loading=\"lazy\" decoding=\"async\" width=\"1024\" height=\"461\" data-id=\"1112\" src=\"https:\/\/prensa.sma.gob.ar\/wp-content\/uploads\/2024\/07\/AGUA-KALEUCHE-4-1024x461.jpg\" alt=\"\" class=\"wp-image-1112\" srcset=\"https:\/\/prensa.sma.gob.ar\/wp-content\/uploads\/2024\/07\/AGUA-KALEUCHE-4-1024x461.jpg 1024w, https:\/\/prensa.sma.gob.ar\/wp-content\/uploads\/2024\/07\/AGUA-KALEUCHE-4-300x135.jpg 300w, https:\/\/prensa.sma.gob.ar\/wp-content\/uploads\/2024\/07\/AGUA-KALEUCHE-4-768x346.jpg 768w, https:\/\/prensa.sma.gob.ar\/wp-content\/uploads\/2024\/07\/AGUA-KALEUCHE-4-933x420.jpg 933w, https:\/\/prensa.sma.gob.ar\/wp-content\/uploads\/2024\/07\/AGUA-KALEUCHE-4-696x313.jpg 696w, https:\/\/prensa.sma.gob.ar\/wp-content\/uploads\/2024\/07\/AGUA-KALEUCHE-4-1068x481.jpg 1068w, https:\/\/prensa.sma.gob.ar\/wp-content\/uploads\/2024\/07\/AGUA-KALEUCHE-4.jpg 1280w\" sizes=\"auto, (max-width: 1024px) 100vw, 1024px\" \/><\/figure>\n<\/figure>\n","protected":false},"excerpt":{"rendered":"<p>Este viernes se logr\u00f3 extraer agua con un caudal de 26.000 litros\/hora tras la perforaci\u00f3n de 30 metros, que permitir\u00e1 abastecer a los camiones que hacen la distribuci\u00f3n en el barrio, sin necesidad de trasladarla desde el cuartel de bomberos en el barrio El Arenal. Con este hallazgo no solamente se ahorra el tiempo de [&hellip;]<\/p>\n","protected":false},"author":2,"featured_media":1113,"comment_status":"closed","ping_status":"open","sticky":false,"template":"","format":"standard","meta":{"footnotes":""},"categories":[16,14,19,17],"tags":[],"class_list":{"0":"post-1108","1":"post","2":"type-post","3":"status-publish","4":"format-standard","5":"has-post-thumbnail","7":"category-destacadas","8":"category-noticias","9":"category-obras-y-servicios-publicos","10":"category-portada"},"_links":{"self":[{"href":"https:\/\/prensa.sma.gob.ar\/index.php?rest_route=\/wp\/v2\/posts\/1108","targetHints":{"allow":["GET"]}}],"collection":[{"href":"https:\/\/prensa.sma.gob.ar\/index.php?rest_route=\/wp\/v2\/posts"}],"about":[{"href":"https:\/\/prensa.sma.gob.ar\/index.php?rest_route=\/wp\/v2\/types\/post"}],"author":[{"embeddable":true,"href":"https:\/\/prensa.sma.gob.ar\/index.php?rest_route=\/wp\/v2\/users\/2"}],"replies":[{"embeddable":true,"href":"https:\/\/prensa.sma.gob.ar\/index.php?rest_route=%2Fwp%2Fv2%2Fcomments&post=1108"}],"version-history":[{"count":1,"href":"https:\/\/prensa.sma.gob.ar\/index.php?rest_route=\/wp\/v2\/posts\/1108\/revisions"}],"predecessor-version":[{"id":1114,"href":"https:\/\/prensa.sma.gob.ar\/index.php?rest_route=\/wp\/v2\/posts\/1108\/revisions\/1114"}],"wp:featuredmedia":[{"embeddable":true,"href":"https:\/\/prensa.sma.gob.ar\/index.php?rest_route=\/wp\/v2\/media\/1113"}],"wp:attachment":[{"href":"https:\/\/prensa.sma.gob.ar\/index.php?rest_route=%2Fwp%2Fv2%2Fmedia&parent=1108"}],"wp:term":[{"taxonomy":"category","embeddable":true,"href":"https:\/\/prensa.sma.gob.ar\/index.php?rest_route=%2Fwp%2Fv2%2Fcategories&post=1108"},{"taxonomy":"post_tag","embeddable":true,"href":"https:\/\/prensa.sma.gob.ar\/index.php?rest_route=%2Fwp%2Fv2%2Ftags&post=1108"}],"curies":[{"name":"wp","href":"https:\/\/api.w.org\/{rel}","templated":true}]}}