{"id":1120,"date":"2024-07-20T23:01:21","date_gmt":"2024-07-20T23:01:21","guid":{"rendered":"https:\/\/prensa.sma.gob.ar\/?p=1120"},"modified":"2024-07-20T23:02:44","modified_gmt":"2024-07-20T23:02:44","slug":"figueroa-anuncio-la-pavimentacion-de-las-rutas-a-lolog-y-meliquina","status":"publish","type":"post","link":"https:\/\/prensa.sma.gob.ar\/?p=1120","title":{"rendered":"Figueroa anunci\u00f3 la pavimentaci\u00f3n de las rutas a Lolog y Meliquina"},"content":{"rendered":"\n<p>El gobernador Rolando Figueroa anunci\u00f3 la pavimentaci\u00f3n de la Ruta Provincial 62 a Lolog (5 kil\u00f3metros pendientes) y de la Ruta Provincial 63 a Villa Lago Meliquina (14 kil\u00f3metros desde el empalme con la Ruta Nacional 40).<\/p>\n\n\n\n<p>Ambos anuncios los hizo el mandatario luego de reunirse con el intendente de San Mart\u00edn de los Andes, Carlos Saloniti, y de realizar ambos una recorrida por Lolog, como parte de su visita a nuestra ciudad.<\/p>\n\n\n\n<p>El convenio formal para el tramo de Lolog ser\u00e1 firmado en agosto, con la presencia de representantes del Banco de Desarrollo de Am\u00e9rica Latina y el Caribe (CAF), el organismo multilateral de cr\u00e9dito que financiar\u00e1 la obra.<\/p>\n\n\n\n<p>El mismo cr\u00e9dito de la CAF, por 100 millones de d\u00f3lares, financiar\u00e1 tambi\u00e9n otras obras como los 12 kil\u00f3metros de pavimento restantes del paso internacional Mamuil Malal y el asfalto de la Cuesta del Rahue en la ruta provincial 46, entre otras.<\/p>\n\n\n\n<p>Figueroa, quien recorri\u00f3 en la ma\u00f1ana de este s\u00e1bado la Ruta 62 junto al intendente Saloniti, explic\u00f3 que \u201cvenimos trabajando en el plan estrat\u00e9gico de desarrollo de San Mart\u00edn de los Andes, que considera importante pavimentar tanto la ruta a Lolog como mejorar el tr\u00e1nsito de otros lugares.<\/p>\n\n\n\n<figure class=\"wp-block-gallery has-nested-images columns-default is-cropped wp-block-gallery-1 is-layout-flex wp-block-gallery-is-layout-flex\">\n<figure class=\"wp-block-image size-large\"><img loading=\"lazy\" decoding=\"async\" width=\"886\" height=\"1024\" data-id=\"1121\" src=\"https:\/\/prensa.sma.gob.ar\/wp-content\/uploads\/2024\/07\/WhatsApp-Image-2024-07-20-at-18.15.02-886x1024.jpeg\" alt=\"\" class=\"wp-image-1121\" srcset=\"https:\/\/prensa.sma.gob.ar\/wp-content\/uploads\/2024\/07\/WhatsApp-Image-2024-07-20-at-18.15.02-886x1024.jpeg 886w, https:\/\/prensa.sma.gob.ar\/wp-content\/uploads\/2024\/07\/WhatsApp-Image-2024-07-20-at-18.15.02-259x300.jpeg 259w, https:\/\/prensa.sma.gob.ar\/wp-content\/uploads\/2024\/07\/WhatsApp-Image-2024-07-20-at-18.15.02-768x888.jpeg 768w, https:\/\/prensa.sma.gob.ar\/wp-content\/uploads\/2024\/07\/WhatsApp-Image-2024-07-20-at-18.15.02-363x420.jpeg 363w, https:\/\/prensa.sma.gob.ar\/wp-content\/uploads\/2024\/07\/WhatsApp-Image-2024-07-20-at-18.15.02-696x805.jpeg 696w, https:\/\/prensa.sma.gob.ar\/wp-content\/uploads\/2024\/07\/WhatsApp-Image-2024-07-20-at-18.15.02-1068x1235.jpeg 1068w, https:\/\/prensa.sma.gob.ar\/wp-content\/uploads\/2024\/07\/WhatsApp-Image-2024-07-20-at-18.15.02.jpeg 1107w\" sizes=\"auto, (max-width: 886px) 100vw, 886px\" \/><\/figure>\n\n\n\n<figure class=\"wp-block-image size-large\"><img loading=\"lazy\" decoding=\"async\" width=\"1024\" height=\"687\" data-id=\"1122\" src=\"https:\/\/prensa.sma.gob.ar\/wp-content\/uploads\/2024\/07\/WhatsApp-Image-2024-07-20-at-14.34.363-1024x687.jpeg\" alt=\"\" class=\"wp-image-1122\" srcset=\"https:\/\/prensa.sma.gob.ar\/wp-content\/uploads\/2024\/07\/WhatsApp-Image-2024-07-20-at-14.34.363-1024x687.jpeg 1024w, https:\/\/prensa.sma.gob.ar\/wp-content\/uploads\/2024\/07\/WhatsApp-Image-2024-07-20-at-14.34.363-300x201.jpeg 300w, https:\/\/prensa.sma.gob.ar\/wp-content\/uploads\/2024\/07\/WhatsApp-Image-2024-07-20-at-14.34.363-768x515.jpeg 768w, https:\/\/prensa.sma.gob.ar\/wp-content\/uploads\/2024\/07\/WhatsApp-Image-2024-07-20-at-14.34.363-626x420.jpeg 626w, https:\/\/prensa.sma.gob.ar\/wp-content\/uploads\/2024\/07\/WhatsApp-Image-2024-07-20-at-14.34.363-696x467.jpeg 696w, https:\/\/prensa.sma.gob.ar\/wp-content\/uploads\/2024\/07\/WhatsApp-Image-2024-07-20-at-14.34.363-1068x717.jpeg 1068w, https:\/\/prensa.sma.gob.ar\/wp-content\/uploads\/2024\/07\/WhatsApp-Image-2024-07-20-at-14.34.363.jpeg 1280w\" sizes=\"auto, (max-width: 1024px) 100vw, 1024px\" \/><\/figure>\n\n\n\n<figure class=\"wp-block-image size-large\"><img loading=\"lazy\" decoding=\"async\" width=\"550\" height=\"309\" data-id=\"1125\" src=\"https:\/\/prensa.sma.gob.ar\/wp-content\/uploads\/2024\/07\/LOLOG.jpg\" alt=\"\" class=\"wp-image-1125\" srcset=\"https:\/\/prensa.sma.gob.ar\/wp-content\/uploads\/2024\/07\/LOLOG.jpg 550w, https:\/\/prensa.sma.gob.ar\/wp-content\/uploads\/2024\/07\/LOLOG-300x169.jpg 300w\" sizes=\"auto, (max-width: 550px) 100vw, 550px\" \/><\/figure>\n<\/figure>\n\n\n\n<p>Se\u00f1al\u00f3, adem\u00e1s, que el gobierno provincial considera \u00abque es prioritario tambi\u00e9n pavimentar el acceso hacia el lago Meliquina, que sabemos que es una ruta muy anhelada\u201d. Asegur\u00f3 que la obra \u00abse financiar\u00e1 con fondos propios\u00bb y que la licitaci\u00f3n de la obra \u00abser\u00e1 lanzada en los pr\u00f3ximos d\u00edas\u00bb.<\/p>\n\n\n\n<p>\u201cYa hemos conseguido un pr\u00e9stamo que es espec\u00edfico para algunas rutas, aprobado ya por el directorio de la CAF. Lo vamos a firmar en agosto, pero ya tenemos la certeza de que se nos destinaron estos fondos\u201d, agreg\u00f3.<\/p>\n\n\n\n<p>Otra de las obras viales en carpeta para el trabajo conjunto es la mejora de los accesos a la ciudad: \u201cEl intendente est\u00e1 proyectando cu\u00e1les son las distintas alternativas para poder mejorar los accesos a San Mart\u00edn de los Andes, eso tambi\u00e9n lo vamos a trabajar y lo vamos a anunciar con \u00e9l en los pr\u00f3ximos d\u00edas\u00bb. <\/p>\n\n\n\n<p>\u00abConsideramos que trabajar juntos es lo que nos pide la ciudadan\u00eda, para brindarles soluciones concretas para que mejoremos el bienestar de nuestros vecinos\u201d, explic\u00f3 el gobernador Figueroa.<\/p>\n\n\n\n<p>El intendente Saloniti celebr\u00f3 \u201cla decisi\u00f3n de terminar la Ruta 62, no solo para los residentes de San Mart\u00edn de los Andes, sino lo que implica para el turismo al potenciar la conectividad terrestre en ese sector de nuestra ciudad\u201d.<\/p>\n\n\n\n<p>\u00abEl gobernador viene seguido a San Mart\u00edn y esta vez llega con el anuncio de la pavimentaci\u00f3n a Lolog, que es una obra importante para nuestra comunidad y para quienes nos visitan\u00bb, se\u00f1al\u00f3 el jefe comunal.<\/p>\n\n\n\n<p><\/p>\n","protected":false},"excerpt":{"rendered":"<p>El gobernador Rolando Figueroa anunci\u00f3 la pavimentaci\u00f3n de la Ruta Provincial 62 a Lolog (5 kil\u00f3metros pendientes) y de la Ruta Provincial 63 a Villa Lago Meliquina (14 kil\u00f3metros desde el empalme con la Ruta Nacional 40). Ambos anuncios los hizo el mandatario luego de reunirse con el intendente de San Mart\u00edn de los Andes, [&hellip;]<\/p>\n","protected":false},"author":2,"featured_media":1124,"comment_status":"closed","ping_status":"open","sticky":false,"template":"","format":"standard","meta":{"footnotes":""},"categories":[16,14,17,36],"tags":[],"class_list":{"0":"post-1120","1":"post","2":"type-post","3":"status-publish","4":"format-standard","5":"has-post-thumbnail","7":"category-destacadas","8":"category-noticias","9":"category-portada","10":"category-turismo"},"_links":{"self":[{"href":"https:\/\/prensa.sma.gob.ar\/index.php?rest_route=\/wp\/v2\/posts\/1120","targetHints":{"allow":["GET"]}}],"collection":[{"href":"https:\/\/prensa.sma.gob.ar\/index.php?rest_route=\/wp\/v2\/posts"}],"about":[{"href":"https:\/\/prensa.sma.gob.ar\/index.php?rest_route=\/wp\/v2\/types\/post"}],"author":[{"embeddable":true,"href":"https:\/\/prensa.sma.gob.ar\/index.php?rest_route=\/wp\/v2\/users\/2"}],"replies":[{"embeddable":true,"href":"https:\/\/prensa.sma.gob.ar\/index.php?rest_route=%2Fwp%2Fv2%2Fcomments&post=1120"}],"version-history":[{"count":1,"href":"https:\/\/prensa.sma.gob.ar\/index.php?rest_route=\/wp\/v2\/posts\/1120\/revisions"}],"predecessor-version":[{"id":1126,"href":"https:\/\/prensa.sma.gob.ar\/index.php?rest_route=\/wp\/v2\/posts\/1120\/revisions\/1126"}],"wp:featuredmedia":[{"embeddable":true,"href":"https:\/\/prensa.sma.gob.ar\/index.php?rest_route=\/wp\/v2\/media\/1124"}],"wp:attachment":[{"href":"https:\/\/prensa.sma.gob.ar\/index.php?rest_route=%2Fwp%2Fv2%2Fmedia&parent=1120"}],"wp:term":[{"taxonomy":"category","embeddable":true,"href":"https:\/\/prensa.sma.gob.ar\/index.php?rest_route=%2Fwp%2Fv2%2Fcategories&post=1120"},{"taxonomy":"post_tag","embeddable":true,"href":"https:\/\/prensa.sma.gob.ar\/index.php?rest_route=%2Fwp%2Fv2%2Ftags&post=1120"}],"curies":[{"name":"wp","href":"https:\/\/api.w.org\/{rel}","templated":true}]}}