{"id":1127,"date":"2024-07-20T23:00:41","date_gmt":"2024-07-20T23:00:41","guid":{"rendered":"https:\/\/prensa.sma.gob.ar\/?p=1127"},"modified":"2024-07-21T00:28:34","modified_gmt":"2024-07-21T00:28:34","slug":"el-gobernador-figueroa-y-el-intendente-saloniti-visitaron-tienda-de-sabores","status":"publish","type":"post","link":"https:\/\/prensa.sma.gob.ar\/?p=1127","title":{"rendered":"El gobernador Figueroa y el intendente Saloniti visitaron Tienda de Sabores"},"content":{"rendered":"\n<p>El gobernador de Neuqu\u00e9n, Rolando Figueroa, y el intendente de San Mart\u00edn de los Andes, Carlos Saloniti, recorrieron la Tienda de Sabores, que se realiza en nuestra ciudad este s\u00e1bado y ma\u00f1ana domingo.<\/p>\n\n\n\n<p>El mandatario provincial estuvo acompa\u00f1ado del ministro de Econom\u00eda, Producci\u00f3n e Industria, Guillermo Koenig; del ministro de Turismo, Gustavo Fern\u00e1ndez Capiet; del secretario de Producci\u00f3n e Industria de la provincia, Juan Pel\u00e1ez.<\/p>\n\n\n\n<p>Figueroa destac\u00f3 que esta segunda edici\u00f3n del programa Tienda de Sabores \u201cbusca complementar lo gastron\u00f3mico y el turismo de la regi\u00f3n sur de nuestra provincia\u201d porque \u201cNeuqu\u00e9n va mucho m\u00e1s all\u00e1 de vaca muerta\u201d. La provincia se \u201cdedica a producir\u201d y cit\u00f3 al intendente Saloniti al se\u00f1alar que \u201cel entusiasmo de los emprendedores se le ve en la mirada\u201d.<\/p>\n\n\n\n<p>Destac\u00f3 la regionalizaci\u00f3n como forma de gesti\u00f3n provincial sin la mirada desde la capital provincial. \u201cNunca mirar\u00eda la provincia desde la capital. El sur tiene una perspectiva, el norte tiene otra y as\u00ed cada una de ellas\u201d, afirm\u00f3 Figueroa, y anticip\u00f3 que \u201cel presupuesto 2025 contempla a las diferentes regiones para consolidar el financiamiento de todo lo que se necesita en funci\u00f3n de cada municipio\u201d.<\/p>\n\n\n\n<figure class=\"wp-block-gallery has-nested-images columns-default is-cropped wp-block-gallery-1 is-layout-flex wp-block-gallery-is-layout-flex\">\n<figure class=\"wp-block-image size-large\"><img loading=\"lazy\" decoding=\"async\" width=\"1024\" height=\"576\" data-id=\"1148\" src=\"https:\/\/prensa.sma.gob.ar\/wp-content\/uploads\/2024\/07\/WhatsApp-Image-2024-07-20-at-19.11.48-1024x576.jpeg\" alt=\"\" class=\"wp-image-1148\" srcset=\"https:\/\/prensa.sma.gob.ar\/wp-content\/uploads\/2024\/07\/WhatsApp-Image-2024-07-20-at-19.11.48-1024x576.jpeg 1024w, https:\/\/prensa.sma.gob.ar\/wp-content\/uploads\/2024\/07\/WhatsApp-Image-2024-07-20-at-19.11.48-300x169.jpeg 300w, https:\/\/prensa.sma.gob.ar\/wp-content\/uploads\/2024\/07\/WhatsApp-Image-2024-07-20-at-19.11.48-768x432.jpeg 768w, https:\/\/prensa.sma.gob.ar\/wp-content\/uploads\/2024\/07\/WhatsApp-Image-2024-07-20-at-19.11.48-1536x864.jpeg 1536w, https:\/\/prensa.sma.gob.ar\/wp-content\/uploads\/2024\/07\/WhatsApp-Image-2024-07-20-at-19.11.48-747x420.jpeg 747w, https:\/\/prensa.sma.gob.ar\/wp-content\/uploads\/2024\/07\/WhatsApp-Image-2024-07-20-at-19.11.48-696x392.jpeg 696w, https:\/\/prensa.sma.gob.ar\/wp-content\/uploads\/2024\/07\/WhatsApp-Image-2024-07-20-at-19.11.48-1068x601.jpeg 1068w, https:\/\/prensa.sma.gob.ar\/wp-content\/uploads\/2024\/07\/WhatsApp-Image-2024-07-20-at-19.11.48.jpeg 1600w\" sizes=\"auto, (max-width: 1024px) 100vw, 1024px\" \/><\/figure>\n\n\n\n<figure class=\"wp-block-image size-large\"><img loading=\"lazy\" decoding=\"async\" width=\"1024\" height=\"623\" data-id=\"1132\" src=\"https:\/\/prensa.sma.gob.ar\/wp-content\/uploads\/2024\/07\/WhatsApp-Image-2024-07-20-at-19.11.571-1024x623.jpeg\" alt=\"\" class=\"wp-image-1132\" srcset=\"https:\/\/prensa.sma.gob.ar\/wp-content\/uploads\/2024\/07\/WhatsApp-Image-2024-07-20-at-19.11.571-1024x623.jpeg 1024w, https:\/\/prensa.sma.gob.ar\/wp-content\/uploads\/2024\/07\/WhatsApp-Image-2024-07-20-at-19.11.571-300x183.jpeg 300w, https:\/\/prensa.sma.gob.ar\/wp-content\/uploads\/2024\/07\/WhatsApp-Image-2024-07-20-at-19.11.571-768x468.jpeg 768w, https:\/\/prensa.sma.gob.ar\/wp-content\/uploads\/2024\/07\/WhatsApp-Image-2024-07-20-at-19.11.571-1536x935.jpeg 1536w, https:\/\/prensa.sma.gob.ar\/wp-content\/uploads\/2024\/07\/WhatsApp-Image-2024-07-20-at-19.11.571-690x420.jpeg 690w, https:\/\/prensa.sma.gob.ar\/wp-content\/uploads\/2024\/07\/WhatsApp-Image-2024-07-20-at-19.11.571-696x424.jpeg 696w, https:\/\/prensa.sma.gob.ar\/wp-content\/uploads\/2024\/07\/WhatsApp-Image-2024-07-20-at-19.11.571-1068x650.jpeg 1068w, https:\/\/prensa.sma.gob.ar\/wp-content\/uploads\/2024\/07\/WhatsApp-Image-2024-07-20-at-19.11.571.jpeg 1600w\" sizes=\"auto, (max-width: 1024px) 100vw, 1024px\" \/><\/figure>\n\n\n\n<figure class=\"wp-block-image size-large\"><img loading=\"lazy\" decoding=\"async\" width=\"1024\" height=\"576\" data-id=\"1133\" src=\"https:\/\/prensa.sma.gob.ar\/wp-content\/uploads\/2024\/07\/WhatsApp-Image-2024-07-20-at-19.11.57-1024x576.jpeg\" alt=\"\" class=\"wp-image-1133\" srcset=\"https:\/\/prensa.sma.gob.ar\/wp-content\/uploads\/2024\/07\/WhatsApp-Image-2024-07-20-at-19.11.57-1024x576.jpeg 1024w, https:\/\/prensa.sma.gob.ar\/wp-content\/uploads\/2024\/07\/WhatsApp-Image-2024-07-20-at-19.11.57-300x169.jpeg 300w, https:\/\/prensa.sma.gob.ar\/wp-content\/uploads\/2024\/07\/WhatsApp-Image-2024-07-20-at-19.11.57-768x432.jpeg 768w, https:\/\/prensa.sma.gob.ar\/wp-content\/uploads\/2024\/07\/WhatsApp-Image-2024-07-20-at-19.11.57-1536x864.jpeg 1536w, https:\/\/prensa.sma.gob.ar\/wp-content\/uploads\/2024\/07\/WhatsApp-Image-2024-07-20-at-19.11.57-747x420.jpeg 747w, https:\/\/prensa.sma.gob.ar\/wp-content\/uploads\/2024\/07\/WhatsApp-Image-2024-07-20-at-19.11.57-696x392.jpeg 696w, https:\/\/prensa.sma.gob.ar\/wp-content\/uploads\/2024\/07\/WhatsApp-Image-2024-07-20-at-19.11.57-1068x601.jpeg 1068w, https:\/\/prensa.sma.gob.ar\/wp-content\/uploads\/2024\/07\/WhatsApp-Image-2024-07-20-at-19.11.57.jpeg 1600w\" sizes=\"auto, (max-width: 1024px) 100vw, 1024px\" \/><\/figure>\n<\/figure>\n\n\n\n<p>El intendente Saloniti afirm\u00f3 que \u201ccomo Estado, tenemos que ser el puente para los emprendedores\u201d y agradeci\u00f3 al Gobierno provincial \u201cpor acompa\u00f1arnos con este encuentro\u201d. Destac\u00f3 que \u201ctodos los productores neuquinos que est\u00e1n ac\u00e1 son gente emprendedora, que no se qued\u00f3 en su casa, que la pele\u00f3\u201d, entonces \u201cc\u00f3mo no vamos a reconocer a quienes le ponen ganas\u201d.<\/p>\n\n\n\n<p>\u201cConocemos a muchos de quienes est\u00e1n ac\u00e1, como tambi\u00e9n conocemos a los emprendedores que muestran sus productos en la globa que est\u00e1 en el centro, conocemos el recorrido que han hecho, hicieron cursos de capacitaci\u00f3n, han mejorado sus productos y hoy est\u00e1n consolidados\u201d, se\u00f1al\u00f3 el jefe comunal, quien estuvo acompa\u00f1ado de varios integrantes de su gabinete y de su familia. Resalt\u00f3 que \u201cmuchos utilizan las cocinas municipales, que son p\u00fablicas, y eso nos pone bien porque el trabajo entre emprendedores y el estado sirve\u201d.<\/p>\n\n\n\n<figure class=\"wp-block-gallery has-nested-images columns-default is-cropped wp-block-gallery-2 is-layout-flex wp-block-gallery-is-layout-flex\">\n<figure class=\"wp-block-image size-large\"><img loading=\"lazy\" decoding=\"async\" width=\"1024\" height=\"704\" data-id=\"1147\" src=\"https:\/\/prensa.sma.gob.ar\/wp-content\/uploads\/2024\/07\/WhatsApp-Image-2024-07-20-at-19.11.481-1024x704.jpeg\" alt=\"\" class=\"wp-image-1147\" srcset=\"https:\/\/prensa.sma.gob.ar\/wp-content\/uploads\/2024\/07\/WhatsApp-Image-2024-07-20-at-19.11.481-1024x704.jpeg 1024w, https:\/\/prensa.sma.gob.ar\/wp-content\/uploads\/2024\/07\/WhatsApp-Image-2024-07-20-at-19.11.481-300x206.jpeg 300w, https:\/\/prensa.sma.gob.ar\/wp-content\/uploads\/2024\/07\/WhatsApp-Image-2024-07-20-at-19.11.481-768x528.jpeg 768w, https:\/\/prensa.sma.gob.ar\/wp-content\/uploads\/2024\/07\/WhatsApp-Image-2024-07-20-at-19.11.481-1536x1056.jpeg 1536w, https:\/\/prensa.sma.gob.ar\/wp-content\/uploads\/2024\/07\/WhatsApp-Image-2024-07-20-at-19.11.481-611x420.jpeg 611w, https:\/\/prensa.sma.gob.ar\/wp-content\/uploads\/2024\/07\/WhatsApp-Image-2024-07-20-at-19.11.481-218x150.jpeg 218w, https:\/\/prensa.sma.gob.ar\/wp-content\/uploads\/2024\/07\/WhatsApp-Image-2024-07-20-at-19.11.481-696x479.jpeg 696w, https:\/\/prensa.sma.gob.ar\/wp-content\/uploads\/2024\/07\/WhatsApp-Image-2024-07-20-at-19.11.481-1068x734.jpeg 1068w, https:\/\/prensa.sma.gob.ar\/wp-content\/uploads\/2024\/07\/WhatsApp-Image-2024-07-20-at-19.11.481.jpeg 1600w\" sizes=\"auto, (max-width: 1024px) 100vw, 1024px\" \/><\/figure>\n\n\n\n<figure class=\"wp-block-image size-large\"><img loading=\"lazy\" decoding=\"async\" width=\"1024\" height=\"575\" data-id=\"1153\" src=\"https:\/\/prensa.sma.gob.ar\/wp-content\/uploads\/2024\/07\/WhatsApp-Image-2024-07-20-at-19.11.46-1024x575.jpeg\" alt=\"\" class=\"wp-image-1153\" srcset=\"https:\/\/prensa.sma.gob.ar\/wp-content\/uploads\/2024\/07\/WhatsApp-Image-2024-07-20-at-19.11.46-1024x575.jpeg 1024w, https:\/\/prensa.sma.gob.ar\/wp-content\/uploads\/2024\/07\/WhatsApp-Image-2024-07-20-at-19.11.46-300x169.jpeg 300w, https:\/\/prensa.sma.gob.ar\/wp-content\/uploads\/2024\/07\/WhatsApp-Image-2024-07-20-at-19.11.46-768x432.jpeg 768w, https:\/\/prensa.sma.gob.ar\/wp-content\/uploads\/2024\/07\/WhatsApp-Image-2024-07-20-at-19.11.46-1536x863.jpeg 1536w, https:\/\/prensa.sma.gob.ar\/wp-content\/uploads\/2024\/07\/WhatsApp-Image-2024-07-20-at-19.11.46-747x420.jpeg 747w, https:\/\/prensa.sma.gob.ar\/wp-content\/uploads\/2024\/07\/WhatsApp-Image-2024-07-20-at-19.11.46-696x391.jpeg 696w, https:\/\/prensa.sma.gob.ar\/wp-content\/uploads\/2024\/07\/WhatsApp-Image-2024-07-20-at-19.11.46-1068x600.jpeg 1068w, https:\/\/prensa.sma.gob.ar\/wp-content\/uploads\/2024\/07\/WhatsApp-Image-2024-07-20-at-19.11.46.jpeg 1600w\" sizes=\"auto, (max-width: 1024px) 100vw, 1024px\" \/><\/figure>\n\n\n\n<figure class=\"wp-block-image size-large\"><img loading=\"lazy\" decoding=\"async\" width=\"1024\" height=\"576\" data-id=\"1158\" src=\"https:\/\/prensa.sma.gob.ar\/wp-content\/uploads\/2024\/07\/WhatsApp-Image-2024-07-20-at-19.11.44-1024x576.jpeg\" alt=\"\" class=\"wp-image-1158\" srcset=\"https:\/\/prensa.sma.gob.ar\/wp-content\/uploads\/2024\/07\/WhatsApp-Image-2024-07-20-at-19.11.44-1024x576.jpeg 1024w, https:\/\/prensa.sma.gob.ar\/wp-content\/uploads\/2024\/07\/WhatsApp-Image-2024-07-20-at-19.11.44-300x169.jpeg 300w, https:\/\/prensa.sma.gob.ar\/wp-content\/uploads\/2024\/07\/WhatsApp-Image-2024-07-20-at-19.11.44-768x432.jpeg 768w, https:\/\/prensa.sma.gob.ar\/wp-content\/uploads\/2024\/07\/WhatsApp-Image-2024-07-20-at-19.11.44-1536x864.jpeg 1536w, https:\/\/prensa.sma.gob.ar\/wp-content\/uploads\/2024\/07\/WhatsApp-Image-2024-07-20-at-19.11.44-747x420.jpeg 747w, https:\/\/prensa.sma.gob.ar\/wp-content\/uploads\/2024\/07\/WhatsApp-Image-2024-07-20-at-19.11.44-696x392.jpeg 696w, https:\/\/prensa.sma.gob.ar\/wp-content\/uploads\/2024\/07\/WhatsApp-Image-2024-07-20-at-19.11.44-1068x601.jpeg 1068w, https:\/\/prensa.sma.gob.ar\/wp-content\/uploads\/2024\/07\/WhatsApp-Image-2024-07-20-at-19.11.44.jpeg 1600w\" sizes=\"auto, (max-width: 1024px) 100vw, 1024px\" \/><\/figure>\n<\/figure>\n\n\n\n<p>M\u00e1s de 30 elaboradores neuquinos dan a conocer y comercializan sus productos en la feria que se realiza en el hotel Le Village, con entrada libre y gratuita. El objetivo del encuentro, que continuar\u00e1 este domingo, de 16 a 21, es promocionar y alentar el consumo de productos locales.<\/p>\n\n\n\n<p>Los visitantes pueden degustar y adquirir t\u00e9, chocolate, quesos, aceite de oliva, vinos artesanales, gin, alfajores, frutos secos, miel, garrapi\u00f1adas, mostazas y aderezos, dulces, licores, cerveza y gin.<\/p>\n\n\n\n<p>La actividad es organizada a trav\u00e9s del Centro PyME-ADENEU y de la Secretar\u00eda de Producci\u00f3n e Industria, dependientes del Ministerio de Econom\u00eda, Producci\u00f3n e Industria. Cuenta con el apoyo de la municipalidad de San Mart\u00edn de los Andes.<\/p>\n\n\n\n<figure class=\"wp-block-gallery has-nested-images columns-default is-cropped wp-block-gallery-3 is-layout-flex wp-block-gallery-is-layout-flex\">\n<figure class=\"wp-block-image size-large\"><img loading=\"lazy\" decoding=\"async\" width=\"1024\" height=\"576\" data-id=\"1155\" src=\"https:\/\/prensa.sma.gob.ar\/wp-content\/uploads\/2024\/07\/WhatsApp-Image-2024-07-20-at-19.11.443-1024x576.jpeg\" alt=\"\" class=\"wp-image-1155\" srcset=\"https:\/\/prensa.sma.gob.ar\/wp-content\/uploads\/2024\/07\/WhatsApp-Image-2024-07-20-at-19.11.443-1024x576.jpeg 1024w, https:\/\/prensa.sma.gob.ar\/wp-content\/uploads\/2024\/07\/WhatsApp-Image-2024-07-20-at-19.11.443-300x169.jpeg 300w, https:\/\/prensa.sma.gob.ar\/wp-content\/uploads\/2024\/07\/WhatsApp-Image-2024-07-20-at-19.11.443-768x432.jpeg 768w, https:\/\/prensa.sma.gob.ar\/wp-content\/uploads\/2024\/07\/WhatsApp-Image-2024-07-20-at-19.11.443-1536x864.jpeg 1536w, https:\/\/prensa.sma.gob.ar\/wp-content\/uploads\/2024\/07\/WhatsApp-Image-2024-07-20-at-19.11.443-747x420.jpeg 747w, https:\/\/prensa.sma.gob.ar\/wp-content\/uploads\/2024\/07\/WhatsApp-Image-2024-07-20-at-19.11.443-696x392.jpeg 696w, https:\/\/prensa.sma.gob.ar\/wp-content\/uploads\/2024\/07\/WhatsApp-Image-2024-07-20-at-19.11.443-1068x601.jpeg 1068w, https:\/\/prensa.sma.gob.ar\/wp-content\/uploads\/2024\/07\/WhatsApp-Image-2024-07-20-at-19.11.443.jpeg 1600w\" sizes=\"auto, (max-width: 1024px) 100vw, 1024px\" \/><\/figure>\n\n\n\n<figure class=\"wp-block-image size-large\"><img loading=\"lazy\" decoding=\"async\" width=\"1024\" height=\"567\" data-id=\"1128\" src=\"https:\/\/prensa.sma.gob.ar\/wp-content\/uploads\/2024\/07\/WhatsApp-Image-2024-07-20-at-19.11.59-1024x567.jpeg\" alt=\"\" class=\"wp-image-1128\" srcset=\"https:\/\/prensa.sma.gob.ar\/wp-content\/uploads\/2024\/07\/WhatsApp-Image-2024-07-20-at-19.11.59-1024x567.jpeg 1024w, https:\/\/prensa.sma.gob.ar\/wp-content\/uploads\/2024\/07\/WhatsApp-Image-2024-07-20-at-19.11.59-300x166.jpeg 300w, https:\/\/prensa.sma.gob.ar\/wp-content\/uploads\/2024\/07\/WhatsApp-Image-2024-07-20-at-19.11.59-768x425.jpeg 768w, https:\/\/prensa.sma.gob.ar\/wp-content\/uploads\/2024\/07\/WhatsApp-Image-2024-07-20-at-19.11.59-1536x851.jpeg 1536w, https:\/\/prensa.sma.gob.ar\/wp-content\/uploads\/2024\/07\/WhatsApp-Image-2024-07-20-at-19.11.59-758x420.jpeg 758w, https:\/\/prensa.sma.gob.ar\/wp-content\/uploads\/2024\/07\/WhatsApp-Image-2024-07-20-at-19.11.59-696x385.jpeg 696w, https:\/\/prensa.sma.gob.ar\/wp-content\/uploads\/2024\/07\/WhatsApp-Image-2024-07-20-at-19.11.59-1068x591.jpeg 1068w, https:\/\/prensa.sma.gob.ar\/wp-content\/uploads\/2024\/07\/WhatsApp-Image-2024-07-20-at-19.11.59.jpeg 1600w\" sizes=\"auto, (max-width: 1024px) 100vw, 1024px\" \/><\/figure>\n\n\n\n<figure class=\"wp-block-image size-large\"><img loading=\"lazy\" decoding=\"async\" width=\"1024\" height=\"576\" data-id=\"1161\" src=\"https:\/\/prensa.sma.gob.ar\/wp-content\/uploads\/2024\/07\/WhatsApp-Image-2024-07-20-at-19.11.42-1024x576.jpeg\" alt=\"\" class=\"wp-image-1161\" srcset=\"https:\/\/prensa.sma.gob.ar\/wp-content\/uploads\/2024\/07\/WhatsApp-Image-2024-07-20-at-19.11.42-1024x576.jpeg 1024w, https:\/\/prensa.sma.gob.ar\/wp-content\/uploads\/2024\/07\/WhatsApp-Image-2024-07-20-at-19.11.42-300x169.jpeg 300w, https:\/\/prensa.sma.gob.ar\/wp-content\/uploads\/2024\/07\/WhatsApp-Image-2024-07-20-at-19.11.42-768x432.jpeg 768w, https:\/\/prensa.sma.gob.ar\/wp-content\/uploads\/2024\/07\/WhatsApp-Image-2024-07-20-at-19.11.42-1536x864.jpeg 1536w, https:\/\/prensa.sma.gob.ar\/wp-content\/uploads\/2024\/07\/WhatsApp-Image-2024-07-20-at-19.11.42-747x420.jpeg 747w, https:\/\/prensa.sma.gob.ar\/wp-content\/uploads\/2024\/07\/WhatsApp-Image-2024-07-20-at-19.11.42-696x392.jpeg 696w, https:\/\/prensa.sma.gob.ar\/wp-content\/uploads\/2024\/07\/WhatsApp-Image-2024-07-20-at-19.11.42-1068x601.jpeg 1068w, https:\/\/prensa.sma.gob.ar\/wp-content\/uploads\/2024\/07\/WhatsApp-Image-2024-07-20-at-19.11.42.jpeg 1600w\" sizes=\"auto, (max-width: 1024px) 100vw, 1024px\" \/><\/figure>\n<\/figure>\n\n\n\n<p>El secretario de Producci\u00f3n, Juan Pelaez, record\u00f3 que \u201ccuando hicimos la primera feria en la ciudad de Neuqu\u00e9n, vimos que fue un \u00e9xito y ah\u00ed decidimos hacer lo mismo en otros lugares de la provincia\u201d y adelant\u00f3 que \u201cen agosto lo haremos en Zapala, en octubre realizaremos una nueva edici\u00f3n en la ciudad de Neuqu\u00e9n\u201d y que, \u201cen La Angostura es muy probable que lo hagamos en febrero del pr\u00f3ximo a\u00f1o\u201d.<\/p>\n\n\n\n<p>El ministro Koenig destac\u00f3 que Tienda de Sabores \u201ces una nueva oportunidad que tienen los emprendedores, porque la pol\u00edtica de la Provincia es acompa\u00f1arlos con estas ferias, con cr\u00e9ditos, con capacitaci\u00f3n, y porque queremos que aparezcan nuevos emprendedores\u201d.<\/p>\n\n\n\n<p>Destac\u00f3 que cada edici\u00f3n de esta feria significa, adem\u00e1s, escuchar las necesidades que surgen, y puso como ejemplo que \u201cen la primera edici\u00f3n nos plantearon cuestiones de bromatolog\u00eda y ahora, en esta segunda edici\u00f3n, tenemos un stand que da charlas y responde dudas\u201d. Tambi\u00e9n se refiri\u00f3 a acercar a los emprendedores \u201cayuda de marketing o cr\u00e9ditos; buscar soluciones para mejorar las oportunidades\u201d.<\/p>\n\n\n\n<p>A su turno, el ministro de Turismo agradeci\u00f3 al Centro Pyme-Adeneu \u201cporque acompa\u00f1a al productor desde el primer momento hasta el \u00faltimo punto, que es el contacto con el cliente\u201d y destac\u00f3 que esta feria \u201cse desarrolle en San Mart\u00edn, en plena temporada alta, es muy importante\u201d. Resalt\u00f3 que en la provincia \u201ctenemos mucho para mostrar y para vender\u201d.<\/p>\n\n\n\n<p>El intendente de Villa La Angostura, Javier Murer, gestion\u00f3 un encuentro similar para su ciudad y sostuvo que \u201call\u00ed tenemos nuestros propios productores y esta feria es una posibilidad de crecer, desarrollarse y expandirse. Para nosotros ser\u00eda important\u00edsimo\u201d. &nbsp;Finalmente, el jefe comunal logr\u00f3 el compromiso de que Tienda de Sabores tendr\u00e1 una edici\u00f3n en su cuidad en febrero pr\u00f3ximo.<\/p>\n\n\n\n<figure class=\"wp-block-gallery has-nested-images columns-default is-cropped wp-block-gallery-4 is-layout-flex wp-block-gallery-is-layout-flex\">\n<figure class=\"wp-block-image size-large\"><img loading=\"lazy\" decoding=\"async\" width=\"576\" height=\"1024\" data-id=\"1156\" src=\"https:\/\/prensa.sma.gob.ar\/wp-content\/uploads\/2024\/07\/WhatsApp-Image-2024-07-20-at-19.11.442-576x1024.jpeg\" alt=\"\" class=\"wp-image-1156\" srcset=\"https:\/\/prensa.sma.gob.ar\/wp-content\/uploads\/2024\/07\/WhatsApp-Image-2024-07-20-at-19.11.442-576x1024.jpeg 576w, https:\/\/prensa.sma.gob.ar\/wp-content\/uploads\/2024\/07\/WhatsApp-Image-2024-07-20-at-19.11.442-169x300.jpeg 169w, https:\/\/prensa.sma.gob.ar\/wp-content\/uploads\/2024\/07\/WhatsApp-Image-2024-07-20-at-19.11.442-768x1365.jpeg 768w, https:\/\/prensa.sma.gob.ar\/wp-content\/uploads\/2024\/07\/WhatsApp-Image-2024-07-20-at-19.11.442-864x1536.jpeg 864w, https:\/\/prensa.sma.gob.ar\/wp-content\/uploads\/2024\/07\/WhatsApp-Image-2024-07-20-at-19.11.442-236x420.jpeg 236w, https:\/\/prensa.sma.gob.ar\/wp-content\/uploads\/2024\/07\/WhatsApp-Image-2024-07-20-at-19.11.442-696x1237.jpeg 696w, https:\/\/prensa.sma.gob.ar\/wp-content\/uploads\/2024\/07\/WhatsApp-Image-2024-07-20-at-19.11.442.jpeg 900w\" sizes=\"auto, (max-width: 576px) 100vw, 576px\" \/><\/figure>\n\n\n\n<figure class=\"wp-block-image size-large\"><img loading=\"lazy\" decoding=\"async\" width=\"1024\" height=\"576\" data-id=\"1160\" src=\"https:\/\/prensa.sma.gob.ar\/wp-content\/uploads\/2024\/07\/WhatsApp-Image-2024-07-20-at-19.11.43-1024x576.jpeg\" alt=\"\" class=\"wp-image-1160\" srcset=\"https:\/\/prensa.sma.gob.ar\/wp-content\/uploads\/2024\/07\/WhatsApp-Image-2024-07-20-at-19.11.43-1024x576.jpeg 1024w, https:\/\/prensa.sma.gob.ar\/wp-content\/uploads\/2024\/07\/WhatsApp-Image-2024-07-20-at-19.11.43-300x169.jpeg 300w, https:\/\/prensa.sma.gob.ar\/wp-content\/uploads\/2024\/07\/WhatsApp-Image-2024-07-20-at-19.11.43-768x432.jpeg 768w, https:\/\/prensa.sma.gob.ar\/wp-content\/uploads\/2024\/07\/WhatsApp-Image-2024-07-20-at-19.11.43-1536x864.jpeg 1536w, https:\/\/prensa.sma.gob.ar\/wp-content\/uploads\/2024\/07\/WhatsApp-Image-2024-07-20-at-19.11.43-747x420.jpeg 747w, https:\/\/prensa.sma.gob.ar\/wp-content\/uploads\/2024\/07\/WhatsApp-Image-2024-07-20-at-19.11.43-696x392.jpeg 696w, https:\/\/prensa.sma.gob.ar\/wp-content\/uploads\/2024\/07\/WhatsApp-Image-2024-07-20-at-19.11.43-1068x601.jpeg 1068w, https:\/\/prensa.sma.gob.ar\/wp-content\/uploads\/2024\/07\/WhatsApp-Image-2024-07-20-at-19.11.43.jpeg 1600w\" sizes=\"auto, (max-width: 1024px) 100vw, 1024px\" \/><\/figure>\n\n\n\n<figure class=\"wp-block-image size-large\"><img loading=\"lazy\" decoding=\"async\" width=\"1024\" height=\"576\" data-id=\"1154\" src=\"https:\/\/prensa.sma.gob.ar\/wp-content\/uploads\/2024\/07\/WhatsApp-Image-2024-07-20-at-19.11.45-1024x576.jpeg\" alt=\"\" class=\"wp-image-1154\" srcset=\"https:\/\/prensa.sma.gob.ar\/wp-content\/uploads\/2024\/07\/WhatsApp-Image-2024-07-20-at-19.11.45-1024x576.jpeg 1024w, https:\/\/prensa.sma.gob.ar\/wp-content\/uploads\/2024\/07\/WhatsApp-Image-2024-07-20-at-19.11.45-300x169.jpeg 300w, https:\/\/prensa.sma.gob.ar\/wp-content\/uploads\/2024\/07\/WhatsApp-Image-2024-07-20-at-19.11.45-768x432.jpeg 768w, https:\/\/prensa.sma.gob.ar\/wp-content\/uploads\/2024\/07\/WhatsApp-Image-2024-07-20-at-19.11.45-1536x864.jpeg 1536w, https:\/\/prensa.sma.gob.ar\/wp-content\/uploads\/2024\/07\/WhatsApp-Image-2024-07-20-at-19.11.45-747x420.jpeg 747w, https:\/\/prensa.sma.gob.ar\/wp-content\/uploads\/2024\/07\/WhatsApp-Image-2024-07-20-at-19.11.45-696x392.jpeg 696w, https:\/\/prensa.sma.gob.ar\/wp-content\/uploads\/2024\/07\/WhatsApp-Image-2024-07-20-at-19.11.45-1068x601.jpeg 1068w, https:\/\/prensa.sma.gob.ar\/wp-content\/uploads\/2024\/07\/WhatsApp-Image-2024-07-20-at-19.11.45.jpeg 1600w\" sizes=\"auto, (max-width: 1024px) 100vw, 1024px\" \/><\/figure>\n\n\n\n<figure class=\"wp-block-image size-large\"><img loading=\"lazy\" decoding=\"async\" width=\"1024\" height=\"613\" data-id=\"1151\" src=\"https:\/\/prensa.sma.gob.ar\/wp-content\/uploads\/2024\/07\/WhatsApp-Image-2024-07-20-at-19.11.47-1024x613.jpeg\" alt=\"\" class=\"wp-image-1151\" srcset=\"https:\/\/prensa.sma.gob.ar\/wp-content\/uploads\/2024\/07\/WhatsApp-Image-2024-07-20-at-19.11.47-1024x613.jpeg 1024w, https:\/\/prensa.sma.gob.ar\/wp-content\/uploads\/2024\/07\/WhatsApp-Image-2024-07-20-at-19.11.47-300x180.jpeg 300w, https:\/\/prensa.sma.gob.ar\/wp-content\/uploads\/2024\/07\/WhatsApp-Image-2024-07-20-at-19.11.47-768x460.jpeg 768w, https:\/\/prensa.sma.gob.ar\/wp-content\/uploads\/2024\/07\/WhatsApp-Image-2024-07-20-at-19.11.47-1536x920.jpeg 1536w, https:\/\/prensa.sma.gob.ar\/wp-content\/uploads\/2024\/07\/WhatsApp-Image-2024-07-20-at-19.11.47-701x420.jpeg 701w, https:\/\/prensa.sma.gob.ar\/wp-content\/uploads\/2024\/07\/WhatsApp-Image-2024-07-20-at-19.11.47-696x417.jpeg 696w, https:\/\/prensa.sma.gob.ar\/wp-content\/uploads\/2024\/07\/WhatsApp-Image-2024-07-20-at-19.11.47-1068x639.jpeg 1068w, https:\/\/prensa.sma.gob.ar\/wp-content\/uploads\/2024\/07\/WhatsApp-Image-2024-07-20-at-19.11.47.jpeg 1600w\" sizes=\"auto, (max-width: 1024px) 100vw, 1024px\" \/><\/figure>\n\n\n\n<figure class=\"wp-block-image size-large\"><img loading=\"lazy\" decoding=\"async\" width=\"1024\" height=\"542\" data-id=\"1150\" src=\"https:\/\/prensa.sma.gob.ar\/wp-content\/uploads\/2024\/07\/WhatsApp-Image-2024-07-20-at-19.11.471-1024x542.jpeg\" alt=\"\" class=\"wp-image-1150\" srcset=\"https:\/\/prensa.sma.gob.ar\/wp-content\/uploads\/2024\/07\/WhatsApp-Image-2024-07-20-at-19.11.471-1024x542.jpeg 1024w, https:\/\/prensa.sma.gob.ar\/wp-content\/uploads\/2024\/07\/WhatsApp-Image-2024-07-20-at-19.11.471-300x159.jpeg 300w, https:\/\/prensa.sma.gob.ar\/wp-content\/uploads\/2024\/07\/WhatsApp-Image-2024-07-20-at-19.11.471-768x407.jpeg 768w, https:\/\/prensa.sma.gob.ar\/wp-content\/uploads\/2024\/07\/WhatsApp-Image-2024-07-20-at-19.11.471-1536x813.jpeg 1536w, https:\/\/prensa.sma.gob.ar\/wp-content\/uploads\/2024\/07\/WhatsApp-Image-2024-07-20-at-19.11.471-793x420.jpeg 793w, https:\/\/prensa.sma.gob.ar\/wp-content\/uploads\/2024\/07\/WhatsApp-Image-2024-07-20-at-19.11.471-696x368.jpeg 696w, https:\/\/prensa.sma.gob.ar\/wp-content\/uploads\/2024\/07\/WhatsApp-Image-2024-07-20-at-19.11.471-1068x565.jpeg 1068w, https:\/\/prensa.sma.gob.ar\/wp-content\/uploads\/2024\/07\/WhatsApp-Image-2024-07-20-at-19.11.471.jpeg 1600w\" sizes=\"auto, (max-width: 1024px) 100vw, 1024px\" \/><\/figure>\n\n\n\n<figure class=\"wp-block-image size-large\"><img loading=\"lazy\" decoding=\"async\" width=\"1024\" height=\"580\" data-id=\"1149\" src=\"https:\/\/prensa.sma.gob.ar\/wp-content\/uploads\/2024\/07\/WhatsApp-Image-2024-07-20-at-19.11.472-1024x580.jpeg\" alt=\"\" class=\"wp-image-1149\" srcset=\"https:\/\/prensa.sma.gob.ar\/wp-content\/uploads\/2024\/07\/WhatsApp-Image-2024-07-20-at-19.11.472-1024x580.jpeg 1024w, https:\/\/prensa.sma.gob.ar\/wp-content\/uploads\/2024\/07\/WhatsApp-Image-2024-07-20-at-19.11.472-300x170.jpeg 300w, https:\/\/prensa.sma.gob.ar\/wp-content\/uploads\/2024\/07\/WhatsApp-Image-2024-07-20-at-19.11.472-768x435.jpeg 768w, https:\/\/prensa.sma.gob.ar\/wp-content\/uploads\/2024\/07\/WhatsApp-Image-2024-07-20-at-19.11.472-1536x870.jpeg 1536w, https:\/\/prensa.sma.gob.ar\/wp-content\/uploads\/2024\/07\/WhatsApp-Image-2024-07-20-at-19.11.472-742x420.jpeg 742w, https:\/\/prensa.sma.gob.ar\/wp-content\/uploads\/2024\/07\/WhatsApp-Image-2024-07-20-at-19.11.472-696x394.jpeg 696w, https:\/\/prensa.sma.gob.ar\/wp-content\/uploads\/2024\/07\/WhatsApp-Image-2024-07-20-at-19.11.472-1068x605.jpeg 1068w, https:\/\/prensa.sma.gob.ar\/wp-content\/uploads\/2024\/07\/WhatsApp-Image-2024-07-20-at-19.11.472.jpeg 1600w\" sizes=\"auto, (max-width: 1024px) 100vw, 1024px\" \/><\/figure>\n\n\n\n<figure class=\"wp-block-image size-large\"><img loading=\"lazy\" decoding=\"async\" width=\"1024\" height=\"606\" data-id=\"1143\" src=\"https:\/\/prensa.sma.gob.ar\/wp-content\/uploads\/2024\/07\/WhatsApp-Image-2024-07-20-at-19.11.52-1024x606.jpeg\" alt=\"\" class=\"wp-image-1143\" srcset=\"https:\/\/prensa.sma.gob.ar\/wp-content\/uploads\/2024\/07\/WhatsApp-Image-2024-07-20-at-19.11.52-1024x606.jpeg 1024w, https:\/\/prensa.sma.gob.ar\/wp-content\/uploads\/2024\/07\/WhatsApp-Image-2024-07-20-at-19.11.52-300x178.jpeg 300w, https:\/\/prensa.sma.gob.ar\/wp-content\/uploads\/2024\/07\/WhatsApp-Image-2024-07-20-at-19.11.52-768x455.jpeg 768w, https:\/\/prensa.sma.gob.ar\/wp-content\/uploads\/2024\/07\/WhatsApp-Image-2024-07-20-at-19.11.52-1536x909.jpeg 1536w, https:\/\/prensa.sma.gob.ar\/wp-content\/uploads\/2024\/07\/WhatsApp-Image-2024-07-20-at-19.11.52-710x420.jpeg 710w, https:\/\/prensa.sma.gob.ar\/wp-content\/uploads\/2024\/07\/WhatsApp-Image-2024-07-20-at-19.11.52-696x412.jpeg 696w, https:\/\/prensa.sma.gob.ar\/wp-content\/uploads\/2024\/07\/WhatsApp-Image-2024-07-20-at-19.11.52-1068x632.jpeg 1068w, https:\/\/prensa.sma.gob.ar\/wp-content\/uploads\/2024\/07\/WhatsApp-Image-2024-07-20-at-19.11.52.jpeg 1600w\" sizes=\"auto, (max-width: 1024px) 100vw, 1024px\" \/><\/figure>\n\n\n\n<figure class=\"wp-block-image size-large\"><img loading=\"lazy\" decoding=\"async\" width=\"1024\" height=\"576\" data-id=\"1144\" src=\"https:\/\/prensa.sma.gob.ar\/wp-content\/uploads\/2024\/07\/WhatsApp-Image-2024-07-20-at-19.11.511-1024x576.jpeg\" alt=\"\" class=\"wp-image-1144\" srcset=\"https:\/\/prensa.sma.gob.ar\/wp-content\/uploads\/2024\/07\/WhatsApp-Image-2024-07-20-at-19.11.511-1024x576.jpeg 1024w, https:\/\/prensa.sma.gob.ar\/wp-content\/uploads\/2024\/07\/WhatsApp-Image-2024-07-20-at-19.11.511-300x169.jpeg 300w, https:\/\/prensa.sma.gob.ar\/wp-content\/uploads\/2024\/07\/WhatsApp-Image-2024-07-20-at-19.11.511-768x432.jpeg 768w, https:\/\/prensa.sma.gob.ar\/wp-content\/uploads\/2024\/07\/WhatsApp-Image-2024-07-20-at-19.11.511-1536x864.jpeg 1536w, https:\/\/prensa.sma.gob.ar\/wp-content\/uploads\/2024\/07\/WhatsApp-Image-2024-07-20-at-19.11.511-747x420.jpeg 747w, https:\/\/prensa.sma.gob.ar\/wp-content\/uploads\/2024\/07\/WhatsApp-Image-2024-07-20-at-19.11.511-696x392.jpeg 696w, https:\/\/prensa.sma.gob.ar\/wp-content\/uploads\/2024\/07\/WhatsApp-Image-2024-07-20-at-19.11.511-1068x601.jpeg 1068w, https:\/\/prensa.sma.gob.ar\/wp-content\/uploads\/2024\/07\/WhatsApp-Image-2024-07-20-at-19.11.511.jpeg 1600w\" sizes=\"auto, (max-width: 1024px) 100vw, 1024px\" \/><\/figure>\n\n\n\n<figure class=\"wp-block-image size-large\"><img loading=\"lazy\" decoding=\"async\" width=\"1024\" height=\"576\" data-id=\"1142\" src=\"https:\/\/prensa.sma.gob.ar\/wp-content\/uploads\/2024\/07\/WhatsApp-Image-2024-07-20-at-19.11.53-1024x576.jpeg\" alt=\"\" class=\"wp-image-1142\" srcset=\"https:\/\/prensa.sma.gob.ar\/wp-content\/uploads\/2024\/07\/WhatsApp-Image-2024-07-20-at-19.11.53-1024x576.jpeg 1024w, https:\/\/prensa.sma.gob.ar\/wp-content\/uploads\/2024\/07\/WhatsApp-Image-2024-07-20-at-19.11.53-300x169.jpeg 300w, https:\/\/prensa.sma.gob.ar\/wp-content\/uploads\/2024\/07\/WhatsApp-Image-2024-07-20-at-19.11.53-768x432.jpeg 768w, https:\/\/prensa.sma.gob.ar\/wp-content\/uploads\/2024\/07\/WhatsApp-Image-2024-07-20-at-19.11.53-1536x864.jpeg 1536w, https:\/\/prensa.sma.gob.ar\/wp-content\/uploads\/2024\/07\/WhatsApp-Image-2024-07-20-at-19.11.53-747x420.jpeg 747w, https:\/\/prensa.sma.gob.ar\/wp-content\/uploads\/2024\/07\/WhatsApp-Image-2024-07-20-at-19.11.53-696x392.jpeg 696w, https:\/\/prensa.sma.gob.ar\/wp-content\/uploads\/2024\/07\/WhatsApp-Image-2024-07-20-at-19.11.53-1068x601.jpeg 1068w, https:\/\/prensa.sma.gob.ar\/wp-content\/uploads\/2024\/07\/WhatsApp-Image-2024-07-20-at-19.11.53.jpeg 1600w\" sizes=\"auto, (max-width: 1024px) 100vw, 1024px\" \/><\/figure>\n\n\n\n<figure class=\"wp-block-image size-large\"><img loading=\"lazy\" decoding=\"async\" width=\"1024\" height=\"576\" data-id=\"1141\" src=\"https:\/\/prensa.sma.gob.ar\/wp-content\/uploads\/2024\/07\/WhatsApp-Image-2024-07-20-at-19.11.531-1024x576.jpeg\" alt=\"\" class=\"wp-image-1141\" srcset=\"https:\/\/prensa.sma.gob.ar\/wp-content\/uploads\/2024\/07\/WhatsApp-Image-2024-07-20-at-19.11.531-1024x576.jpeg 1024w, https:\/\/prensa.sma.gob.ar\/wp-content\/uploads\/2024\/07\/WhatsApp-Image-2024-07-20-at-19.11.531-300x169.jpeg 300w, https:\/\/prensa.sma.gob.ar\/wp-content\/uploads\/2024\/07\/WhatsApp-Image-2024-07-20-at-19.11.531-768x432.jpeg 768w, https:\/\/prensa.sma.gob.ar\/wp-content\/uploads\/2024\/07\/WhatsApp-Image-2024-07-20-at-19.11.531-1536x864.jpeg 1536w, https:\/\/prensa.sma.gob.ar\/wp-content\/uploads\/2024\/07\/WhatsApp-Image-2024-07-20-at-19.11.531-747x420.jpeg 747w, https:\/\/prensa.sma.gob.ar\/wp-content\/uploads\/2024\/07\/WhatsApp-Image-2024-07-20-at-19.11.531-696x392.jpeg 696w, https:\/\/prensa.sma.gob.ar\/wp-content\/uploads\/2024\/07\/WhatsApp-Image-2024-07-20-at-19.11.531-1068x601.jpeg 1068w, https:\/\/prensa.sma.gob.ar\/wp-content\/uploads\/2024\/07\/WhatsApp-Image-2024-07-20-at-19.11.531.jpeg 1600w\" sizes=\"auto, (max-width: 1024px) 100vw, 1024px\" \/><\/figure>\n\n\n\n<figure class=\"wp-block-image size-large\"><img loading=\"lazy\" decoding=\"async\" width=\"1024\" height=\"576\" data-id=\"1140\" src=\"https:\/\/prensa.sma.gob.ar\/wp-content\/uploads\/2024\/07\/WhatsApp-Image-2024-07-20-at-19.11.532-1024x576.jpeg\" alt=\"\" class=\"wp-image-1140\" srcset=\"https:\/\/prensa.sma.gob.ar\/wp-content\/uploads\/2024\/07\/WhatsApp-Image-2024-07-20-at-19.11.532-1024x576.jpeg 1024w, https:\/\/prensa.sma.gob.ar\/wp-content\/uploads\/2024\/07\/WhatsApp-Image-2024-07-20-at-19.11.532-300x169.jpeg 300w, https:\/\/prensa.sma.gob.ar\/wp-content\/uploads\/2024\/07\/WhatsApp-Image-2024-07-20-at-19.11.532-768x432.jpeg 768w, https:\/\/prensa.sma.gob.ar\/wp-content\/uploads\/2024\/07\/WhatsApp-Image-2024-07-20-at-19.11.532-1536x864.jpeg 1536w, https:\/\/prensa.sma.gob.ar\/wp-content\/uploads\/2024\/07\/WhatsApp-Image-2024-07-20-at-19.11.532-747x420.jpeg 747w, https:\/\/prensa.sma.gob.ar\/wp-content\/uploads\/2024\/07\/WhatsApp-Image-2024-07-20-at-19.11.532-696x392.jpeg 696w, https:\/\/prensa.sma.gob.ar\/wp-content\/uploads\/2024\/07\/WhatsApp-Image-2024-07-20-at-19.11.532-1068x601.jpeg 1068w, https:\/\/prensa.sma.gob.ar\/wp-content\/uploads\/2024\/07\/WhatsApp-Image-2024-07-20-at-19.11.532.jpeg 1600w\" sizes=\"auto, (max-width: 1024px) 100vw, 1024px\" \/><\/figure>\n\n\n\n<figure class=\"wp-block-image size-large\"><img loading=\"lazy\" decoding=\"async\" width=\"1024\" height=\"576\" data-id=\"1139\" src=\"https:\/\/prensa.sma.gob.ar\/wp-content\/uploads\/2024\/07\/WhatsApp-Image-2024-07-20-at-19.11.54-1024x576.jpeg\" alt=\"\" class=\"wp-image-1139\" srcset=\"https:\/\/prensa.sma.gob.ar\/wp-content\/uploads\/2024\/07\/WhatsApp-Image-2024-07-20-at-19.11.54-1024x576.jpeg 1024w, https:\/\/prensa.sma.gob.ar\/wp-content\/uploads\/2024\/07\/WhatsApp-Image-2024-07-20-at-19.11.54-300x169.jpeg 300w, https:\/\/prensa.sma.gob.ar\/wp-content\/uploads\/2024\/07\/WhatsApp-Image-2024-07-20-at-19.11.54-768x432.jpeg 768w, https:\/\/prensa.sma.gob.ar\/wp-content\/uploads\/2024\/07\/WhatsApp-Image-2024-07-20-at-19.11.54-1536x864.jpeg 1536w, https:\/\/prensa.sma.gob.ar\/wp-content\/uploads\/2024\/07\/WhatsApp-Image-2024-07-20-at-19.11.54-747x420.jpeg 747w, https:\/\/prensa.sma.gob.ar\/wp-content\/uploads\/2024\/07\/WhatsApp-Image-2024-07-20-at-19.11.54-696x392.jpeg 696w, https:\/\/prensa.sma.gob.ar\/wp-content\/uploads\/2024\/07\/WhatsApp-Image-2024-07-20-at-19.11.54-1068x601.jpeg 1068w, https:\/\/prensa.sma.gob.ar\/wp-content\/uploads\/2024\/07\/WhatsApp-Image-2024-07-20-at-19.11.54.jpeg 1600w\" sizes=\"auto, (max-width: 1024px) 100vw, 1024px\" \/><\/figure>\n\n\n\n<figure class=\"wp-block-image size-large\"><img loading=\"lazy\" decoding=\"async\" width=\"1024\" height=\"576\" data-id=\"1138\" src=\"https:\/\/prensa.sma.gob.ar\/wp-content\/uploads\/2024\/07\/WhatsApp-Image-2024-07-20-at-19.11.541-1024x576.jpeg\" alt=\"\" class=\"wp-image-1138\" srcset=\"https:\/\/prensa.sma.gob.ar\/wp-content\/uploads\/2024\/07\/WhatsApp-Image-2024-07-20-at-19.11.541-1024x576.jpeg 1024w, https:\/\/prensa.sma.gob.ar\/wp-content\/uploads\/2024\/07\/WhatsApp-Image-2024-07-20-at-19.11.541-300x169.jpeg 300w, https:\/\/prensa.sma.gob.ar\/wp-content\/uploads\/2024\/07\/WhatsApp-Image-2024-07-20-at-19.11.541-768x432.jpeg 768w, https:\/\/prensa.sma.gob.ar\/wp-content\/uploads\/2024\/07\/WhatsApp-Image-2024-07-20-at-19.11.541-1536x864.jpeg 1536w, https:\/\/prensa.sma.gob.ar\/wp-content\/uploads\/2024\/07\/WhatsApp-Image-2024-07-20-at-19.11.541-747x420.jpeg 747w, https:\/\/prensa.sma.gob.ar\/wp-content\/uploads\/2024\/07\/WhatsApp-Image-2024-07-20-at-19.11.541-696x392.jpeg 696w, https:\/\/prensa.sma.gob.ar\/wp-content\/uploads\/2024\/07\/WhatsApp-Image-2024-07-20-at-19.11.541-1068x601.jpeg 1068w, https:\/\/prensa.sma.gob.ar\/wp-content\/uploads\/2024\/07\/WhatsApp-Image-2024-07-20-at-19.11.541.jpeg 1600w\" sizes=\"auto, (max-width: 1024px) 100vw, 1024px\" \/><\/figure>\n\n\n\n<figure class=\"wp-block-image size-large\"><img loading=\"lazy\" decoding=\"async\" width=\"1024\" height=\"679\" data-id=\"1137\" src=\"https:\/\/prensa.sma.gob.ar\/wp-content\/uploads\/2024\/07\/WhatsApp-Image-2024-07-20-at-19.11.55-1024x679.jpeg\" alt=\"\" class=\"wp-image-1137\" srcset=\"https:\/\/prensa.sma.gob.ar\/wp-content\/uploads\/2024\/07\/WhatsApp-Image-2024-07-20-at-19.11.55-1024x679.jpeg 1024w, https:\/\/prensa.sma.gob.ar\/wp-content\/uploads\/2024\/07\/WhatsApp-Image-2024-07-20-at-19.11.55-300x199.jpeg 300w, https:\/\/prensa.sma.gob.ar\/wp-content\/uploads\/2024\/07\/WhatsApp-Image-2024-07-20-at-19.11.55-768x509.jpeg 768w, https:\/\/prensa.sma.gob.ar\/wp-content\/uploads\/2024\/07\/WhatsApp-Image-2024-07-20-at-19.11.55-1536x1019.jpeg 1536w, https:\/\/prensa.sma.gob.ar\/wp-content\/uploads\/2024\/07\/WhatsApp-Image-2024-07-20-at-19.11.55-633x420.jpeg 633w, https:\/\/prensa.sma.gob.ar\/wp-content\/uploads\/2024\/07\/WhatsApp-Image-2024-07-20-at-19.11.55-696x462.jpeg 696w, https:\/\/prensa.sma.gob.ar\/wp-content\/uploads\/2024\/07\/WhatsApp-Image-2024-07-20-at-19.11.55-1068x708.jpeg 1068w, https:\/\/prensa.sma.gob.ar\/wp-content\/uploads\/2024\/07\/WhatsApp-Image-2024-07-20-at-19.11.55.jpeg 1600w\" sizes=\"auto, (max-width: 1024px) 100vw, 1024px\" \/><\/figure>\n\n\n\n<figure class=\"wp-block-image size-large\"><img loading=\"lazy\" decoding=\"async\" width=\"1024\" height=\"576\" data-id=\"1131\" src=\"https:\/\/prensa.sma.gob.ar\/wp-content\/uploads\/2024\/07\/WhatsApp-Image-2024-07-20-at-19.11.572-1024x576.jpeg\" alt=\"\" class=\"wp-image-1131\" srcset=\"https:\/\/prensa.sma.gob.ar\/wp-content\/uploads\/2024\/07\/WhatsApp-Image-2024-07-20-at-19.11.572-1024x576.jpeg 1024w, https:\/\/prensa.sma.gob.ar\/wp-content\/uploads\/2024\/07\/WhatsApp-Image-2024-07-20-at-19.11.572-300x169.jpeg 300w, https:\/\/prensa.sma.gob.ar\/wp-content\/uploads\/2024\/07\/WhatsApp-Image-2024-07-20-at-19.11.572-768x432.jpeg 768w, https:\/\/prensa.sma.gob.ar\/wp-content\/uploads\/2024\/07\/WhatsApp-Image-2024-07-20-at-19.11.572-1536x864.jpeg 1536w, https:\/\/prensa.sma.gob.ar\/wp-content\/uploads\/2024\/07\/WhatsApp-Image-2024-07-20-at-19.11.572-747x420.jpeg 747w, https:\/\/prensa.sma.gob.ar\/wp-content\/uploads\/2024\/07\/WhatsApp-Image-2024-07-20-at-19.11.572-696x392.jpeg 696w, https:\/\/prensa.sma.gob.ar\/wp-content\/uploads\/2024\/07\/WhatsApp-Image-2024-07-20-at-19.11.572-1068x601.jpeg 1068w, https:\/\/prensa.sma.gob.ar\/wp-content\/uploads\/2024\/07\/WhatsApp-Image-2024-07-20-at-19.11.572.jpeg 1600w\" sizes=\"auto, (max-width: 1024px) 100vw, 1024px\" \/><\/figure>\n\n\n\n<figure class=\"wp-block-image size-large\"><img loading=\"lazy\" decoding=\"async\" width=\"1024\" height=\"595\" data-id=\"1130\" src=\"https:\/\/prensa.sma.gob.ar\/wp-content\/uploads\/2024\/07\/WhatsApp-Image-2024-07-20-at-19.11.58-1024x595.jpeg\" alt=\"\" class=\"wp-image-1130\" srcset=\"https:\/\/prensa.sma.gob.ar\/wp-content\/uploads\/2024\/07\/WhatsApp-Image-2024-07-20-at-19.11.58-1024x595.jpeg 1024w, https:\/\/prensa.sma.gob.ar\/wp-content\/uploads\/2024\/07\/WhatsApp-Image-2024-07-20-at-19.11.58-300x174.jpeg 300w, https:\/\/prensa.sma.gob.ar\/wp-content\/uploads\/2024\/07\/WhatsApp-Image-2024-07-20-at-19.11.58-768x446.jpeg 768w, https:\/\/prensa.sma.gob.ar\/wp-content\/uploads\/2024\/07\/WhatsApp-Image-2024-07-20-at-19.11.58-1536x893.jpeg 1536w, https:\/\/prensa.sma.gob.ar\/wp-content\/uploads\/2024\/07\/WhatsApp-Image-2024-07-20-at-19.11.58-723x420.jpeg 723w, https:\/\/prensa.sma.gob.ar\/wp-content\/uploads\/2024\/07\/WhatsApp-Image-2024-07-20-at-19.11.58-696x405.jpeg 696w, https:\/\/prensa.sma.gob.ar\/wp-content\/uploads\/2024\/07\/WhatsApp-Image-2024-07-20-at-19.11.58-1068x621.jpeg 1068w, https:\/\/prensa.sma.gob.ar\/wp-content\/uploads\/2024\/07\/WhatsApp-Image-2024-07-20-at-19.11.58.jpeg 1600w\" sizes=\"auto, (max-width: 1024px) 100vw, 1024px\" \/><\/figure>\n\n\n\n<figure class=\"wp-block-image size-large\"><img loading=\"lazy\" decoding=\"async\" width=\"1024\" height=\"576\" data-id=\"1136\" src=\"https:\/\/prensa.sma.gob.ar\/wp-content\/uploads\/2024\/07\/WhatsApp-Image-2024-07-20-at-19.11.551-1024x576.jpeg\" alt=\"\" class=\"wp-image-1136\" srcset=\"https:\/\/prensa.sma.gob.ar\/wp-content\/uploads\/2024\/07\/WhatsApp-Image-2024-07-20-at-19.11.551-1024x576.jpeg 1024w, https:\/\/prensa.sma.gob.ar\/wp-content\/uploads\/2024\/07\/WhatsApp-Image-2024-07-20-at-19.11.551-300x169.jpeg 300w, https:\/\/prensa.sma.gob.ar\/wp-content\/uploads\/2024\/07\/WhatsApp-Image-2024-07-20-at-19.11.551-768x432.jpeg 768w, https:\/\/prensa.sma.gob.ar\/wp-content\/uploads\/2024\/07\/WhatsApp-Image-2024-07-20-at-19.11.551-1536x864.jpeg 1536w, https:\/\/prensa.sma.gob.ar\/wp-content\/uploads\/2024\/07\/WhatsApp-Image-2024-07-20-at-19.11.551-747x420.jpeg 747w, https:\/\/prensa.sma.gob.ar\/wp-content\/uploads\/2024\/07\/WhatsApp-Image-2024-07-20-at-19.11.551-696x392.jpeg 696w, https:\/\/prensa.sma.gob.ar\/wp-content\/uploads\/2024\/07\/WhatsApp-Image-2024-07-20-at-19.11.551-1068x601.jpeg 1068w, https:\/\/prensa.sma.gob.ar\/wp-content\/uploads\/2024\/07\/WhatsApp-Image-2024-07-20-at-19.11.551.jpeg 1600w\" sizes=\"auto, (max-width: 1024px) 100vw, 1024px\" \/><\/figure>\n<\/figure>\n","protected":false},"excerpt":{"rendered":"<p>El gobernador de Neuqu\u00e9n, Rolando Figueroa, y el intendente de San Mart\u00edn de los Andes, Carlos Saloniti, recorrieron la Tienda de Sabores, que se realiza en nuestra ciudad este s\u00e1bado y ma\u00f1ana domingo. El mandatario provincial estuvo acompa\u00f1ado del ministro de Econom\u00eda, Producci\u00f3n e Industria, Guillermo Koenig; del ministro de Turismo, Gustavo Fern\u00e1ndez Capiet; del [&hellip;]<\/p>\n","protected":false},"author":2,"featured_media":1145,"comment_status":"closed","ping_status":"open","sticky":false,"template":"","format":"standard","meta":{"footnotes":""},"categories":[16,11,14,17,38,36],"tags":[],"class_list":{"0":"post-1127","1":"post","2":"type-post","3":"status-publish","4":"format-standard","5":"has-post-thumbnail","7":"category-destacadas","8":"category-gobierno","9":"category-noticias","10":"category-portada","11":"category-subsecretaria-produccion-empleo-y-juventud","12":"category-turismo"},"_links":{"self":[{"href":"https:\/\/prensa.sma.gob.ar\/index.php?rest_route=\/wp\/v2\/posts\/1127","targetHints":{"allow":["GET"]}}],"collection":[{"href":"https:\/\/prensa.sma.gob.ar\/index.php?rest_route=\/wp\/v2\/posts"}],"about":[{"href":"https:\/\/prensa.sma.gob.ar\/index.php?rest_route=\/wp\/v2\/types\/post"}],"author":[{"embeddable":true,"href":"https:\/\/prensa.sma.gob.ar\/index.php?rest_route=\/wp\/v2\/users\/2"}],"replies":[{"embeddable":true,"href":"https:\/\/prensa.sma.gob.ar\/index.php?rest_route=%2Fwp%2Fv2%2Fcomments&post=1127"}],"version-history":[{"count":1,"href":"https:\/\/prensa.sma.gob.ar\/index.php?rest_route=\/wp\/v2\/posts\/1127\/revisions"}],"predecessor-version":[{"id":1162,"href":"https:\/\/prensa.sma.gob.ar\/index.php?rest_route=\/wp\/v2\/posts\/1127\/revisions\/1162"}],"wp:featuredmedia":[{"embeddable":true,"href":"https:\/\/prensa.sma.gob.ar\/index.php?rest_route=\/wp\/v2\/media\/1145"}],"wp:attachment":[{"href":"https:\/\/prensa.sma.gob.ar\/index.php?rest_route=%2Fwp%2Fv2%2Fmedia&parent=1127"}],"wp:term":[{"taxonomy":"category","embeddable":true,"href":"https:\/\/prensa.sma.gob.ar\/index.php?rest_route=%2Fwp%2Fv2%2Fcategories&post=1127"},{"taxonomy":"post_tag","embeddable":true,"href":"https:\/\/prensa.sma.gob.ar\/index.php?rest_route=%2Fwp%2Fv2%2Ftags&post=1127"}],"curies":[{"name":"wp","href":"https:\/\/api.w.org\/{rel}","templated":true}]}}