{"id":11361,"date":"2025-11-27T11:24:33","date_gmt":"2025-11-27T11:24:33","guid":{"rendered":"https:\/\/prensa.sma.gob.ar\/?p=11361"},"modified":"2025-11-27T13:52:45","modified_gmt":"2025-11-27T13:52:45","slug":"casi-500-luminarias-fueron-reemplazadas-en-cuatro-meses-gracias-al-convenio-entre-provincia-municipio-y-epen","status":"publish","type":"post","link":"https:\/\/prensa.sma.gob.ar\/?p=11361","title":{"rendered":"Casi 500 luminarias fueron reemplazadas en cuatro meses gracias al convenio entre Provincia, Municipio y EPEN"},"content":{"rendered":"\n<p>La Empresa Provincial de Energ\u00eda del Neuqu\u00e9n (EPEN) coloc\u00f3, hasta mediados de noviembre, 482 luces LED, de 100 wats, como parte del acuerdo suscripto entre el Gobierno provincial, el Municipio y la empresa estatal, para el recambio de todas las luminarias de la ciudad.<\/p>\n\n\n\n<p>Las nuevas l\u00e1mparas fueron distribuidas en Los Radales-Covisal; Alihuen Bajo; Alihuen Alto; Los Robles; Morros de Alihuen; Rinc\u00f3n Rosales; Kaleuche; El Arenal y Gobernadores Neuquinos. Adem\u00e1s, se reemplazaron 14 luces, de 160 wats, ubicadas sobre la Ruta Nacional 40.<\/p>\n\n\n\n<p>El programa de recambio, que comenz\u00f3 en julio pasado, continuar\u00e1 por los barrios de toda la zona de Cordones del Chapelco (chacras 26, 28, 30 y 32); Chacra 4; Villa Paur; Cantera y luego hacia el resto de los barrios.<\/p>\n\n\n\n<p>La tarea es ejecutada por personal y equipos del EPEN en coordinaci\u00f3n con el Municipio a trav\u00e9s de la Direcci\u00f3n General de Seguridad Ciudadana que encabeza Mauricio Troncoso. Tambi\u00e9n intervienen otras \u00e1reas del Ejecutivo como las subsecretar\u00edas de Obras P\u00fablicas y de Juntas Vecinales.<\/p>\n\n\n\n<p>Si bien el trabajo se hace de manera sostenida, se ajusta a las tareas cotidianas de EPEN, a la disponibilidad de personal y equipos, condiciones clim\u00e1ticas y a la atenci\u00f3n de urgencias y demandas imprevistas que surjan de la comunidad.<\/p>\n\n\n\n<p>Las luces LED mejoran la eficiencia y el consumo de energ\u00eda, tienen una durabilidad de hasta 10 y 15 a\u00f1os sin mantenimiento y facilitan la reparaci\u00f3n en caso de apagado, se\u00f1al\u00f3 Ariel Omar Barrera, jefe del Servicio El\u00e9ctrico San Mart\u00edn de los Andes de EPEN (S.E.S.M.A.), responsable del recambio en coordinaci\u00f3n con Ver\u00f3nica Beatriz Quesada, t\u00e9cnica a cargo de la Unidad de Servicios Regional Sur de la empresa provincial de energ\u00eda.<\/p>\n\n\n\n<p>San Mart\u00edn de los Andes y otros municipios suscribieron en marzo pasado con el gobernador Rolando Figueroa el Plan Provincial de Alumbrado Eficiente, que sustituir\u00e1 las luminarias actuales por sistemas LED en calles y accesos de todas las localidades neuquinas, para alcanzar mayor eficiencia y menor consumo.<\/p>\n\n\n\n<p>El plan que lanz\u00f3 el Gobierno provincial prev\u00e9 el recambio de m\u00e1s de 50.000 luminarias. Para San Mart\u00edn de los Andes, el programa significar\u00e1 el recambio de unas 3.500 leds, con una inversi\u00f3n de 1.500 millones de pesos, que se hace con recupero.<\/p>\n\n\n\n<figure class=\"wp-block-gallery has-nested-images columns-default is-cropped wp-block-gallery-1 is-layout-flex wp-block-gallery-is-layout-flex\">\n<figure class=\"wp-block-image size-large\"><img loading=\"lazy\" decoding=\"async\" width=\"1024\" height=\"576\" data-id=\"11372\" src=\"https:\/\/prensa.sma.gob.ar\/wp-content\/uploads\/2025\/11\/WhatsApp-Image-2025-07-30-at-22.07.52-4-1024x576.jpeg\" alt=\"\" class=\"wp-image-11372\" srcset=\"https:\/\/prensa.sma.gob.ar\/wp-content\/uploads\/2025\/11\/WhatsApp-Image-2025-07-30-at-22.07.52-4-1024x576.jpeg 1024w, https:\/\/prensa.sma.gob.ar\/wp-content\/uploads\/2025\/11\/WhatsApp-Image-2025-07-30-at-22.07.52-4-300x169.jpeg 300w, https:\/\/prensa.sma.gob.ar\/wp-content\/uploads\/2025\/11\/WhatsApp-Image-2025-07-30-at-22.07.52-4-768x432.jpeg 768w, https:\/\/prensa.sma.gob.ar\/wp-content\/uploads\/2025\/11\/WhatsApp-Image-2025-07-30-at-22.07.52-4-1536x864.jpeg 1536w, https:\/\/prensa.sma.gob.ar\/wp-content\/uploads\/2025\/11\/WhatsApp-Image-2025-07-30-at-22.07.52-4-747x420.jpeg 747w, https:\/\/prensa.sma.gob.ar\/wp-content\/uploads\/2025\/11\/WhatsApp-Image-2025-07-30-at-22.07.52-4-696x392.jpeg 696w, https:\/\/prensa.sma.gob.ar\/wp-content\/uploads\/2025\/11\/WhatsApp-Image-2025-07-30-at-22.07.52-4-1068x601.jpeg 1068w, https:\/\/prensa.sma.gob.ar\/wp-content\/uploads\/2025\/11\/WhatsApp-Image-2025-07-30-at-22.07.52-4.jpeg 1600w\" sizes=\"auto, (max-width: 1024px) 100vw, 1024px\" \/><\/figure>\n\n\n\n<figure class=\"wp-block-image size-large\"><img loading=\"lazy\" decoding=\"async\" width=\"1024\" height=\"576\" data-id=\"11371\" src=\"https:\/\/prensa.sma.gob.ar\/wp-content\/uploads\/2025\/11\/WhatsApp-Image-2025-07-30-at-22.07.47-1024x576.jpeg\" alt=\"\" class=\"wp-image-11371\" srcset=\"https:\/\/prensa.sma.gob.ar\/wp-content\/uploads\/2025\/11\/WhatsApp-Image-2025-07-30-at-22.07.47-1024x576.jpeg 1024w, https:\/\/prensa.sma.gob.ar\/wp-content\/uploads\/2025\/11\/WhatsApp-Image-2025-07-30-at-22.07.47-300x169.jpeg 300w, https:\/\/prensa.sma.gob.ar\/wp-content\/uploads\/2025\/11\/WhatsApp-Image-2025-07-30-at-22.07.47-768x432.jpeg 768w, https:\/\/prensa.sma.gob.ar\/wp-content\/uploads\/2025\/11\/WhatsApp-Image-2025-07-30-at-22.07.47-1536x864.jpeg 1536w, https:\/\/prensa.sma.gob.ar\/wp-content\/uploads\/2025\/11\/WhatsApp-Image-2025-07-30-at-22.07.47-747x420.jpeg 747w, https:\/\/prensa.sma.gob.ar\/wp-content\/uploads\/2025\/11\/WhatsApp-Image-2025-07-30-at-22.07.47-696x392.jpeg 696w, https:\/\/prensa.sma.gob.ar\/wp-content\/uploads\/2025\/11\/WhatsApp-Image-2025-07-30-at-22.07.47-1068x601.jpeg 1068w, https:\/\/prensa.sma.gob.ar\/wp-content\/uploads\/2025\/11\/WhatsApp-Image-2025-07-30-at-22.07.47.jpeg 1600w\" sizes=\"auto, (max-width: 1024px) 100vw, 1024px\" \/><\/figure>\n\n\n\n<figure class=\"wp-block-image size-large\"><img loading=\"lazy\" decoding=\"async\" width=\"1024\" height=\"576\" data-id=\"11369\" src=\"https:\/\/prensa.sma.gob.ar\/wp-content\/uploads\/2025\/11\/WhatsApp-Image-2025-07-30-at-22.07.49-1-1024x576.jpeg\" alt=\"\" class=\"wp-image-11369\" srcset=\"https:\/\/prensa.sma.gob.ar\/wp-content\/uploads\/2025\/11\/WhatsApp-Image-2025-07-30-at-22.07.49-1-1024x576.jpeg 1024w, https:\/\/prensa.sma.gob.ar\/wp-content\/uploads\/2025\/11\/WhatsApp-Image-2025-07-30-at-22.07.49-1-300x169.jpeg 300w, https:\/\/prensa.sma.gob.ar\/wp-content\/uploads\/2025\/11\/WhatsApp-Image-2025-07-30-at-22.07.49-1-768x432.jpeg 768w, https:\/\/prensa.sma.gob.ar\/wp-content\/uploads\/2025\/11\/WhatsApp-Image-2025-07-30-at-22.07.49-1-1536x864.jpeg 1536w, https:\/\/prensa.sma.gob.ar\/wp-content\/uploads\/2025\/11\/WhatsApp-Image-2025-07-30-at-22.07.49-1-747x420.jpeg 747w, https:\/\/prensa.sma.gob.ar\/wp-content\/uploads\/2025\/11\/WhatsApp-Image-2025-07-30-at-22.07.49-1-696x392.jpeg 696w, https:\/\/prensa.sma.gob.ar\/wp-content\/uploads\/2025\/11\/WhatsApp-Image-2025-07-30-at-22.07.49-1-1068x601.jpeg 1068w, https:\/\/prensa.sma.gob.ar\/wp-content\/uploads\/2025\/11\/WhatsApp-Image-2025-07-30-at-22.07.49-1.jpeg 1600w\" sizes=\"auto, (max-width: 1024px) 100vw, 1024px\" \/><\/figure>\n<\/figure>\n","protected":false},"excerpt":{"rendered":"<p>La Empresa Provincial de Energ\u00eda del Neuqu\u00e9n (EPEN) coloc\u00f3, hasta mediados de noviembre, 482 luces LED, de 100 wats, como parte del acuerdo suscripto entre el Gobierno provincial, el Municipio y la empresa estatal, para el recambio de todas las luminarias de la ciudad. Las nuevas l\u00e1mparas fueron distribuidas en Los Radales-Covisal; Alihuen Bajo; Alihuen [&hellip;]<\/p>\n","protected":false},"author":2,"featured_media":11370,"comment_status":"closed","ping_status":"open","sticky":false,"template":"","format":"standard","meta":{"footnotes":""},"categories":[16,11,14,17],"tags":[],"class_list":{"0":"post-11361","1":"post","2":"type-post","3":"status-publish","4":"format-standard","5":"has-post-thumbnail","7":"category-destacadas","8":"category-gobierno","9":"category-noticias","10":"category-portada"},"_links":{"self":[{"href":"https:\/\/prensa.sma.gob.ar\/index.php?rest_route=\/wp\/v2\/posts\/11361","targetHints":{"allow":["GET"]}}],"collection":[{"href":"https:\/\/prensa.sma.gob.ar\/index.php?rest_route=\/wp\/v2\/posts"}],"about":[{"href":"https:\/\/prensa.sma.gob.ar\/index.php?rest_route=\/wp\/v2\/types\/post"}],"author":[{"embeddable":true,"href":"https:\/\/prensa.sma.gob.ar\/index.php?rest_route=\/wp\/v2\/users\/2"}],"replies":[{"embeddable":true,"href":"https:\/\/prensa.sma.gob.ar\/index.php?rest_route=%2Fwp%2Fv2%2Fcomments&post=11361"}],"version-history":[{"count":2,"href":"https:\/\/prensa.sma.gob.ar\/index.php?rest_route=\/wp\/v2\/posts\/11361\/revisions"}],"predecessor-version":[{"id":11373,"href":"https:\/\/prensa.sma.gob.ar\/index.php?rest_route=\/wp\/v2\/posts\/11361\/revisions\/11373"}],"wp:featuredmedia":[{"embeddable":true,"href":"https:\/\/prensa.sma.gob.ar\/index.php?rest_route=\/wp\/v2\/media\/11370"}],"wp:attachment":[{"href":"https:\/\/prensa.sma.gob.ar\/index.php?rest_route=%2Fwp%2Fv2%2Fmedia&parent=11361"}],"wp:term":[{"taxonomy":"category","embeddable":true,"href":"https:\/\/prensa.sma.gob.ar\/index.php?rest_route=%2Fwp%2Fv2%2Fcategories&post=11361"},{"taxonomy":"post_tag","embeddable":true,"href":"https:\/\/prensa.sma.gob.ar\/index.php?rest_route=%2Fwp%2Fv2%2Ftags&post=11361"}],"curies":[{"name":"wp","href":"https:\/\/api.w.org\/{rel}","templated":true}]}}