{"id":11531,"date":"2025-12-09T12:41:01","date_gmt":"2025-12-09T12:41:01","guid":{"rendered":"https:\/\/prensa.sma.gob.ar\/?p=11531"},"modified":"2025-12-09T12:42:28","modified_gmt":"2025-12-09T12:42:28","slug":"hasta-el-22-de-diciembre-estara-abierta-la-convocatoria-para-el-programa-calle-cultural","status":"publish","type":"post","link":"https:\/\/prensa.sma.gob.ar\/?p=11531","title":{"rendered":"Hasta el 22 de diciembre estar\u00e1 abierta la convocatoria para el programa Calle Cultural"},"content":{"rendered":"\n<p>La Secretar\u00eda de Cultura de San Mart\u00edn de los Andes anuncia la apertura de la convocatoria para el Programa Calle Cultural, destinado a artistas callejeros que deseen realizar intervenciones en distintos barrios y espacios p\u00fablicos de la ciudad durante enero y febrero de 2026.<\/p>\n\n\n\n<p>Calle Cultural es una propuesta que busca fortalecer la presencia del arte en la v\u00eda p\u00fablica, generando actividades culturales gratuitas para las y los vecinos. Las presentaciones ser\u00e1n a la gorra, respetando la modalidad propia del arte callejero.<\/p>\n\n\n\n<p>En el marco de este programa la Secretar\u00eda de Cultura otorgar\u00e1 a cada artista o grupo un incentivo econ\u00f3mico de gorra, destinado a acompa\u00f1ar y reconocer el trabajo art\u00edstico, adem\u00e1s de lo que el p\u00fablico aporte voluntariamente.<\/p>\n\n\n\n<p>La convocatoria est\u00e1 dirigida a m\u00fasicos callejeros, artistas circenses, malabaristas, bailarines, actores, titiriteros, performers y otras disciplinas que puedan desarrollarse en el espacio p\u00fablico.<\/p>\n\n\n\n<p>Las y los artistas interesados podr\u00e1n enviar sus propuestas hasta el 22 de diciembre de 2025 al correo: teatrosanjosesmandes@gmail.com<\/p>\n\n\n\n<p>Consultas por WhatsApp al: +54 9 2972 53-7772<\/p>\n\n\n\n<p>Calle Cultural busca descentralizar la oferta cultural, promover la circulaci\u00f3n del arte callejero y fortalecer los v\u00ednculos comunitarios a trav\u00e9s de expresiones art\u00edsticas accesibles, abiertas y participativas.<\/p>\n","protected":false},"excerpt":{"rendered":"<p>La Secretar\u00eda de Cultura de San Mart\u00edn de los Andes anuncia la apertura de la convocatoria para el Programa Calle Cultural, destinado a artistas callejeros que deseen realizar intervenciones en distintos barrios y espacios p\u00fablicos de la ciudad durante enero y febrero de 2026. Calle Cultural es una propuesta que busca fortalecer la presencia del [&hellip;]<\/p>\n","protected":false},"author":2,"featured_media":11533,"comment_status":"closed","ping_status":"open","sticky":false,"template":"","format":"standard","meta":{"footnotes":""},"categories":[5,16,14],"tags":[],"class_list":{"0":"post-11531","1":"post","2":"type-post","3":"status-publish","4":"format-standard","5":"has-post-thumbnail","7":"category-cultura","8":"category-destacadas","9":"category-noticias"},"_links":{"self":[{"href":"https:\/\/prensa.sma.gob.ar\/index.php?rest_route=\/wp\/v2\/posts\/11531","targetHints":{"allow":["GET"]}}],"collection":[{"href":"https:\/\/prensa.sma.gob.ar\/index.php?rest_route=\/wp\/v2\/posts"}],"about":[{"href":"https:\/\/prensa.sma.gob.ar\/index.php?rest_route=\/wp\/v2\/types\/post"}],"author":[{"embeddable":true,"href":"https:\/\/prensa.sma.gob.ar\/index.php?rest_route=\/wp\/v2\/users\/2"}],"replies":[{"embeddable":true,"href":"https:\/\/prensa.sma.gob.ar\/index.php?rest_route=%2Fwp%2Fv2%2Fcomments&post=11531"}],"version-history":[{"count":1,"href":"https:\/\/prensa.sma.gob.ar\/index.php?rest_route=\/wp\/v2\/posts\/11531\/revisions"}],"predecessor-version":[{"id":11532,"href":"https:\/\/prensa.sma.gob.ar\/index.php?rest_route=\/wp\/v2\/posts\/11531\/revisions\/11532"}],"wp:featuredmedia":[{"embeddable":true,"href":"https:\/\/prensa.sma.gob.ar\/index.php?rest_route=\/wp\/v2\/media\/11533"}],"wp:attachment":[{"href":"https:\/\/prensa.sma.gob.ar\/index.php?rest_route=%2Fwp%2Fv2%2Fmedia&parent=11531"}],"wp:term":[{"taxonomy":"category","embeddable":true,"href":"https:\/\/prensa.sma.gob.ar\/index.php?rest_route=%2Fwp%2Fv2%2Fcategories&post=11531"},{"taxonomy":"post_tag","embeddable":true,"href":"https:\/\/prensa.sma.gob.ar\/index.php?rest_route=%2Fwp%2Fv2%2Ftags&post=11531"}],"curies":[{"name":"wp","href":"https:\/\/api.w.org\/{rel}","templated":true}]}}