{"id":11537,"date":"2025-12-10T13:05:44","date_gmt":"2025-12-10T13:05:44","guid":{"rendered":"https:\/\/prensa.sma.gob.ar\/?p=11537"},"modified":"2025-12-10T13:05:45","modified_gmt":"2025-12-10T13:05:45","slug":"gran-convocatoria-y-espiritu-comunitario-en-la-navidad-en-el-barrio","status":"publish","type":"post","link":"https:\/\/prensa.sma.gob.ar\/?p=11537","title":{"rendered":"Gran convocatoria y esp\u00edritu comunitario en la Navidad en el Barrio"},"content":{"rendered":"\n<p>El Arenal vivi\u00f3 su \u201cNavidad en el Barrio\u201d con una participaci\u00f3n extraordinaria de cerca de 500 vecinas y vecinos, que se acercaron a compartir la tarde y la noche llena de alegr\u00eda, m\u00fasica y actividades para toda la familia.<\/p>\n\n\n\n<p>Desde las 16 hs comenzaron las propuestas recreativas, con manchas pavimentales, juegos, pintacaritas y una gran variedad de actividades que disfrutaron tanto ni\u00f1as y ni\u00f1os como adolescentes y adultos. La jornada continu\u00f3 con presentaciones art\u00edsticas de diferentes grupos locales, que con su talento dieron vida a un cronograma cargado de m\u00fasica, danza y emoci\u00f3n.<\/p>\n\n\n\n<p>El encuentro fue organizado por la Comisi\u00f3n de la Junta Vecinal de El Arenal con acompa\u00f1amiento del Municipio de San Mart\u00edn de los Andes, a trav\u00e9s de la Subsecretar\u00eda de Producci\u00f3n, Empleo y Juventud, colaborando con el armado del tradicional Pino Navide\u00f1o y diversas tareas log\u00edsticas.<\/p>\n\n\n\n<p>El subsecretario de Producci\u00f3n, Empleo y Juventud, Ian Bruno Reparaz, agradeci\u00f3 \u201ca todas las agrupaciones, artistas y elencos que formaron parte del cronograma, y a la Junta Vecinal, que nuevamente se puso al hombro este hermoso encuentro comunitario, demostrando el valor del trabajo colectivo\u201d.<\/p>\n\n\n\n<p>\u201cFue una verdadera fiesta en la que el barrio se reuni\u00f3 para celebrar, compartir y disfrutar. Una Navidad llena de color, m\u00fasica y uni\u00f3n, que dej\u00f3 un recuerdo hermoso para toda la comunidad\u201d, afirm\u00f3.<\/p>\n\n\n\n<p>La presidenta de la Comisi\u00f3n vecinal, Ailin Mu\u00f1oz, record\u00f3 que la Navidad en el Barrio se lleva adelante desde 2021, a veces organizada por la Junta Vecinal y a veces por los vecinos autoconvocados. \u201cEsto es para nuestra gente, para reforzar nuestra identidad barrial, nuestra cultura y nuestro sentido de pertenencia\u201d, se\u00f1al\u00f3, y agradeci\u00f3 el acompa\u00f1amiento de vecinas y vecinos de otros barrios.<\/p>\n\n\n\n<p>Describi\u00f3 que \u201ceste domingo hubo muchas agrupaciones de baile, de m\u00fasica, de fitness, hubo emprendedores, pintacaritas, juegos, inflables; la jornada estuvo espectacular, el d\u00eda nos acompa\u00f1\u00f3 y estuvimos casi hasta las 2 y media de la ma\u00f1ana\u201d.<\/p>\n\n\n\n<p>Mu\u00f1oz afirm\u00f3 que \u201cnos acompa\u00f1aron unas 500 personas y la gente la pas\u00f3 muy bien. Esper\u00e1bamos una buena convocatoria, pero no tan grande como la que fue\u201d. Agradeci\u00f3 al equipo de la Subsecretar\u00eda de Producci\u00f3n, Empleo y Juventud, a los integrantes de la Comisi\u00f3n Vecinal y a las vecinas y vecinos.<\/p>\n\n\n\n<p>Finalmente, Mu\u00f1oz destac\u00f3 especialmente \u201cel comportamiento de los vecinos, la limpieza y el orden en el play\u00f3n, que es el lugar que se usa para lo deportivo, lo social, lo cultural. Tampoco hubo inconvenientes, m\u00e1s all\u00e1 de que contamos con polic\u00eda. Fue una hermosa jornada\u201d.<\/p>\n\n\n\n<figure class=\"wp-block-gallery has-nested-images columns-default is-cropped wp-block-gallery-1 is-layout-flex wp-block-gallery-is-layout-flex\">\n<figure class=\"wp-block-image size-large\"><img loading=\"lazy\" decoding=\"async\" width=\"768\" height=\"1024\" data-id=\"11545\" src=\"https:\/\/prensa.sma.gob.ar\/wp-content\/uploads\/2025\/12\/WhatsApp-Image-2025-12-10-at-7.38.36-AM-768x1024.jpeg\" alt=\"\" class=\"wp-image-11545\" srcset=\"https:\/\/prensa.sma.gob.ar\/wp-content\/uploads\/2025\/12\/WhatsApp-Image-2025-12-10-at-7.38.36-AM-768x1024.jpeg 768w, https:\/\/prensa.sma.gob.ar\/wp-content\/uploads\/2025\/12\/WhatsApp-Image-2025-12-10-at-7.38.36-AM-225x300.jpeg 225w, https:\/\/prensa.sma.gob.ar\/wp-content\/uploads\/2025\/12\/WhatsApp-Image-2025-12-10-at-7.38.36-AM-1152x1536.jpeg 1152w, https:\/\/prensa.sma.gob.ar\/wp-content\/uploads\/2025\/12\/WhatsApp-Image-2025-12-10-at-7.38.36-AM-315x420.jpeg 315w, https:\/\/prensa.sma.gob.ar\/wp-content\/uploads\/2025\/12\/WhatsApp-Image-2025-12-10-at-7.38.36-AM-696x928.jpeg 696w, https:\/\/prensa.sma.gob.ar\/wp-content\/uploads\/2025\/12\/WhatsApp-Image-2025-12-10-at-7.38.36-AM-1068x1424.jpeg 1068w, https:\/\/prensa.sma.gob.ar\/wp-content\/uploads\/2025\/12\/WhatsApp-Image-2025-12-10-at-7.38.36-AM.jpeg 1200w\" sizes=\"auto, (max-width: 768px) 100vw, 768px\" \/><\/figure>\n\n\n\n<figure class=\"wp-block-image size-large\"><img loading=\"lazy\" decoding=\"async\" width=\"768\" height=\"1024\" data-id=\"11544\" src=\"https:\/\/prensa.sma.gob.ar\/wp-content\/uploads\/2025\/12\/WhatsApp-Image-2025-12-10-at-7.38.36-AM1-768x1024.jpeg\" alt=\"\" class=\"wp-image-11544\" srcset=\"https:\/\/prensa.sma.gob.ar\/wp-content\/uploads\/2025\/12\/WhatsApp-Image-2025-12-10-at-7.38.36-AM1-768x1024.jpeg 768w, https:\/\/prensa.sma.gob.ar\/wp-content\/uploads\/2025\/12\/WhatsApp-Image-2025-12-10-at-7.38.36-AM1-225x300.jpeg 225w, https:\/\/prensa.sma.gob.ar\/wp-content\/uploads\/2025\/12\/WhatsApp-Image-2025-12-10-at-7.38.36-AM1-1152x1536.jpeg 1152w, https:\/\/prensa.sma.gob.ar\/wp-content\/uploads\/2025\/12\/WhatsApp-Image-2025-12-10-at-7.38.36-AM1-315x420.jpeg 315w, https:\/\/prensa.sma.gob.ar\/wp-content\/uploads\/2025\/12\/WhatsApp-Image-2025-12-10-at-7.38.36-AM1-696x928.jpeg 696w, https:\/\/prensa.sma.gob.ar\/wp-content\/uploads\/2025\/12\/WhatsApp-Image-2025-12-10-at-7.38.36-AM1-1068x1424.jpeg 1068w, https:\/\/prensa.sma.gob.ar\/wp-content\/uploads\/2025\/12\/WhatsApp-Image-2025-12-10-at-7.38.36-AM1.jpeg 1200w\" sizes=\"auto, (max-width: 768px) 100vw, 768px\" \/><\/figure>\n\n\n\n<figure class=\"wp-block-image size-large\"><img loading=\"lazy\" decoding=\"async\" width=\"768\" height=\"1024\" data-id=\"11543\" src=\"https:\/\/prensa.sma.gob.ar\/wp-content\/uploads\/2025\/12\/WhatsApp-Image-2025-12-10-at-7.38.36-AM2-768x1024.jpeg\" alt=\"\" class=\"wp-image-11543\" srcset=\"https:\/\/prensa.sma.gob.ar\/wp-content\/uploads\/2025\/12\/WhatsApp-Image-2025-12-10-at-7.38.36-AM2-768x1024.jpeg 768w, https:\/\/prensa.sma.gob.ar\/wp-content\/uploads\/2025\/12\/WhatsApp-Image-2025-12-10-at-7.38.36-AM2-225x300.jpeg 225w, https:\/\/prensa.sma.gob.ar\/wp-content\/uploads\/2025\/12\/WhatsApp-Image-2025-12-10-at-7.38.36-AM2-1152x1536.jpeg 1152w, https:\/\/prensa.sma.gob.ar\/wp-content\/uploads\/2025\/12\/WhatsApp-Image-2025-12-10-at-7.38.36-AM2-315x420.jpeg 315w, https:\/\/prensa.sma.gob.ar\/wp-content\/uploads\/2025\/12\/WhatsApp-Image-2025-12-10-at-7.38.36-AM2-696x928.jpeg 696w, https:\/\/prensa.sma.gob.ar\/wp-content\/uploads\/2025\/12\/WhatsApp-Image-2025-12-10-at-7.38.36-AM2-1068x1424.jpeg 1068w, https:\/\/prensa.sma.gob.ar\/wp-content\/uploads\/2025\/12\/WhatsApp-Image-2025-12-10-at-7.38.36-AM2.jpeg 1200w\" sizes=\"auto, (max-width: 768px) 100vw, 768px\" \/><\/figure>\n\n\n\n<figure class=\"wp-block-image size-large\"><img loading=\"lazy\" decoding=\"async\" width=\"1024\" height=\"1002\" data-id=\"11538\" src=\"https:\/\/prensa.sma.gob.ar\/wp-content\/uploads\/2025\/12\/PINO-ARENAL-1024x1002.jpg\" alt=\"\" class=\"wp-image-11538\" srcset=\"https:\/\/prensa.sma.gob.ar\/wp-content\/uploads\/2025\/12\/PINO-ARENAL-1024x1002.jpg 1024w, https:\/\/prensa.sma.gob.ar\/wp-content\/uploads\/2025\/12\/PINO-ARENAL-300x294.jpg 300w, https:\/\/prensa.sma.gob.ar\/wp-content\/uploads\/2025\/12\/PINO-ARENAL-768x751.jpg 768w, https:\/\/prensa.sma.gob.ar\/wp-content\/uploads\/2025\/12\/PINO-ARENAL-429x420.jpg 429w, https:\/\/prensa.sma.gob.ar\/wp-content\/uploads\/2025\/12\/PINO-ARENAL-696x681.jpg 696w, https:\/\/prensa.sma.gob.ar\/wp-content\/uploads\/2025\/12\/PINO-ARENAL-1068x1045.jpg 1068w, https:\/\/prensa.sma.gob.ar\/wp-content\/uploads\/2025\/12\/PINO-ARENAL.jpg 1204w\" sizes=\"auto, (max-width: 1024px) 100vw, 1024px\" \/><\/figure>\n\n\n\n<figure class=\"wp-block-image size-large\"><img loading=\"lazy\" decoding=\"async\" width=\"768\" height=\"1024\" data-id=\"11542\" src=\"https:\/\/prensa.sma.gob.ar\/wp-content\/uploads\/2025\/12\/WhatsApp-Image-2025-12-10-at-7.38.36-AM3-768x1024.jpeg\" alt=\"\" class=\"wp-image-11542\" srcset=\"https:\/\/prensa.sma.gob.ar\/wp-content\/uploads\/2025\/12\/WhatsApp-Image-2025-12-10-at-7.38.36-AM3-768x1024.jpeg 768w, https:\/\/prensa.sma.gob.ar\/wp-content\/uploads\/2025\/12\/WhatsApp-Image-2025-12-10-at-7.38.36-AM3-225x300.jpeg 225w, https:\/\/prensa.sma.gob.ar\/wp-content\/uploads\/2025\/12\/WhatsApp-Image-2025-12-10-at-7.38.36-AM3-1152x1536.jpeg 1152w, https:\/\/prensa.sma.gob.ar\/wp-content\/uploads\/2025\/12\/WhatsApp-Image-2025-12-10-at-7.38.36-AM3-315x420.jpeg 315w, https:\/\/prensa.sma.gob.ar\/wp-content\/uploads\/2025\/12\/WhatsApp-Image-2025-12-10-at-7.38.36-AM3-696x928.jpeg 696w, https:\/\/prensa.sma.gob.ar\/wp-content\/uploads\/2025\/12\/WhatsApp-Image-2025-12-10-at-7.38.36-AM3-1068x1424.jpeg 1068w, https:\/\/prensa.sma.gob.ar\/wp-content\/uploads\/2025\/12\/WhatsApp-Image-2025-12-10-at-7.38.36-AM3.jpeg 1200w\" sizes=\"auto, (max-width: 768px) 100vw, 768px\" \/><\/figure>\n<\/figure>\n\n\n\n<figure class=\"wp-block-gallery has-nested-images columns-default is-cropped wp-block-gallery-2 is-layout-flex wp-block-gallery-is-layout-flex\">\n<figure class=\"wp-block-image size-large\"><img loading=\"lazy\" decoding=\"async\" width=\"1024\" height=\"768\" data-id=\"11541\" src=\"https:\/\/prensa.sma.gob.ar\/wp-content\/uploads\/2025\/12\/WhatsApp-Image-2025-12-10-at-7.38.37-AM-1024x768.jpeg\" alt=\"\" class=\"wp-image-11541\" srcset=\"https:\/\/prensa.sma.gob.ar\/wp-content\/uploads\/2025\/12\/WhatsApp-Image-2025-12-10-at-7.38.37-AM-1024x768.jpeg 1024w, https:\/\/prensa.sma.gob.ar\/wp-content\/uploads\/2025\/12\/WhatsApp-Image-2025-12-10-at-7.38.37-AM-300x225.jpeg 300w, https:\/\/prensa.sma.gob.ar\/wp-content\/uploads\/2025\/12\/WhatsApp-Image-2025-12-10-at-7.38.37-AM-768x576.jpeg 768w, https:\/\/prensa.sma.gob.ar\/wp-content\/uploads\/2025\/12\/WhatsApp-Image-2025-12-10-at-7.38.37-AM-1536x1152.jpeg 1536w, https:\/\/prensa.sma.gob.ar\/wp-content\/uploads\/2025\/12\/WhatsApp-Image-2025-12-10-at-7.38.37-AM-560x420.jpeg 560w, https:\/\/prensa.sma.gob.ar\/wp-content\/uploads\/2025\/12\/WhatsApp-Image-2025-12-10-at-7.38.37-AM-80x60.jpeg 80w, https:\/\/prensa.sma.gob.ar\/wp-content\/uploads\/2025\/12\/WhatsApp-Image-2025-12-10-at-7.38.37-AM-696x522.jpeg 696w, https:\/\/prensa.sma.gob.ar\/wp-content\/uploads\/2025\/12\/WhatsApp-Image-2025-12-10-at-7.38.37-AM-1068x801.jpeg 1068w, https:\/\/prensa.sma.gob.ar\/wp-content\/uploads\/2025\/12\/WhatsApp-Image-2025-12-10-at-7.38.37-AM.jpeg 1600w\" sizes=\"auto, (max-width: 1024px) 100vw, 1024px\" \/><\/figure>\n\n\n\n<figure class=\"wp-block-image size-large\"><img loading=\"lazy\" decoding=\"async\" width=\"1024\" height=\"768\" data-id=\"11540\" src=\"https:\/\/prensa.sma.gob.ar\/wp-content\/uploads\/2025\/12\/WhatsApp-Image-2025-12-10-at-7.38.37-AM1-1024x768.jpeg\" alt=\"\" class=\"wp-image-11540\" srcset=\"https:\/\/prensa.sma.gob.ar\/wp-content\/uploads\/2025\/12\/WhatsApp-Image-2025-12-10-at-7.38.37-AM1-1024x768.jpeg 1024w, https:\/\/prensa.sma.gob.ar\/wp-content\/uploads\/2025\/12\/WhatsApp-Image-2025-12-10-at-7.38.37-AM1-300x225.jpeg 300w, https:\/\/prensa.sma.gob.ar\/wp-content\/uploads\/2025\/12\/WhatsApp-Image-2025-12-10-at-7.38.37-AM1-768x576.jpeg 768w, https:\/\/prensa.sma.gob.ar\/wp-content\/uploads\/2025\/12\/WhatsApp-Image-2025-12-10-at-7.38.37-AM1-1536x1152.jpeg 1536w, https:\/\/prensa.sma.gob.ar\/wp-content\/uploads\/2025\/12\/WhatsApp-Image-2025-12-10-at-7.38.37-AM1-560x420.jpeg 560w, https:\/\/prensa.sma.gob.ar\/wp-content\/uploads\/2025\/12\/WhatsApp-Image-2025-12-10-at-7.38.37-AM1-80x60.jpeg 80w, https:\/\/prensa.sma.gob.ar\/wp-content\/uploads\/2025\/12\/WhatsApp-Image-2025-12-10-at-7.38.37-AM1-696x522.jpeg 696w, https:\/\/prensa.sma.gob.ar\/wp-content\/uploads\/2025\/12\/WhatsApp-Image-2025-12-10-at-7.38.37-AM1-1068x801.jpeg 1068w, https:\/\/prensa.sma.gob.ar\/wp-content\/uploads\/2025\/12\/WhatsApp-Image-2025-12-10-at-7.38.37-AM1.jpeg 1600w\" sizes=\"auto, (max-width: 1024px) 100vw, 1024px\" \/><\/figure>\n\n\n\n<figure class=\"wp-block-image size-large\"><img loading=\"lazy\" decoding=\"async\" width=\"1024\" height=\"709\" data-id=\"11539\" src=\"https:\/\/prensa.sma.gob.ar\/wp-content\/uploads\/2025\/12\/WhatsApp-Image-2025-12-10-at-7.41.43-AM-1024x709.jpeg\" alt=\"\" class=\"wp-image-11539\" srcset=\"https:\/\/prensa.sma.gob.ar\/wp-content\/uploads\/2025\/12\/WhatsApp-Image-2025-12-10-at-7.41.43-AM-1024x709.jpeg 1024w, https:\/\/prensa.sma.gob.ar\/wp-content\/uploads\/2025\/12\/WhatsApp-Image-2025-12-10-at-7.41.43-AM-300x208.jpeg 300w, https:\/\/prensa.sma.gob.ar\/wp-content\/uploads\/2025\/12\/WhatsApp-Image-2025-12-10-at-7.41.43-AM-768x532.jpeg 768w, https:\/\/prensa.sma.gob.ar\/wp-content\/uploads\/2025\/12\/WhatsApp-Image-2025-12-10-at-7.41.43-AM-607x420.jpeg 607w, https:\/\/prensa.sma.gob.ar\/wp-content\/uploads\/2025\/12\/WhatsApp-Image-2025-12-10-at-7.41.43-AM-218x150.jpeg 218w, https:\/\/prensa.sma.gob.ar\/wp-content\/uploads\/2025\/12\/WhatsApp-Image-2025-12-10-at-7.41.43-AM-696x482.jpeg 696w, https:\/\/prensa.sma.gob.ar\/wp-content\/uploads\/2025\/12\/WhatsApp-Image-2025-12-10-at-7.41.43-AM-1068x739.jpeg 1068w, https:\/\/prensa.sma.gob.ar\/wp-content\/uploads\/2025\/12\/WhatsApp-Image-2025-12-10-at-7.41.43-AM.jpeg 1325w\" sizes=\"auto, (max-width: 1024px) 100vw, 1024px\" \/><\/figure>\n<\/figure>\n\n\n\n<p><\/p>\n","protected":false},"excerpt":{"rendered":"<p>El Arenal vivi\u00f3 su \u201cNavidad en el Barrio\u201d con una participaci\u00f3n extraordinaria de cerca de 500 vecinas y vecinos, que se acercaron a compartir la tarde y la noche llena de alegr\u00eda, m\u00fasica y actividades para toda la familia. Desde las 16 hs comenzaron las propuestas recreativas, con manchas pavimentales, juegos, pintacaritas y una gran [&hellip;]<\/p>\n","protected":false},"author":2,"featured_media":11538,"comment_status":"closed","ping_status":"open","sticky":false,"template":"","format":"standard","meta":{"footnotes":""},"categories":[16,39,14,38],"tags":[],"class_list":{"0":"post-11537","1":"post","2":"type-post","3":"status-publish","4":"format-standard","5":"has-post-thumbnail","7":"category-destacadas","8":"category-subs-juntas-vecinales","9":"category-noticias","10":"category-subsecretaria-produccion-empleo-y-juventud"},"_links":{"self":[{"href":"https:\/\/prensa.sma.gob.ar\/index.php?rest_route=\/wp\/v2\/posts\/11537","targetHints":{"allow":["GET"]}}],"collection":[{"href":"https:\/\/prensa.sma.gob.ar\/index.php?rest_route=\/wp\/v2\/posts"}],"about":[{"href":"https:\/\/prensa.sma.gob.ar\/index.php?rest_route=\/wp\/v2\/types\/post"}],"author":[{"embeddable":true,"href":"https:\/\/prensa.sma.gob.ar\/index.php?rest_route=\/wp\/v2\/users\/2"}],"replies":[{"embeddable":true,"href":"https:\/\/prensa.sma.gob.ar\/index.php?rest_route=%2Fwp%2Fv2%2Fcomments&post=11537"}],"version-history":[{"count":1,"href":"https:\/\/prensa.sma.gob.ar\/index.php?rest_route=\/wp\/v2\/posts\/11537\/revisions"}],"predecessor-version":[{"id":11546,"href":"https:\/\/prensa.sma.gob.ar\/index.php?rest_route=\/wp\/v2\/posts\/11537\/revisions\/11546"}],"wp:featuredmedia":[{"embeddable":true,"href":"https:\/\/prensa.sma.gob.ar\/index.php?rest_route=\/wp\/v2\/media\/11538"}],"wp:attachment":[{"href":"https:\/\/prensa.sma.gob.ar\/index.php?rest_route=%2Fwp%2Fv2%2Fmedia&parent=11537"}],"wp:term":[{"taxonomy":"category","embeddable":true,"href":"https:\/\/prensa.sma.gob.ar\/index.php?rest_route=%2Fwp%2Fv2%2Fcategories&post=11537"},{"taxonomy":"post_tag","embeddable":true,"href":"https:\/\/prensa.sma.gob.ar\/index.php?rest_route=%2Fwp%2Fv2%2Ftags&post=11537"}],"curies":[{"name":"wp","href":"https:\/\/api.w.org\/{rel}","templated":true}]}}