{"id":11560,"date":"2025-12-10T19:03:31","date_gmt":"2025-12-10T19:03:31","guid":{"rendered":"https:\/\/prensa.sma.gob.ar\/?p=11560"},"modified":"2025-12-10T19:03:32","modified_gmt":"2025-12-10T19:03:32","slug":"municipio-y-policia-del-neuquen-firmaron-un-historico-convenio-para-la-seguridad-ciudadana","status":"publish","type":"post","link":"https:\/\/prensa.sma.gob.ar\/?p=11560","title":{"rendered":"Municipio y Polic\u00eda del Neuqu\u00e9n firmaron un hist\u00f3rico convenio para la seguridad ciudadana"},"content":{"rendered":"\n<p>El intendente municipal, Carlos Saloniti, y el jefe de la Polic\u00eda del Neuqu\u00e9n, comisario general Tom\u00e1s Carlos D\u00edaz P\u00e9rez, firmaron un convenio de trabajo conjunto que actualiza el marco legal operativo para atender los nuevos requerimientos de los vecinos y vecinas en \u00e1reas preventivas y de control.<\/p>\n\n\n\n<p>El acuerdo, suscripto en la Jefatura de Polic\u00eda, implica un notable mejoramiento en tareas conjuntas entre las diferentes \u00e1reas policiales y dependencias del Ejecutivo municipal en el control y elaboraci\u00f3n de infracciones de transporte p\u00fablico, controles de tr\u00e1nsito y de alcoholemia, entre otras funciones.<\/p>\n\n\n\n<p>El director de Seguridad Ciudadana, Mauricio Troncoso, explic\u00f3 que el acuerdo implica \u201ctener un marco legal para mejorar el trabajo conjunto en todo el ejido municipal, tanto en el \u00e1mbito contravencional como aquellas acciones que son competencia exclusiva de la polic\u00eda\u201d.<\/p>\n\n\n\n<p>\u201cPermite, por ejemplo, que las actas de infracci\u00f3n las pueden hacer tanto Polic\u00eda como las autoridades municipales, como el Cuerpo de Ordenadores de Tr\u00e1nsito (COTT), Guardas Ambientales, Bromatolog\u00eda. Gracias a este nuevo convenio, las diferentes \u00e1reas de la Polic\u00eda tendr\u00e1n apoyo del Municipio, incluyendo Protecci\u00f3n Civil\u201d, explic\u00f3.<\/p>\n\n\n\n<p>Explic\u00f3 que este acuerdo \u201cmarcar\u00e1 un antes y un despu\u00e9s en el marco regulatorio, porque permite el accionar independiente y el accionar conjunto, en el terreno, dentro de los marcos legales, en controles como alcoholemia o infracciones de tr\u00e1nsito, teniendo como cabeza del marco pol\u00edtico de la seguridad ciudadana\u201d.<\/p>\n\n\n\n<p>Se\u00f1al\u00f3 que, adem\u00e1s, fortalece el trabajo interinstitucional en controles espec\u00edficos en los que intervienen Polic\u00eda del Neuqu\u00e9n, Polic\u00eda Federal, Gendarmer\u00eda Nacional, Prefectura Naval y Municipio. La actualizaci\u00f3n del convenio y la nueva normativa permitir\u00e1n, adem\u00e1s, el intercambio de informaci\u00f3n sobre dominios y datos generales de veh\u00edculos<\/p>\n\n\n\n<p>Troncoso celebr\u00f3 este convenio porque \u201cse ven\u00eda trabajando internamente desde el Consejo Asesor Superior de la Polic\u00eda como desde el Consejo de Seguridad Ciudadana del Municipio\u201d y porque \u201ctoma las demandas que hacen llegar las Juntas Vecinales y la ciudadan\u00eda en general\u201d.<\/p>\n\n\n\n<p>Tambi\u00e9n destac\u00f3 que, en San Mart\u00edn de los Andes, \u201ctenemos un plus, que es la acci\u00f3n conjunta de Polic\u00eda y Municipio en funci\u00f3n de la protecci\u00f3n ciudadana, atendiendo las demandas de las vecinas y vecinos a trav\u00e9s de las Juntas Vecinales y de las instituciones del Estado como el Concejo Deliberante\u201d.<\/p>\n\n\n\n<p>\u201cEl trabajo en equipo interinstitucional dentro del ejido municipal es una de las premisas del Consejo de Seguridad Ciudadana, que es el \u00f3rgano consultivo de estrategias p\u00fablicas para el trabajo integral en la prevenci\u00f3n del delito, la violencia y para la seguridad, que favorece la participaci\u00f3n comunitaria en la convivencia social\u201d, reafirm\u00f3 en funcionario municipal.<\/p>\n\n\n\n<p>Record\u00f3 que los primeros trabajos conjuntos entre Polic\u00eda y Municipio nacieron a mediados de los a\u00f1os 90, en el entonces Consejo de Prevenci\u00f3n del Delito y que, su continuidad, regularidad y mejoramiento, \u201cle permiti\u00f3 a san Mart\u00edn de los andes tener un nexo entre diferentes fuerzas e instituciones\u201d.<\/p>\n\n\n\n<p>Finalmente, Mauricio Troncoso resalt\u00f3 \u201cla decisi\u00f3n pol\u00edtica del intendente Saloniti y el trabajo de la Subsecretar\u00eda de Juntas Vecinales de ordenar el resurgimiento de las Comisiones Vecinales, porque conforman el marco de redes comunitarias para absorber las demandas en busca de soluciones en varias materias, entre ellas la seguridad ciudadana\u201d.<\/p>\n\n\n\n<figure class=\"wp-block-gallery has-nested-images columns-default is-cropped wp-block-gallery-1 is-layout-flex wp-block-gallery-is-layout-flex\">\n<figure class=\"wp-block-image size-large\"><img loading=\"lazy\" decoding=\"async\" width=\"1024\" height=\"1024\" data-id=\"11561\" src=\"https:\/\/prensa.sma.gob.ar\/wp-content\/uploads\/2025\/12\/WhatsApp-Image-2025-12-09-at-2.06.59-PM-1024x1024.jpeg\" alt=\"\" class=\"wp-image-11561\" srcset=\"https:\/\/prensa.sma.gob.ar\/wp-content\/uploads\/2025\/12\/WhatsApp-Image-2025-12-09-at-2.06.59-PM-1024x1024.jpeg 1024w, https:\/\/prensa.sma.gob.ar\/wp-content\/uploads\/2025\/12\/WhatsApp-Image-2025-12-09-at-2.06.59-PM-300x300.jpeg 300w, https:\/\/prensa.sma.gob.ar\/wp-content\/uploads\/2025\/12\/WhatsApp-Image-2025-12-09-at-2.06.59-PM-150x150.jpeg 150w, https:\/\/prensa.sma.gob.ar\/wp-content\/uploads\/2025\/12\/WhatsApp-Image-2025-12-09-at-2.06.59-PM-768x768.jpeg 768w, https:\/\/prensa.sma.gob.ar\/wp-content\/uploads\/2025\/12\/WhatsApp-Image-2025-12-09-at-2.06.59-PM-420x420.jpeg 420w, https:\/\/prensa.sma.gob.ar\/wp-content\/uploads\/2025\/12\/WhatsApp-Image-2025-12-09-at-2.06.59-PM-696x696.jpeg 696w, https:\/\/prensa.sma.gob.ar\/wp-content\/uploads\/2025\/12\/WhatsApp-Image-2025-12-09-at-2.06.59-PM-1068x1068.jpeg 1068w, https:\/\/prensa.sma.gob.ar\/wp-content\/uploads\/2025\/12\/WhatsApp-Image-2025-12-09-at-2.06.59-PM.jpeg 1365w\" sizes=\"auto, (max-width: 1024px) 100vw, 1024px\" \/><\/figure>\n\n\n\n<figure class=\"wp-block-image size-large\"><img loading=\"lazy\" decoding=\"async\" width=\"1024\" height=\"1024\" data-id=\"11562\" src=\"https:\/\/prensa.sma.gob.ar\/wp-content\/uploads\/2025\/12\/WhatsApp-Image-2025-12-09-at-2.06.58-PM-1024x1024.jpeg\" alt=\"\" class=\"wp-image-11562\" srcset=\"https:\/\/prensa.sma.gob.ar\/wp-content\/uploads\/2025\/12\/WhatsApp-Image-2025-12-09-at-2.06.58-PM-1024x1024.jpeg 1024w, https:\/\/prensa.sma.gob.ar\/wp-content\/uploads\/2025\/12\/WhatsApp-Image-2025-12-09-at-2.06.58-PM-300x300.jpeg 300w, https:\/\/prensa.sma.gob.ar\/wp-content\/uploads\/2025\/12\/WhatsApp-Image-2025-12-09-at-2.06.58-PM-150x150.jpeg 150w, https:\/\/prensa.sma.gob.ar\/wp-content\/uploads\/2025\/12\/WhatsApp-Image-2025-12-09-at-2.06.58-PM-768x768.jpeg 768w, https:\/\/prensa.sma.gob.ar\/wp-content\/uploads\/2025\/12\/WhatsApp-Image-2025-12-09-at-2.06.58-PM-420x420.jpeg 420w, https:\/\/prensa.sma.gob.ar\/wp-content\/uploads\/2025\/12\/WhatsApp-Image-2025-12-09-at-2.06.58-PM-696x696.jpeg 696w, https:\/\/prensa.sma.gob.ar\/wp-content\/uploads\/2025\/12\/WhatsApp-Image-2025-12-09-at-2.06.58-PM-1068x1068.jpeg 1068w, https:\/\/prensa.sma.gob.ar\/wp-content\/uploads\/2025\/12\/WhatsApp-Image-2025-12-09-at-2.06.58-PM.jpeg 1365w\" sizes=\"auto, (max-width: 1024px) 100vw, 1024px\" \/><\/figure>\n<\/figure>\n","protected":false},"excerpt":{"rendered":"<p>El intendente municipal, Carlos Saloniti, y el jefe de la Polic\u00eda del Neuqu\u00e9n, comisario general Tom\u00e1s Carlos D\u00edaz P\u00e9rez, firmaron un convenio de trabajo conjunto que actualiza el marco legal operativo para atender los nuevos requerimientos de los vecinos y vecinas en \u00e1reas preventivas y de control. El acuerdo, suscripto en la Jefatura de Polic\u00eda, [&hellip;]<\/p>\n","protected":false},"author":2,"featured_media":11562,"comment_status":"closed","ping_status":"open","sticky":false,"template":"","format":"standard","meta":{"footnotes":""},"categories":[16,14,17],"tags":[],"class_list":{"0":"post-11560","1":"post","2":"type-post","3":"status-publish","4":"format-standard","5":"has-post-thumbnail","7":"category-destacadas","8":"category-noticias","9":"category-portada"},"_links":{"self":[{"href":"https:\/\/prensa.sma.gob.ar\/index.php?rest_route=\/wp\/v2\/posts\/11560","targetHints":{"allow":["GET"]}}],"collection":[{"href":"https:\/\/prensa.sma.gob.ar\/index.php?rest_route=\/wp\/v2\/posts"}],"about":[{"href":"https:\/\/prensa.sma.gob.ar\/index.php?rest_route=\/wp\/v2\/types\/post"}],"author":[{"embeddable":true,"href":"https:\/\/prensa.sma.gob.ar\/index.php?rest_route=\/wp\/v2\/users\/2"}],"replies":[{"embeddable":true,"href":"https:\/\/prensa.sma.gob.ar\/index.php?rest_route=%2Fwp%2Fv2%2Fcomments&post=11560"}],"version-history":[{"count":1,"href":"https:\/\/prensa.sma.gob.ar\/index.php?rest_route=\/wp\/v2\/posts\/11560\/revisions"}],"predecessor-version":[{"id":11563,"href":"https:\/\/prensa.sma.gob.ar\/index.php?rest_route=\/wp\/v2\/posts\/11560\/revisions\/11563"}],"wp:featuredmedia":[{"embeddable":true,"href":"https:\/\/prensa.sma.gob.ar\/index.php?rest_route=\/wp\/v2\/media\/11562"}],"wp:attachment":[{"href":"https:\/\/prensa.sma.gob.ar\/index.php?rest_route=%2Fwp%2Fv2%2Fmedia&parent=11560"}],"wp:term":[{"taxonomy":"category","embeddable":true,"href":"https:\/\/prensa.sma.gob.ar\/index.php?rest_route=%2Fwp%2Fv2%2Fcategories&post=11560"},{"taxonomy":"post_tag","embeddable":true,"href":"https:\/\/prensa.sma.gob.ar\/index.php?rest_route=%2Fwp%2Fv2%2Ftags&post=11560"}],"curies":[{"name":"wp","href":"https:\/\/api.w.org\/{rel}","templated":true}]}}