{"id":11564,"date":"2025-12-11T11:30:17","date_gmt":"2025-12-11T11:30:17","guid":{"rendered":"https:\/\/prensa.sma.gob.ar\/?p=11564"},"modified":"2025-12-11T11:30:19","modified_gmt":"2025-12-11T11:30:19","slug":"comienza-la-reinscripcion-del-plan-de-becas-estudiantiles-para-2026","status":"publish","type":"post","link":"https:\/\/prensa.sma.gob.ar\/?p=11564","title":{"rendered":"Comienza la reinscripci\u00f3n del Plan de Becas Estudiantiles para 2026"},"content":{"rendered":"\n<p>Si vivis en San Mart\u00edn de los Andes y sos actualmente beneficiario del plan de becas estudiantiles provinciales Gregorio \u00c1lvarez, tenes la posibilidad de renovar el beneficio entre el 15 y el 30 de diciembre<\/p>\n\n\n\n<p>Las reinscripciones para quienes ya tuvieron la beca durante 2025, se realizar\u00e1n en:<\/p>\n\n\n\n<p>Secretar\u00eda de Cultura. Lunes, mi\u00e9rcoles y viernes de 8 a 14 hs, martes y jueves de 14 a 20 hs. Capit\u00e1n Drury 665.<\/p>\n\n\n\n<p>Direcci\u00f3n General de Educaci\u00f3n, de lunes a viernes de 8 a 12 hs. Centro de Estudios Sol de los Andes, 1\u00b0Piso.<\/p>\n\n\n\n<p>Punto Digital, de lunes a viernes de 8.30 a 12 hs y de 15 a 19 hs. Calle Cerro de la Virgen 1846. Cordones del Chapelco.<\/p>\n\n\n\n<p>Delegaci\u00f3n de Cordones del Chapelco, martes y jueves de 8 a 13 hs. Av. Los Lagos 1900.<\/p>\n\n\n\n<p><\/p>\n","protected":false},"excerpt":{"rendered":"<p>Si vivis en San Mart\u00edn de los Andes y sos actualmente beneficiario del plan de becas estudiantiles provinciales Gregorio \u00c1lvarez, tenes la posibilidad de renovar el beneficio entre el 15 y el 30 de diciembre Las reinscripciones para quienes ya tuvieron la beca durante 2025, se realizar\u00e1n en: Secretar\u00eda de Cultura. Lunes, mi\u00e9rcoles y viernes [&hellip;]<\/p>\n","protected":false},"author":2,"featured_media":11565,"comment_status":"closed","ping_status":"open","sticky":false,"template":"","format":"standard","meta":{"footnotes":""},"categories":[5,16,9,14],"tags":[],"class_list":{"0":"post-11564","1":"post","2":"type-post","3":"status-publish","4":"format-standard","5":"has-post-thumbnail","7":"category-cultura","8":"category-destacadas","9":"category-educacion","10":"category-noticias"},"_links":{"self":[{"href":"https:\/\/prensa.sma.gob.ar\/index.php?rest_route=\/wp\/v2\/posts\/11564","targetHints":{"allow":["GET"]}}],"collection":[{"href":"https:\/\/prensa.sma.gob.ar\/index.php?rest_route=\/wp\/v2\/posts"}],"about":[{"href":"https:\/\/prensa.sma.gob.ar\/index.php?rest_route=\/wp\/v2\/types\/post"}],"author":[{"embeddable":true,"href":"https:\/\/prensa.sma.gob.ar\/index.php?rest_route=\/wp\/v2\/users\/2"}],"replies":[{"embeddable":true,"href":"https:\/\/prensa.sma.gob.ar\/index.php?rest_route=%2Fwp%2Fv2%2Fcomments&post=11564"}],"version-history":[{"count":1,"href":"https:\/\/prensa.sma.gob.ar\/index.php?rest_route=\/wp\/v2\/posts\/11564\/revisions"}],"predecessor-version":[{"id":11566,"href":"https:\/\/prensa.sma.gob.ar\/index.php?rest_route=\/wp\/v2\/posts\/11564\/revisions\/11566"}],"wp:featuredmedia":[{"embeddable":true,"href":"https:\/\/prensa.sma.gob.ar\/index.php?rest_route=\/wp\/v2\/media\/11565"}],"wp:attachment":[{"href":"https:\/\/prensa.sma.gob.ar\/index.php?rest_route=%2Fwp%2Fv2%2Fmedia&parent=11564"}],"wp:term":[{"taxonomy":"category","embeddable":true,"href":"https:\/\/prensa.sma.gob.ar\/index.php?rest_route=%2Fwp%2Fv2%2Fcategories&post=11564"},{"taxonomy":"post_tag","embeddable":true,"href":"https:\/\/prensa.sma.gob.ar\/index.php?rest_route=%2Fwp%2Fv2%2Ftags&post=11564"}],"curies":[{"name":"wp","href":"https:\/\/api.w.org\/{rel}","templated":true}]}}