{"id":11567,"date":"2025-12-11T11:31:41","date_gmt":"2025-12-11T11:31:41","guid":{"rendered":"https:\/\/prensa.sma.gob.ar\/?p=11567"},"modified":"2025-12-11T11:31:42","modified_gmt":"2025-12-11T11:31:42","slug":"comenzaron-los-trabajos-previos-a-la-pavimentacion-en-chacra-4","status":"publish","type":"post","link":"https:\/\/prensa.sma.gob.ar\/?p=11567","title":{"rendered":"Comenzaron los trabajos previos a la pavimentaci\u00f3n en Chacra 4"},"content":{"rendered":"\n<p>Las tareas consisten en relevamiento de cordones, c\u00e1maras de inspecci\u00f3n de la red cloacal y nivelaci\u00f3n de las calles.<\/p>\n\n\n\n<p>Estas tareas previas se realizan mientras la cuadrilla de pavimentaci\u00f3n finaliza la rotonda de Av. Los Lagos. El mismo equipo de personal y maquinaria luego se trasladar\u00e1 a Chacra 4 para comenzar con la obra de casi 800 metros.<\/p>\n\n\n\n<p>Las obras incluir\u00e1n las calles Tromen (entre la Ruta Nacional 40 y Las Coloradas), Las Coloradas (entre Tromen y Pil Pil), Pil Pil (hasta el lote E-6 de la manzana E) y Las Lajas (entre Pil Pil y la ruta provincial 62).<\/p>\n\n\n\n<p>Estas calles, que van de manera paralela a la Ruta Nacional 40, acompa\u00f1ar\u00e1n el crecimiento urban\u00edstico del barrio junto al Cpem 28 y al nuevo edificio de la Escuela Integral N\u00b0 3, que se construye en el tri\u00e1ngulo conformado por Ruta 40 y calle Pil Pil, junto al Cpem 28.<\/p>\n\n\n\n<figure class=\"wp-block-gallery has-nested-images columns-default is-cropped wp-block-gallery-1 is-layout-flex wp-block-gallery-is-layout-flex\">\n<figure class=\"wp-block-image size-large\"><img loading=\"lazy\" decoding=\"async\" width=\"1024\" height=\"461\" data-id=\"11570\" src=\"https:\/\/prensa.sma.gob.ar\/wp-content\/uploads\/2025\/12\/WhatsApp-Image-2025-12-10-at-12.06.17-PM2-1024x461.jpeg\" alt=\"\" class=\"wp-image-11570\" srcset=\"https:\/\/prensa.sma.gob.ar\/wp-content\/uploads\/2025\/12\/WhatsApp-Image-2025-12-10-at-12.06.17-PM2-1024x461.jpeg 1024w, https:\/\/prensa.sma.gob.ar\/wp-content\/uploads\/2025\/12\/WhatsApp-Image-2025-12-10-at-12.06.17-PM2-300x135.jpeg 300w, https:\/\/prensa.sma.gob.ar\/wp-content\/uploads\/2025\/12\/WhatsApp-Image-2025-12-10-at-12.06.17-PM2-768x346.jpeg 768w, https:\/\/prensa.sma.gob.ar\/wp-content\/uploads\/2025\/12\/WhatsApp-Image-2025-12-10-at-12.06.17-PM2-933x420.jpeg 933w, https:\/\/prensa.sma.gob.ar\/wp-content\/uploads\/2025\/12\/WhatsApp-Image-2025-12-10-at-12.06.17-PM2-696x313.jpeg 696w, https:\/\/prensa.sma.gob.ar\/wp-content\/uploads\/2025\/12\/WhatsApp-Image-2025-12-10-at-12.06.17-PM2-1068x481.jpeg 1068w, https:\/\/prensa.sma.gob.ar\/wp-content\/uploads\/2025\/12\/WhatsApp-Image-2025-12-10-at-12.06.17-PM2.jpeg 1280w\" sizes=\"auto, (max-width: 1024px) 100vw, 1024px\" \/><\/figure>\n\n\n\n<figure class=\"wp-block-image size-large\"><img loading=\"lazy\" decoding=\"async\" width=\"1024\" height=\"461\" data-id=\"11569\" src=\"https:\/\/prensa.sma.gob.ar\/wp-content\/uploads\/2025\/12\/WhatsApp-Image-2025-12-10-at-12.06.18-PM-1024x461.jpeg\" alt=\"\" class=\"wp-image-11569\" srcset=\"https:\/\/prensa.sma.gob.ar\/wp-content\/uploads\/2025\/12\/WhatsApp-Image-2025-12-10-at-12.06.18-PM-1024x461.jpeg 1024w, https:\/\/prensa.sma.gob.ar\/wp-content\/uploads\/2025\/12\/WhatsApp-Image-2025-12-10-at-12.06.18-PM-300x135.jpeg 300w, https:\/\/prensa.sma.gob.ar\/wp-content\/uploads\/2025\/12\/WhatsApp-Image-2025-12-10-at-12.06.18-PM-768x346.jpeg 768w, https:\/\/prensa.sma.gob.ar\/wp-content\/uploads\/2025\/12\/WhatsApp-Image-2025-12-10-at-12.06.18-PM-933x420.jpeg 933w, https:\/\/prensa.sma.gob.ar\/wp-content\/uploads\/2025\/12\/WhatsApp-Image-2025-12-10-at-12.06.18-PM-696x313.jpeg 696w, https:\/\/prensa.sma.gob.ar\/wp-content\/uploads\/2025\/12\/WhatsApp-Image-2025-12-10-at-12.06.18-PM-1068x481.jpeg 1068w, https:\/\/prensa.sma.gob.ar\/wp-content\/uploads\/2025\/12\/WhatsApp-Image-2025-12-10-at-12.06.18-PM.jpeg 1280w\" sizes=\"auto, (max-width: 1024px) 100vw, 1024px\" \/><\/figure>\n\n\n\n<figure class=\"wp-block-image size-large\"><img loading=\"lazy\" decoding=\"async\" width=\"1024\" height=\"461\" data-id=\"11568\" src=\"https:\/\/prensa.sma.gob.ar\/wp-content\/uploads\/2025\/12\/WhatsApp-Image-2025-12-10-at-12.06.18-PM1-1024x461.jpeg\" alt=\"\" class=\"wp-image-11568\" srcset=\"https:\/\/prensa.sma.gob.ar\/wp-content\/uploads\/2025\/12\/WhatsApp-Image-2025-12-10-at-12.06.18-PM1-1024x461.jpeg 1024w, https:\/\/prensa.sma.gob.ar\/wp-content\/uploads\/2025\/12\/WhatsApp-Image-2025-12-10-at-12.06.18-PM1-300x135.jpeg 300w, https:\/\/prensa.sma.gob.ar\/wp-content\/uploads\/2025\/12\/WhatsApp-Image-2025-12-10-at-12.06.18-PM1-768x346.jpeg 768w, https:\/\/prensa.sma.gob.ar\/wp-content\/uploads\/2025\/12\/WhatsApp-Image-2025-12-10-at-12.06.18-PM1-933x420.jpeg 933w, https:\/\/prensa.sma.gob.ar\/wp-content\/uploads\/2025\/12\/WhatsApp-Image-2025-12-10-at-12.06.18-PM1-696x313.jpeg 696w, https:\/\/prensa.sma.gob.ar\/wp-content\/uploads\/2025\/12\/WhatsApp-Image-2025-12-10-at-12.06.18-PM1-1068x481.jpeg 1068w, https:\/\/prensa.sma.gob.ar\/wp-content\/uploads\/2025\/12\/WhatsApp-Image-2025-12-10-at-12.06.18-PM1.jpeg 1280w\" sizes=\"auto, (max-width: 1024px) 100vw, 1024px\" \/><\/figure>\n<\/figure>\n","protected":false},"excerpt":{"rendered":"<p>Las tareas consisten en relevamiento de cordones, c\u00e1maras de inspecci\u00f3n de la red cloacal y nivelaci\u00f3n de las calles. Estas tareas previas se realizan mientras la cuadrilla de pavimentaci\u00f3n finaliza la rotonda de Av. Los Lagos. El mismo equipo de personal y maquinaria luego se trasladar\u00e1 a Chacra 4 para comenzar con la obra de [&hellip;]<\/p>\n","protected":false},"author":2,"featured_media":11571,"comment_status":"closed","ping_status":"open","sticky":false,"template":"","format":"standard","meta":{"footnotes":""},"categories":[16,11,39,14,19,17],"tags":[],"class_list":{"0":"post-11567","1":"post","2":"type-post","3":"status-publish","4":"format-standard","5":"has-post-thumbnail","7":"category-destacadas","8":"category-gobierno","9":"category-subs-juntas-vecinales","10":"category-noticias","11":"category-obras-y-servicios-publicos","12":"category-portada"},"_links":{"self":[{"href":"https:\/\/prensa.sma.gob.ar\/index.php?rest_route=\/wp\/v2\/posts\/11567","targetHints":{"allow":["GET"]}}],"collection":[{"href":"https:\/\/prensa.sma.gob.ar\/index.php?rest_route=\/wp\/v2\/posts"}],"about":[{"href":"https:\/\/prensa.sma.gob.ar\/index.php?rest_route=\/wp\/v2\/types\/post"}],"author":[{"embeddable":true,"href":"https:\/\/prensa.sma.gob.ar\/index.php?rest_route=\/wp\/v2\/users\/2"}],"replies":[{"embeddable":true,"href":"https:\/\/prensa.sma.gob.ar\/index.php?rest_route=%2Fwp%2Fv2%2Fcomments&post=11567"}],"version-history":[{"count":1,"href":"https:\/\/prensa.sma.gob.ar\/index.php?rest_route=\/wp\/v2\/posts\/11567\/revisions"}],"predecessor-version":[{"id":11572,"href":"https:\/\/prensa.sma.gob.ar\/index.php?rest_route=\/wp\/v2\/posts\/11567\/revisions\/11572"}],"wp:featuredmedia":[{"embeddable":true,"href":"https:\/\/prensa.sma.gob.ar\/index.php?rest_route=\/wp\/v2\/media\/11571"}],"wp:attachment":[{"href":"https:\/\/prensa.sma.gob.ar\/index.php?rest_route=%2Fwp%2Fv2%2Fmedia&parent=11567"}],"wp:term":[{"taxonomy":"category","embeddable":true,"href":"https:\/\/prensa.sma.gob.ar\/index.php?rest_route=%2Fwp%2Fv2%2Fcategories&post=11567"},{"taxonomy":"post_tag","embeddable":true,"href":"https:\/\/prensa.sma.gob.ar\/index.php?rest_route=%2Fwp%2Fv2%2Ftags&post=11567"}],"curies":[{"name":"wp","href":"https:\/\/api.w.org\/{rel}","templated":true}]}}