{"id":11575,"date":"2025-12-11T17:33:57","date_gmt":"2025-12-11T17:33:57","guid":{"rendered":"https:\/\/prensa.sma.gob.ar\/?p=11575"},"modified":"2025-12-11T17:40:51","modified_gmt":"2025-12-11T17:40:51","slug":"continuan-las-tareas-de-poda-y-apeo-en-el-cementerio-municipal","status":"publish","type":"post","link":"https:\/\/prensa.sma.gob.ar\/?p=11575","title":{"rendered":"Contin\u00faan las tareas de poda y apeo en el cementerio municipal"},"content":{"rendered":"\n<p>Personal t\u00e9cnico del Municipio realiza tareas de poda y apeo en el cementerio municipal. Los trabajos continuar\u00e1n en los pr\u00f3ximos d\u00edas, de acuerdo a las condiciones clim\u00e1ticas.<\/p>\n\n\n\n<p>La Secretar\u00eda de Obras y Servicios P\u00fablicos inform\u00f3 que, de acuerdo a lo programado, la pr\u00f3xima semana se reabrir\u00e1n al p\u00fablico algunos sectores, a medida que se cumplan las tareas.<\/p>\n\n\n\n<p>Las tareas est\u00e1n a cargo del personal de la Subsecretar\u00eda de Gesti\u00f3n y Mantenimiento, \u00e1rea que tiene a su cargo el cementerio, junto con la Direcci\u00f3n de Espacios Verdes, a cargo del Sr. Martin Candia, con acompa\u00f1amiento del T\u00e9cnico Forestal Abel Vel\u00e1zquez.<\/p>\n\n\n\n<p>De acuerdo al informe t\u00e9cnico y al plan de manejo de prevenci\u00f3n de riesgo, elaborado por estas dependencias, se ir\u00e1 habilitando la circulaci\u00f3n de personas, a medida que avancen los trabajos.<\/p>\n\n\n\n<p>En este mismo sentido, los t\u00e9cnicos adelantaron que la semana pr\u00f3xima reabrir\u00e1 un primer sector y que las tareas completas estar\u00e1n finalizadas antes del 25 de diciembre.<\/p>\n\n\n\n<figure class=\"wp-block-gallery has-nested-images columns-default is-cropped wp-block-gallery-1 is-layout-flex wp-block-gallery-is-layout-flex\"><\/figure>\n","protected":false},"excerpt":{"rendered":"<p>Personal t\u00e9cnico del Municipio realiza tareas de poda y apeo en el cementerio municipal. Los trabajos continuar\u00e1n en los pr\u00f3ximos d\u00edas, de acuerdo a las condiciones clim\u00e1ticas. La Secretar\u00eda de Obras y Servicios P\u00fablicos inform\u00f3 que, de acuerdo a lo programado, la pr\u00f3xima semana se reabrir\u00e1n al p\u00fablico algunos sectores, a medida que se cumplan [&hellip;]<\/p>\n","protected":false},"author":2,"featured_media":11583,"comment_status":"closed","ping_status":"open","sticky":false,"template":"","format":"standard","meta":{"footnotes":""},"categories":[16,14,19],"tags":[],"class_list":{"0":"post-11575","1":"post","2":"type-post","3":"status-publish","4":"format-standard","5":"has-post-thumbnail","7":"category-destacadas","8":"category-noticias","9":"category-obras-y-servicios-publicos"},"_links":{"self":[{"href":"https:\/\/prensa.sma.gob.ar\/index.php?rest_route=\/wp\/v2\/posts\/11575","targetHints":{"allow":["GET"]}}],"collection":[{"href":"https:\/\/prensa.sma.gob.ar\/index.php?rest_route=\/wp\/v2\/posts"}],"about":[{"href":"https:\/\/prensa.sma.gob.ar\/index.php?rest_route=\/wp\/v2\/types\/post"}],"author":[{"embeddable":true,"href":"https:\/\/prensa.sma.gob.ar\/index.php?rest_route=\/wp\/v2\/users\/2"}],"replies":[{"embeddable":true,"href":"https:\/\/prensa.sma.gob.ar\/index.php?rest_route=%2Fwp%2Fv2%2Fcomments&post=11575"}],"version-history":[{"count":2,"href":"https:\/\/prensa.sma.gob.ar\/index.php?rest_route=\/wp\/v2\/posts\/11575\/revisions"}],"predecessor-version":[{"id":11584,"href":"https:\/\/prensa.sma.gob.ar\/index.php?rest_route=\/wp\/v2\/posts\/11575\/revisions\/11584"}],"wp:featuredmedia":[{"embeddable":true,"href":"https:\/\/prensa.sma.gob.ar\/index.php?rest_route=\/wp\/v2\/media\/11583"}],"wp:attachment":[{"href":"https:\/\/prensa.sma.gob.ar\/index.php?rest_route=%2Fwp%2Fv2%2Fmedia&parent=11575"}],"wp:term":[{"taxonomy":"category","embeddable":true,"href":"https:\/\/prensa.sma.gob.ar\/index.php?rest_route=%2Fwp%2Fv2%2Fcategories&post=11575"},{"taxonomy":"post_tag","embeddable":true,"href":"https:\/\/prensa.sma.gob.ar\/index.php?rest_route=%2Fwp%2Fv2%2Ftags&post=11575"}],"curies":[{"name":"wp","href":"https:\/\/api.w.org\/{rel}","templated":true}]}}