{"id":11585,"date":"2025-12-12T01:52:43","date_gmt":"2025-12-12T01:52:43","guid":{"rendered":"https:\/\/prensa.sma.gob.ar\/?p=11585"},"modified":"2025-12-12T01:52:44","modified_gmt":"2025-12-12T01:52:44","slug":"navidad-cordillerana-inscripcion-para-la-feria-de-emprendedores","status":"publish","type":"post","link":"https:\/\/prensa.sma.gob.ar\/?p=11585","title":{"rendered":"Navidad Cordillerana: inscripci\u00f3n para la Feria de Emprendedores"},"content":{"rendered":"\n<p>Se viene una nueva edici\u00f3n de la Feria Navide\u00f1a de Productores y Emprendedores, en el marco de la Fiesta Nacional de la Navidad Cordillerana, que se realizar\u00e1 del 20 al 23 de diciembre, en la Plaza San Mart\u00edn y la calle J. M. de Rosas.<\/p>\n\n\n\n<p>Invitamos a emprendedores y productores locales a inscribirse para participar de este evento, que re\u00fane a vecinos y visitantes y pone en valor el trabajo local.<\/p>\n\n\n\n<p>Formulario de inscripci\u00f3n:<\/p>\n\n\n\n<p><a href=\"https:\/\/docs.google.com\/forms\/d\/e\/1FAIpQLSeCGSMU4-GQ06WnXh7uqP1S7uaQCCR-f4t1bAX-pFpv6LVV9w\/viewform\">https:\/\/docs.google.com\/forms\/d\/e\/1FAIpQLSeCGSMU4-GQ06WnXh7uqP1S7uaQCCR-f4t1bAX-pFpv6LVV9w\/viewform<\/a><\/p>\n\n\n\n<p>La inscripci\u00f3n no garantiza la participaci\u00f3n.<\/p>\n\n\n\n<p>La confirmaci\u00f3n se realizar\u00e1 a trav\u00e9s de un listado oficial con todos los emprendedores que hayan quedado inscriptos y seleccionados, el cual ser\u00e1 comunicado oportunamente por la organizaci\u00f3n.<\/p>\n\n\n\n<p>Los esperamos para compartir juntos una nueva Navidad Cordillerana, fortaleciendo el trabajo y la producci\u00f3n local.<\/p>\n","protected":false},"excerpt":{"rendered":"<p>Se viene una nueva edici\u00f3n de la Feria Navide\u00f1a de Productores y Emprendedores, en el marco de la Fiesta Nacional de la Navidad Cordillerana, que se realizar\u00e1 del 20 al 23 de diciembre, en la Plaza San Mart\u00edn y la calle J. M. de Rosas. Invitamos a emprendedores y productores locales a inscribirse para participar [&hellip;]<\/p>\n","protected":false},"author":2,"featured_media":11586,"comment_status":"closed","ping_status":"open","sticky":false,"template":"","format":"standard","meta":{"footnotes":""},"categories":[16,14,31,38],"tags":[],"class_list":{"0":"post-11585","1":"post","2":"type-post","3":"status-publish","4":"format-standard","5":"has-post-thumbnail","7":"category-destacadas","8":"category-noticias","9":"category-produccion","10":"category-subsecretaria-produccion-empleo-y-juventud"},"_links":{"self":[{"href":"https:\/\/prensa.sma.gob.ar\/index.php?rest_route=\/wp\/v2\/posts\/11585","targetHints":{"allow":["GET"]}}],"collection":[{"href":"https:\/\/prensa.sma.gob.ar\/index.php?rest_route=\/wp\/v2\/posts"}],"about":[{"href":"https:\/\/prensa.sma.gob.ar\/index.php?rest_route=\/wp\/v2\/types\/post"}],"author":[{"embeddable":true,"href":"https:\/\/prensa.sma.gob.ar\/index.php?rest_route=\/wp\/v2\/users\/2"}],"replies":[{"embeddable":true,"href":"https:\/\/prensa.sma.gob.ar\/index.php?rest_route=%2Fwp%2Fv2%2Fcomments&post=11585"}],"version-history":[{"count":1,"href":"https:\/\/prensa.sma.gob.ar\/index.php?rest_route=\/wp\/v2\/posts\/11585\/revisions"}],"predecessor-version":[{"id":11587,"href":"https:\/\/prensa.sma.gob.ar\/index.php?rest_route=\/wp\/v2\/posts\/11585\/revisions\/11587"}],"wp:featuredmedia":[{"embeddable":true,"href":"https:\/\/prensa.sma.gob.ar\/index.php?rest_route=\/wp\/v2\/media\/11586"}],"wp:attachment":[{"href":"https:\/\/prensa.sma.gob.ar\/index.php?rest_route=%2Fwp%2Fv2%2Fmedia&parent=11585"}],"wp:term":[{"taxonomy":"category","embeddable":true,"href":"https:\/\/prensa.sma.gob.ar\/index.php?rest_route=%2Fwp%2Fv2%2Fcategories&post=11585"},{"taxonomy":"post_tag","embeddable":true,"href":"https:\/\/prensa.sma.gob.ar\/index.php?rest_route=%2Fwp%2Fv2%2Ftags&post=11585"}],"curies":[{"name":"wp","href":"https:\/\/api.w.org\/{rel}","templated":true}]}}