{"id":11595,"date":"2025-12-13T15:09:47","date_gmt":"2025-12-13T15:09:47","guid":{"rendered":"https:\/\/prensa.sma.gob.ar\/?p=11595"},"modified":"2025-12-13T15:09:49","modified_gmt":"2025-12-13T15:09:49","slug":"refuerzan-la-cobertura-preventiva-para-los-partidos-semifinales-y-la-final-de-lifusma","status":"publish","type":"post","link":"https:\/\/prensa.sma.gob.ar\/?p=11595","title":{"rendered":"Refuerzan la cobertura preventiva para los partidos semifinales y la final de LIFUSMA"},"content":{"rendered":"\n<p>Municipio y Polic\u00eda del Neuqu\u00e9n coordinaron con la Liga de F\u00fatbol de San Mart\u00edn de los Andes (LIFUSMA) las acciones preventivas que tomar\u00e1n este fin de semana y el pr\u00f3ximo, para las instancias de partidos semifinales y de la final del torneo local.<\/p>\n\n\n\n<p>Este viernes se realiz\u00f3 un encuentro en la sede del Ensatur, en el cual se abordaron las medidas adoptadas en una reuni\u00f3n anterior, realizada la semana pasada, sobre el diagrama estrat\u00e9gico de prevenci\u00f3n. En esta ocasi\u00f3n se abord\u00f3 la planificaci\u00f3n de los partidos de semifinales y la final.<\/p>\n\n\n\n<p>Se acord\u00f3 que los partidos se disputar\u00e1n en la cancha municipal, de c\u00e9sped sint\u00e9tico, ya que esto permitir\u00e1 un mejor control preventivo y lograr mantener la premisa de que se trata de un encuentro deportivo y recreativo, evitando violencia y las molestias a los vecinos y jerarquizando a la liga de futbol de San Mart\u00edn de los Andes.<\/p>\n\n\n\n<p>Polic\u00eda y Municipio explicaron detalles del lineamiento preventivo tanto de polic\u00eda como de los cuerpos internos municipales, para la implementaci\u00f3n de controles sobre la prohibici\u00f3n del consumo de alcohol, incluyendo en los comercios de la zona; control de documentaci\u00f3n vehicular; y velar por la seguridad de las personas que asistan a los partidos.<\/p>\n\n\n\n<p>De la reuni\u00f3n participaron el presidente de LIFUSMA, Nicol\u00e1s Pla; el jefe de la Comisar\u00eda 23, comisario Jos\u00e9 Puel; y el jefe del Comando Radioel\u00e9ctrico, comisario Carlos Alberto Barros. Por el Municipio asistieron el secretario de Gobierno, Mat\u00edas Consoli; el subsecretario del \u00e1rea, Rodrigo Mariqueo; el subsecretario de Deportes, Mart\u00edn Betancur; el director de Seguridad Ciudadana, Mauricio Troncoso; y David Albornoz, representante del Cuerpo de Ordenadores de Tr\u00e1nsito (COTT).<\/p>\n\n\n\n<p>Esta serie de reuniones surgieron a partir del compromiso de los representantes de la Liga y del Municipio para que los encuentros deportivos se realicen en un marco de respeto y convivencia. Adem\u00e1s, se busca atender la inquietud de las vecinas y vecinos de Kumelcayen y de otros barrios donde se disputan los partidos.<\/p>\n\n\n\n<p>La LIFUSMA y el Municipio acordaron, adem\u00e1s, realizar una campa\u00f1a p\u00fablica que busque erradicar de los espect\u00e1culos deportivos la violencia en cualquiera de sus formas; disfrutar de esta instancia del f\u00fatbol local con pasi\u00f3n y compromiso por el respeto entre las personas.<\/p>\n\n\n\n<figure class=\"wp-block-gallery has-nested-images columns-default is-cropped wp-block-gallery-1 is-layout-flex wp-block-gallery-is-layout-flex\">\n<figure class=\"wp-block-image size-large\"><img loading=\"lazy\" decoding=\"async\" width=\"1024\" height=\"576\" data-id=\"11602\" src=\"https:\/\/prensa.sma.gob.ar\/wp-content\/uploads\/2025\/12\/WhatsApp-Image-2025-12-13-at-8.54.57-AM-1024x576.jpeg\" alt=\"\" class=\"wp-image-11602\" srcset=\"https:\/\/prensa.sma.gob.ar\/wp-content\/uploads\/2025\/12\/WhatsApp-Image-2025-12-13-at-8.54.57-AM-1024x576.jpeg 1024w, https:\/\/prensa.sma.gob.ar\/wp-content\/uploads\/2025\/12\/WhatsApp-Image-2025-12-13-at-8.54.57-AM-300x169.jpeg 300w, https:\/\/prensa.sma.gob.ar\/wp-content\/uploads\/2025\/12\/WhatsApp-Image-2025-12-13-at-8.54.57-AM-768x432.jpeg 768w, https:\/\/prensa.sma.gob.ar\/wp-content\/uploads\/2025\/12\/WhatsApp-Image-2025-12-13-at-8.54.57-AM-747x420.jpeg 747w, https:\/\/prensa.sma.gob.ar\/wp-content\/uploads\/2025\/12\/WhatsApp-Image-2025-12-13-at-8.54.57-AM-696x392.jpeg 696w, https:\/\/prensa.sma.gob.ar\/wp-content\/uploads\/2025\/12\/WhatsApp-Image-2025-12-13-at-8.54.57-AM-1068x601.jpeg 1068w, https:\/\/prensa.sma.gob.ar\/wp-content\/uploads\/2025\/12\/WhatsApp-Image-2025-12-13-at-8.54.57-AM.jpeg 1280w\" sizes=\"auto, (max-width: 1024px) 100vw, 1024px\" \/><\/figure>\n\n\n\n<figure class=\"wp-block-image size-large\"><img loading=\"lazy\" decoding=\"async\" width=\"1024\" height=\"576\" data-id=\"11601\" src=\"https:\/\/prensa.sma.gob.ar\/wp-content\/uploads\/2025\/12\/WhatsApp-Image-2025-12-13-at-8.54.57-AM-1-1024x576.jpeg\" alt=\"\" class=\"wp-image-11601\" srcset=\"https:\/\/prensa.sma.gob.ar\/wp-content\/uploads\/2025\/12\/WhatsApp-Image-2025-12-13-at-8.54.57-AM-1-1024x576.jpeg 1024w, https:\/\/prensa.sma.gob.ar\/wp-content\/uploads\/2025\/12\/WhatsApp-Image-2025-12-13-at-8.54.57-AM-1-300x169.jpeg 300w, https:\/\/prensa.sma.gob.ar\/wp-content\/uploads\/2025\/12\/WhatsApp-Image-2025-12-13-at-8.54.57-AM-1-768x432.jpeg 768w, https:\/\/prensa.sma.gob.ar\/wp-content\/uploads\/2025\/12\/WhatsApp-Image-2025-12-13-at-8.54.57-AM-1-747x420.jpeg 747w, https:\/\/prensa.sma.gob.ar\/wp-content\/uploads\/2025\/12\/WhatsApp-Image-2025-12-13-at-8.54.57-AM-1-696x392.jpeg 696w, https:\/\/prensa.sma.gob.ar\/wp-content\/uploads\/2025\/12\/WhatsApp-Image-2025-12-13-at-8.54.57-AM-1-1068x601.jpeg 1068w, https:\/\/prensa.sma.gob.ar\/wp-content\/uploads\/2025\/12\/WhatsApp-Image-2025-12-13-at-8.54.57-AM-1.jpeg 1280w\" sizes=\"auto, (max-width: 1024px) 100vw, 1024px\" \/><\/figure>\n\n\n\n<figure class=\"wp-block-image size-large\"><img loading=\"lazy\" decoding=\"async\" width=\"1024\" height=\"576\" data-id=\"11600\" src=\"https:\/\/prensa.sma.gob.ar\/wp-content\/uploads\/2025\/12\/WhatsApp-Image-2025-12-13-at-8.54.57-AM-2-1024x576.jpeg\" alt=\"\" class=\"wp-image-11600\" srcset=\"https:\/\/prensa.sma.gob.ar\/wp-content\/uploads\/2025\/12\/WhatsApp-Image-2025-12-13-at-8.54.57-AM-2-1024x576.jpeg 1024w, https:\/\/prensa.sma.gob.ar\/wp-content\/uploads\/2025\/12\/WhatsApp-Image-2025-12-13-at-8.54.57-AM-2-300x169.jpeg 300w, https:\/\/prensa.sma.gob.ar\/wp-content\/uploads\/2025\/12\/WhatsApp-Image-2025-12-13-at-8.54.57-AM-2-768x432.jpeg 768w, https:\/\/prensa.sma.gob.ar\/wp-content\/uploads\/2025\/12\/WhatsApp-Image-2025-12-13-at-8.54.57-AM-2-747x420.jpeg 747w, https:\/\/prensa.sma.gob.ar\/wp-content\/uploads\/2025\/12\/WhatsApp-Image-2025-12-13-at-8.54.57-AM-2-696x392.jpeg 696w, https:\/\/prensa.sma.gob.ar\/wp-content\/uploads\/2025\/12\/WhatsApp-Image-2025-12-13-at-8.54.57-AM-2-1068x601.jpeg 1068w, https:\/\/prensa.sma.gob.ar\/wp-content\/uploads\/2025\/12\/WhatsApp-Image-2025-12-13-at-8.54.57-AM-2.jpeg 1280w\" sizes=\"auto, (max-width: 1024px) 100vw, 1024px\" \/><\/figure>\n\n\n\n<figure class=\"wp-block-image size-large\"><img loading=\"lazy\" decoding=\"async\" width=\"1024\" height=\"576\" data-id=\"11599\" src=\"https:\/\/prensa.sma.gob.ar\/wp-content\/uploads\/2025\/12\/WhatsApp-Image-2025-12-13-at-8.54.57-AM-3-1024x576.jpeg\" alt=\"\" class=\"wp-image-11599\" srcset=\"https:\/\/prensa.sma.gob.ar\/wp-content\/uploads\/2025\/12\/WhatsApp-Image-2025-12-13-at-8.54.57-AM-3-1024x576.jpeg 1024w, https:\/\/prensa.sma.gob.ar\/wp-content\/uploads\/2025\/12\/WhatsApp-Image-2025-12-13-at-8.54.57-AM-3-300x169.jpeg 300w, https:\/\/prensa.sma.gob.ar\/wp-content\/uploads\/2025\/12\/WhatsApp-Image-2025-12-13-at-8.54.57-AM-3-768x432.jpeg 768w, https:\/\/prensa.sma.gob.ar\/wp-content\/uploads\/2025\/12\/WhatsApp-Image-2025-12-13-at-8.54.57-AM-3-747x420.jpeg 747w, https:\/\/prensa.sma.gob.ar\/wp-content\/uploads\/2025\/12\/WhatsApp-Image-2025-12-13-at-8.54.57-AM-3-696x392.jpeg 696w, https:\/\/prensa.sma.gob.ar\/wp-content\/uploads\/2025\/12\/WhatsApp-Image-2025-12-13-at-8.54.57-AM-3-1068x601.jpeg 1068w, https:\/\/prensa.sma.gob.ar\/wp-content\/uploads\/2025\/12\/WhatsApp-Image-2025-12-13-at-8.54.57-AM-3.jpeg 1280w\" sizes=\"auto, (max-width: 1024px) 100vw, 1024px\" \/><\/figure>\n\n\n\n<figure class=\"wp-block-image size-large\"><img loading=\"lazy\" decoding=\"async\" width=\"1024\" height=\"576\" data-id=\"11596\" src=\"https:\/\/prensa.sma.gob.ar\/wp-content\/uploads\/2025\/12\/WhatsApp-Image-2025-12-13-at-8.54.57-AM-6-1024x576.jpeg\" alt=\"\" class=\"wp-image-11596\" srcset=\"https:\/\/prensa.sma.gob.ar\/wp-content\/uploads\/2025\/12\/WhatsApp-Image-2025-12-13-at-8.54.57-AM-6-1024x576.jpeg 1024w, https:\/\/prensa.sma.gob.ar\/wp-content\/uploads\/2025\/12\/WhatsApp-Image-2025-12-13-at-8.54.57-AM-6-300x169.jpeg 300w, https:\/\/prensa.sma.gob.ar\/wp-content\/uploads\/2025\/12\/WhatsApp-Image-2025-12-13-at-8.54.57-AM-6-768x432.jpeg 768w, https:\/\/prensa.sma.gob.ar\/wp-content\/uploads\/2025\/12\/WhatsApp-Image-2025-12-13-at-8.54.57-AM-6-747x420.jpeg 747w, https:\/\/prensa.sma.gob.ar\/wp-content\/uploads\/2025\/12\/WhatsApp-Image-2025-12-13-at-8.54.57-AM-6-696x392.jpeg 696w, https:\/\/prensa.sma.gob.ar\/wp-content\/uploads\/2025\/12\/WhatsApp-Image-2025-12-13-at-8.54.57-AM-6-1068x601.jpeg 1068w, https:\/\/prensa.sma.gob.ar\/wp-content\/uploads\/2025\/12\/WhatsApp-Image-2025-12-13-at-8.54.57-AM-6.jpeg 1280w\" sizes=\"auto, (max-width: 1024px) 100vw, 1024px\" \/><\/figure>\n<\/figure>\n","protected":false},"excerpt":{"rendered":"<p>Municipio y Polic\u00eda del Neuqu\u00e9n coordinaron con la Liga de F\u00fatbol de San Mart\u00edn de los Andes (LIFUSMA) las acciones preventivas que tomar\u00e1n este fin de semana y el pr\u00f3ximo, para las instancias de partidos semifinales y de la final del torneo local. Este viernes se realiz\u00f3 un encuentro en la sede del Ensatur, en [&hellip;]<\/p>\n","protected":false},"author":2,"featured_media":11597,"comment_status":"closed","ping_status":"open","sticky":false,"template":"","format":"standard","meta":{"footnotes":""},"categories":[16,14,17],"tags":[],"class_list":{"0":"post-11595","1":"post","2":"type-post","3":"status-publish","4":"format-standard","5":"has-post-thumbnail","7":"category-destacadas","8":"category-noticias","9":"category-portada"},"_links":{"self":[{"href":"https:\/\/prensa.sma.gob.ar\/index.php?rest_route=\/wp\/v2\/posts\/11595","targetHints":{"allow":["GET"]}}],"collection":[{"href":"https:\/\/prensa.sma.gob.ar\/index.php?rest_route=\/wp\/v2\/posts"}],"about":[{"href":"https:\/\/prensa.sma.gob.ar\/index.php?rest_route=\/wp\/v2\/types\/post"}],"author":[{"embeddable":true,"href":"https:\/\/prensa.sma.gob.ar\/index.php?rest_route=\/wp\/v2\/users\/2"}],"replies":[{"embeddable":true,"href":"https:\/\/prensa.sma.gob.ar\/index.php?rest_route=%2Fwp%2Fv2%2Fcomments&post=11595"}],"version-history":[{"count":1,"href":"https:\/\/prensa.sma.gob.ar\/index.php?rest_route=\/wp\/v2\/posts\/11595\/revisions"}],"predecessor-version":[{"id":11603,"href":"https:\/\/prensa.sma.gob.ar\/index.php?rest_route=\/wp\/v2\/posts\/11595\/revisions\/11603"}],"wp:featuredmedia":[{"embeddable":true,"href":"https:\/\/prensa.sma.gob.ar\/index.php?rest_route=\/wp\/v2\/media\/11597"}],"wp:attachment":[{"href":"https:\/\/prensa.sma.gob.ar\/index.php?rest_route=%2Fwp%2Fv2%2Fmedia&parent=11595"}],"wp:term":[{"taxonomy":"category","embeddable":true,"href":"https:\/\/prensa.sma.gob.ar\/index.php?rest_route=%2Fwp%2Fv2%2Fcategories&post=11595"},{"taxonomy":"post_tag","embeddable":true,"href":"https:\/\/prensa.sma.gob.ar\/index.php?rest_route=%2Fwp%2Fv2%2Ftags&post=11595"}],"curies":[{"name":"wp","href":"https:\/\/api.w.org\/{rel}","templated":true}]}}