{"id":11604,"date":"2025-12-13T15:54:47","date_gmt":"2025-12-13T15:54:47","guid":{"rendered":"https:\/\/prensa.sma.gob.ar\/?p=11604"},"modified":"2025-12-13T15:54:49","modified_gmt":"2025-12-13T15:54:49","slug":"los-vestuarios-de-la-liga-de-futbol-seran-ampliados-para-los-arbitros","status":"publish","type":"post","link":"https:\/\/prensa.sma.gob.ar\/?p=11604","title":{"rendered":"Los vestuarios de la Liga de F\u00fatbol ser\u00e1n ampliados para los \u00e1rbitros"},"content":{"rendered":"\n<p>El intendente Carlos Saloniti pidi\u00f3 la ampliaci\u00f3n de los vestuarios de la Liga de F\u00fatbol de San Mart\u00edn de los Andes (LIFUSMA) que est\u00e1n pr\u00f3ximos a inaugurarse, para albergar con todas las comodidades a dos ternas arbitrales.<\/p>\n\n\n\n<p>Las nuevas instalaciones estar\u00e1n integradas a la actual estructura de vestuarios y sede de la Liga, obra que tiene m\u00e1s de un 90 por ciento de avance y que estar\u00e1 en condiciones se ser utilizada a partir de 2026.<\/p>\n\n\n\n<p>Los vestuarios y la sede de la LIFUSM, ubicadas en el predio de la cancha El\u00edas Sapag, entraron en su etapa final de construcci\u00f3n. La obra \u2013que est\u00e1 avanzada en m\u00e1s de un 90 por ciento- incluye vestuarios, sanitarios, oficinas para la Liga y sala de reuniones.<\/p>\n\n\n\n<p>El predio fue recorrido el jueves por el intendente municipal, Carlos Saloniti, acompa\u00f1ado por el coordinador de la obra, Sergio Vivanco, quien explic\u00f3 el espacio que ocupar\u00e1 el vestuario espec\u00edfico destinado a seis \u00e1rbitros, pensando en la intensa actividad deportiva que se da entre las diferentes categor\u00edas del f\u00fatbol sanmartinense.<\/p>\n\n\n\n<p>Durante la recorrida, Saloniti convers\u00f3 con los dirigentes del f\u00fatbol barrial que est\u00e1n colaborando activamente para la concreci\u00f3n de la obra. El jefe comunal recibi\u00f3 de regalo una camiseta del club La 30 y convers\u00f3 sobre los proyectos que la Liga tiene para ampliar la llegada del f\u00fatbol a los barrios y organizar torneos durante el verano.<\/p>\n\n\n\n<p>A la obra apenas le falta la instalaci\u00f3n de revestimientos, sanitarios y terminaciones de pintura, que ya cubre el 70 por ciento de las paredes. Ya fueron colocados los cer\u00e1micos de los pisos y el sistema de agua.<\/p>\n\n\n\n<p>El edificio tiene dos vestuarios con duchas y lavamanos, bancos, percheros, ba\u00f1os para hombres y mujeres, sanitarios para personas con discapacidad y oficina de administraci\u00f3n con sala de reuniones. El sal\u00f3n de la Lifusma tambi\u00e9n estar\u00e1 a disposici\u00f3n de los clubes que necesiten un \u00e1mbito de reuni\u00f3n y no tengan sede.<\/p>\n\n\n\n<figure class=\"wp-block-gallery has-nested-images columns-default is-cropped wp-block-gallery-1 is-layout-flex wp-block-gallery-is-layout-flex\">\n<figure class=\"wp-block-image size-large\"><img loading=\"lazy\" decoding=\"async\" width=\"1024\" height=\"576\" data-id=\"11618\" src=\"https:\/\/prensa.sma.gob.ar\/wp-content\/uploads\/2025\/12\/WhatsApp-Image-2025-12-11-at-4.50.16-PM-1024x576.jpeg\" alt=\"\" class=\"wp-image-11618\" srcset=\"https:\/\/prensa.sma.gob.ar\/wp-content\/uploads\/2025\/12\/WhatsApp-Image-2025-12-11-at-4.50.16-PM-1024x576.jpeg 1024w, https:\/\/prensa.sma.gob.ar\/wp-content\/uploads\/2025\/12\/WhatsApp-Image-2025-12-11-at-4.50.16-PM-300x169.jpeg 300w, https:\/\/prensa.sma.gob.ar\/wp-content\/uploads\/2025\/12\/WhatsApp-Image-2025-12-11-at-4.50.16-PM-768x432.jpeg 768w, https:\/\/prensa.sma.gob.ar\/wp-content\/uploads\/2025\/12\/WhatsApp-Image-2025-12-11-at-4.50.16-PM-747x420.jpeg 747w, https:\/\/prensa.sma.gob.ar\/wp-content\/uploads\/2025\/12\/WhatsApp-Image-2025-12-11-at-4.50.16-PM-696x392.jpeg 696w, https:\/\/prensa.sma.gob.ar\/wp-content\/uploads\/2025\/12\/WhatsApp-Image-2025-12-11-at-4.50.16-PM-1068x601.jpeg 1068w, https:\/\/prensa.sma.gob.ar\/wp-content\/uploads\/2025\/12\/WhatsApp-Image-2025-12-11-at-4.50.16-PM.jpeg 1280w\" sizes=\"auto, (max-width: 1024px) 100vw, 1024px\" \/><\/figure>\n\n\n\n<figure class=\"wp-block-image size-large\"><img loading=\"lazy\" decoding=\"async\" width=\"1024\" height=\"576\" data-id=\"11617\" src=\"https:\/\/prensa.sma.gob.ar\/wp-content\/uploads\/2025\/12\/WhatsApp-Image-2025-12-11-at-4.50.16-PM-1-1024x576.jpeg\" alt=\"\" class=\"wp-image-11617\" srcset=\"https:\/\/prensa.sma.gob.ar\/wp-content\/uploads\/2025\/12\/WhatsApp-Image-2025-12-11-at-4.50.16-PM-1-1024x576.jpeg 1024w, https:\/\/prensa.sma.gob.ar\/wp-content\/uploads\/2025\/12\/WhatsApp-Image-2025-12-11-at-4.50.16-PM-1-300x169.jpeg 300w, https:\/\/prensa.sma.gob.ar\/wp-content\/uploads\/2025\/12\/WhatsApp-Image-2025-12-11-at-4.50.16-PM-1-768x432.jpeg 768w, https:\/\/prensa.sma.gob.ar\/wp-content\/uploads\/2025\/12\/WhatsApp-Image-2025-12-11-at-4.50.16-PM-1-747x420.jpeg 747w, https:\/\/prensa.sma.gob.ar\/wp-content\/uploads\/2025\/12\/WhatsApp-Image-2025-12-11-at-4.50.16-PM-1-696x392.jpeg 696w, https:\/\/prensa.sma.gob.ar\/wp-content\/uploads\/2025\/12\/WhatsApp-Image-2025-12-11-at-4.50.16-PM-1-1068x601.jpeg 1068w, https:\/\/prensa.sma.gob.ar\/wp-content\/uploads\/2025\/12\/WhatsApp-Image-2025-12-11-at-4.50.16-PM-1.jpeg 1280w\" sizes=\"auto, (max-width: 1024px) 100vw, 1024px\" \/><\/figure>\n\n\n\n<figure class=\"wp-block-image size-large\"><img loading=\"lazy\" decoding=\"async\" width=\"1024\" height=\"576\" data-id=\"11615\" src=\"https:\/\/prensa.sma.gob.ar\/wp-content\/uploads\/2025\/12\/WhatsApp-Image-2025-12-11-at-4.50.16-PM-3-1024x576.jpeg\" alt=\"\" class=\"wp-image-11615\" srcset=\"https:\/\/prensa.sma.gob.ar\/wp-content\/uploads\/2025\/12\/WhatsApp-Image-2025-12-11-at-4.50.16-PM-3-1024x576.jpeg 1024w, https:\/\/prensa.sma.gob.ar\/wp-content\/uploads\/2025\/12\/WhatsApp-Image-2025-12-11-at-4.50.16-PM-3-300x169.jpeg 300w, https:\/\/prensa.sma.gob.ar\/wp-content\/uploads\/2025\/12\/WhatsApp-Image-2025-12-11-at-4.50.16-PM-3-768x432.jpeg 768w, https:\/\/prensa.sma.gob.ar\/wp-content\/uploads\/2025\/12\/WhatsApp-Image-2025-12-11-at-4.50.16-PM-3-747x420.jpeg 747w, https:\/\/prensa.sma.gob.ar\/wp-content\/uploads\/2025\/12\/WhatsApp-Image-2025-12-11-at-4.50.16-PM-3-696x392.jpeg 696w, https:\/\/prensa.sma.gob.ar\/wp-content\/uploads\/2025\/12\/WhatsApp-Image-2025-12-11-at-4.50.16-PM-3-1068x601.jpeg 1068w, https:\/\/prensa.sma.gob.ar\/wp-content\/uploads\/2025\/12\/WhatsApp-Image-2025-12-11-at-4.50.16-PM-3.jpeg 1280w\" sizes=\"auto, (max-width: 1024px) 100vw, 1024px\" \/><\/figure>\n\n\n\n<figure class=\"wp-block-image size-large\"><img loading=\"lazy\" decoding=\"async\" width=\"1024\" height=\"576\" data-id=\"11614\" src=\"https:\/\/prensa.sma.gob.ar\/wp-content\/uploads\/2025\/12\/WhatsApp-Image-2025-12-11-at-4.50.16-PM-4-1024x576.jpeg\" alt=\"\" class=\"wp-image-11614\" srcset=\"https:\/\/prensa.sma.gob.ar\/wp-content\/uploads\/2025\/12\/WhatsApp-Image-2025-12-11-at-4.50.16-PM-4-1024x576.jpeg 1024w, https:\/\/prensa.sma.gob.ar\/wp-content\/uploads\/2025\/12\/WhatsApp-Image-2025-12-11-at-4.50.16-PM-4-300x169.jpeg 300w, https:\/\/prensa.sma.gob.ar\/wp-content\/uploads\/2025\/12\/WhatsApp-Image-2025-12-11-at-4.50.16-PM-4-768x432.jpeg 768w, https:\/\/prensa.sma.gob.ar\/wp-content\/uploads\/2025\/12\/WhatsApp-Image-2025-12-11-at-4.50.16-PM-4-747x420.jpeg 747w, https:\/\/prensa.sma.gob.ar\/wp-content\/uploads\/2025\/12\/WhatsApp-Image-2025-12-11-at-4.50.16-PM-4-696x392.jpeg 696w, https:\/\/prensa.sma.gob.ar\/wp-content\/uploads\/2025\/12\/WhatsApp-Image-2025-12-11-at-4.50.16-PM-4-1068x601.jpeg 1068w, https:\/\/prensa.sma.gob.ar\/wp-content\/uploads\/2025\/12\/WhatsApp-Image-2025-12-11-at-4.50.16-PM-4.jpeg 1280w\" sizes=\"auto, (max-width: 1024px) 100vw, 1024px\" \/><\/figure>\n\n\n\n<figure class=\"wp-block-image size-large\"><img loading=\"lazy\" decoding=\"async\" width=\"1024\" height=\"576\" data-id=\"11613\" src=\"https:\/\/prensa.sma.gob.ar\/wp-content\/uploads\/2025\/12\/WhatsApp-Image-2025-12-11-at-4.50.16-PM-5-1024x576.jpeg\" alt=\"\" class=\"wp-image-11613\" srcset=\"https:\/\/prensa.sma.gob.ar\/wp-content\/uploads\/2025\/12\/WhatsApp-Image-2025-12-11-at-4.50.16-PM-5-1024x576.jpeg 1024w, https:\/\/prensa.sma.gob.ar\/wp-content\/uploads\/2025\/12\/WhatsApp-Image-2025-12-11-at-4.50.16-PM-5-300x169.jpeg 300w, https:\/\/prensa.sma.gob.ar\/wp-content\/uploads\/2025\/12\/WhatsApp-Image-2025-12-11-at-4.50.16-PM-5-768x432.jpeg 768w, https:\/\/prensa.sma.gob.ar\/wp-content\/uploads\/2025\/12\/WhatsApp-Image-2025-12-11-at-4.50.16-PM-5-747x420.jpeg 747w, https:\/\/prensa.sma.gob.ar\/wp-content\/uploads\/2025\/12\/WhatsApp-Image-2025-12-11-at-4.50.16-PM-5-696x392.jpeg 696w, https:\/\/prensa.sma.gob.ar\/wp-content\/uploads\/2025\/12\/WhatsApp-Image-2025-12-11-at-4.50.16-PM-5-1068x601.jpeg 1068w, https:\/\/prensa.sma.gob.ar\/wp-content\/uploads\/2025\/12\/WhatsApp-Image-2025-12-11-at-4.50.16-PM-5.jpeg 1280w\" sizes=\"auto, (max-width: 1024px) 100vw, 1024px\" \/><\/figure>\n\n\n\n<figure class=\"wp-block-image size-large\"><img loading=\"lazy\" decoding=\"async\" width=\"1024\" height=\"576\" data-id=\"11612\" src=\"https:\/\/prensa.sma.gob.ar\/wp-content\/uploads\/2025\/12\/WhatsApp-Image-2025-12-11-at-4.50.16-PM-6-1024x576.jpeg\" alt=\"\" class=\"wp-image-11612\" srcset=\"https:\/\/prensa.sma.gob.ar\/wp-content\/uploads\/2025\/12\/WhatsApp-Image-2025-12-11-at-4.50.16-PM-6-1024x576.jpeg 1024w, https:\/\/prensa.sma.gob.ar\/wp-content\/uploads\/2025\/12\/WhatsApp-Image-2025-12-11-at-4.50.16-PM-6-300x169.jpeg 300w, https:\/\/prensa.sma.gob.ar\/wp-content\/uploads\/2025\/12\/WhatsApp-Image-2025-12-11-at-4.50.16-PM-6-768x432.jpeg 768w, https:\/\/prensa.sma.gob.ar\/wp-content\/uploads\/2025\/12\/WhatsApp-Image-2025-12-11-at-4.50.16-PM-6-747x420.jpeg 747w, https:\/\/prensa.sma.gob.ar\/wp-content\/uploads\/2025\/12\/WhatsApp-Image-2025-12-11-at-4.50.16-PM-6-696x392.jpeg 696w, https:\/\/prensa.sma.gob.ar\/wp-content\/uploads\/2025\/12\/WhatsApp-Image-2025-12-11-at-4.50.16-PM-6-1068x601.jpeg 1068w, https:\/\/prensa.sma.gob.ar\/wp-content\/uploads\/2025\/12\/WhatsApp-Image-2025-12-11-at-4.50.16-PM-6.jpeg 1280w\" sizes=\"auto, (max-width: 1024px) 100vw, 1024px\" \/><\/figure>\n\n\n\n<figure class=\"wp-block-image size-large\"><img loading=\"lazy\" decoding=\"async\" width=\"1024\" height=\"576\" data-id=\"11611\" src=\"https:\/\/prensa.sma.gob.ar\/wp-content\/uploads\/2025\/12\/WhatsApp-Image-2025-12-11-at-4.50.16-PM-7-1024x576.jpeg\" alt=\"\" class=\"wp-image-11611\" srcset=\"https:\/\/prensa.sma.gob.ar\/wp-content\/uploads\/2025\/12\/WhatsApp-Image-2025-12-11-at-4.50.16-PM-7-1024x576.jpeg 1024w, https:\/\/prensa.sma.gob.ar\/wp-content\/uploads\/2025\/12\/WhatsApp-Image-2025-12-11-at-4.50.16-PM-7-300x169.jpeg 300w, https:\/\/prensa.sma.gob.ar\/wp-content\/uploads\/2025\/12\/WhatsApp-Image-2025-12-11-at-4.50.16-PM-7-768x432.jpeg 768w, https:\/\/prensa.sma.gob.ar\/wp-content\/uploads\/2025\/12\/WhatsApp-Image-2025-12-11-at-4.50.16-PM-7-747x420.jpeg 747w, https:\/\/prensa.sma.gob.ar\/wp-content\/uploads\/2025\/12\/WhatsApp-Image-2025-12-11-at-4.50.16-PM-7-696x392.jpeg 696w, https:\/\/prensa.sma.gob.ar\/wp-content\/uploads\/2025\/12\/WhatsApp-Image-2025-12-11-at-4.50.16-PM-7-1068x601.jpeg 1068w, https:\/\/prensa.sma.gob.ar\/wp-content\/uploads\/2025\/12\/WhatsApp-Image-2025-12-11-at-4.50.16-PM-7.jpeg 1280w\" sizes=\"auto, (max-width: 1024px) 100vw, 1024px\" \/><\/figure>\n\n\n\n<figure class=\"wp-block-image size-large\"><img loading=\"lazy\" decoding=\"async\" width=\"1024\" height=\"576\" data-id=\"11610\" src=\"https:\/\/prensa.sma.gob.ar\/wp-content\/uploads\/2025\/12\/WhatsApp-Image-2025-12-11-at-4.50.16-PM-8-1024x576.jpeg\" alt=\"\" class=\"wp-image-11610\" srcset=\"https:\/\/prensa.sma.gob.ar\/wp-content\/uploads\/2025\/12\/WhatsApp-Image-2025-12-11-at-4.50.16-PM-8-1024x576.jpeg 1024w, https:\/\/prensa.sma.gob.ar\/wp-content\/uploads\/2025\/12\/WhatsApp-Image-2025-12-11-at-4.50.16-PM-8-300x169.jpeg 300w, https:\/\/prensa.sma.gob.ar\/wp-content\/uploads\/2025\/12\/WhatsApp-Image-2025-12-11-at-4.50.16-PM-8-768x432.jpeg 768w, https:\/\/prensa.sma.gob.ar\/wp-content\/uploads\/2025\/12\/WhatsApp-Image-2025-12-11-at-4.50.16-PM-8-747x420.jpeg 747w, https:\/\/prensa.sma.gob.ar\/wp-content\/uploads\/2025\/12\/WhatsApp-Image-2025-12-11-at-4.50.16-PM-8-696x392.jpeg 696w, https:\/\/prensa.sma.gob.ar\/wp-content\/uploads\/2025\/12\/WhatsApp-Image-2025-12-11-at-4.50.16-PM-8-1068x601.jpeg 1068w, https:\/\/prensa.sma.gob.ar\/wp-content\/uploads\/2025\/12\/WhatsApp-Image-2025-12-11-at-4.50.16-PM-8.jpeg 1280w\" sizes=\"auto, (max-width: 1024px) 100vw, 1024px\" \/><\/figure>\n\n\n\n<figure class=\"wp-block-image size-large\"><img loading=\"lazy\" decoding=\"async\" width=\"1024\" height=\"576\" data-id=\"11609\" src=\"https:\/\/prensa.sma.gob.ar\/wp-content\/uploads\/2025\/12\/WhatsApp-Image-2025-12-11-at-4.50.16-PM-9-1024x576.jpeg\" alt=\"\" class=\"wp-image-11609\" srcset=\"https:\/\/prensa.sma.gob.ar\/wp-content\/uploads\/2025\/12\/WhatsApp-Image-2025-12-11-at-4.50.16-PM-9-1024x576.jpeg 1024w, https:\/\/prensa.sma.gob.ar\/wp-content\/uploads\/2025\/12\/WhatsApp-Image-2025-12-11-at-4.50.16-PM-9-300x169.jpeg 300w, https:\/\/prensa.sma.gob.ar\/wp-content\/uploads\/2025\/12\/WhatsApp-Image-2025-12-11-at-4.50.16-PM-9-768x432.jpeg 768w, https:\/\/prensa.sma.gob.ar\/wp-content\/uploads\/2025\/12\/WhatsApp-Image-2025-12-11-at-4.50.16-PM-9-747x420.jpeg 747w, https:\/\/prensa.sma.gob.ar\/wp-content\/uploads\/2025\/12\/WhatsApp-Image-2025-12-11-at-4.50.16-PM-9-696x392.jpeg 696w, https:\/\/prensa.sma.gob.ar\/wp-content\/uploads\/2025\/12\/WhatsApp-Image-2025-12-11-at-4.50.16-PM-9-1068x601.jpeg 1068w, https:\/\/prensa.sma.gob.ar\/wp-content\/uploads\/2025\/12\/WhatsApp-Image-2025-12-11-at-4.50.16-PM-9.jpeg 1280w\" sizes=\"auto, (max-width: 1024px) 100vw, 1024px\" \/><\/figure>\n\n\n\n<figure class=\"wp-block-image size-large\"><img loading=\"lazy\" decoding=\"async\" width=\"1024\" height=\"575\" data-id=\"11608\" src=\"https:\/\/prensa.sma.gob.ar\/wp-content\/uploads\/2025\/12\/WhatsApp-Image-2025-12-11-at-4.50.16-PM-10-1024x575.jpeg\" alt=\"\" class=\"wp-image-11608\" srcset=\"https:\/\/prensa.sma.gob.ar\/wp-content\/uploads\/2025\/12\/WhatsApp-Image-2025-12-11-at-4.50.16-PM-10-1024x575.jpeg 1024w, https:\/\/prensa.sma.gob.ar\/wp-content\/uploads\/2025\/12\/WhatsApp-Image-2025-12-11-at-4.50.16-PM-10-300x169.jpeg 300w, https:\/\/prensa.sma.gob.ar\/wp-content\/uploads\/2025\/12\/WhatsApp-Image-2025-12-11-at-4.50.16-PM-10-768x431.jpeg 768w, https:\/\/prensa.sma.gob.ar\/wp-content\/uploads\/2025\/12\/WhatsApp-Image-2025-12-11-at-4.50.16-PM-10-748x420.jpeg 748w, https:\/\/prensa.sma.gob.ar\/wp-content\/uploads\/2025\/12\/WhatsApp-Image-2025-12-11-at-4.50.16-PM-10-696x391.jpeg 696w, https:\/\/prensa.sma.gob.ar\/wp-content\/uploads\/2025\/12\/WhatsApp-Image-2025-12-11-at-4.50.16-PM-10-1068x600.jpeg 1068w, https:\/\/prensa.sma.gob.ar\/wp-content\/uploads\/2025\/12\/WhatsApp-Image-2025-12-11-at-4.50.16-PM-10.jpeg 1280w\" sizes=\"auto, (max-width: 1024px) 100vw, 1024px\" \/><\/figure>\n\n\n\n<figure class=\"wp-block-image size-large\"><img loading=\"lazy\" decoding=\"async\" width=\"1024\" height=\"576\" data-id=\"11607\" src=\"https:\/\/prensa.sma.gob.ar\/wp-content\/uploads\/2025\/12\/WhatsApp-Image-2025-12-11-at-4.50.16-PM-11-1024x576.jpeg\" alt=\"\" class=\"wp-image-11607\" srcset=\"https:\/\/prensa.sma.gob.ar\/wp-content\/uploads\/2025\/12\/WhatsApp-Image-2025-12-11-at-4.50.16-PM-11-1024x576.jpeg 1024w, https:\/\/prensa.sma.gob.ar\/wp-content\/uploads\/2025\/12\/WhatsApp-Image-2025-12-11-at-4.50.16-PM-11-300x169.jpeg 300w, https:\/\/prensa.sma.gob.ar\/wp-content\/uploads\/2025\/12\/WhatsApp-Image-2025-12-11-at-4.50.16-PM-11-768x432.jpeg 768w, https:\/\/prensa.sma.gob.ar\/wp-content\/uploads\/2025\/12\/WhatsApp-Image-2025-12-11-at-4.50.16-PM-11-747x420.jpeg 747w, https:\/\/prensa.sma.gob.ar\/wp-content\/uploads\/2025\/12\/WhatsApp-Image-2025-12-11-at-4.50.16-PM-11-696x392.jpeg 696w, https:\/\/prensa.sma.gob.ar\/wp-content\/uploads\/2025\/12\/WhatsApp-Image-2025-12-11-at-4.50.16-PM-11-1068x601.jpeg 1068w, https:\/\/prensa.sma.gob.ar\/wp-content\/uploads\/2025\/12\/WhatsApp-Image-2025-12-11-at-4.50.16-PM-11.jpeg 1280w\" sizes=\"auto, (max-width: 1024px) 100vw, 1024px\" \/><\/figure>\n\n\n\n<figure class=\"wp-block-image size-large\"><img loading=\"lazy\" decoding=\"async\" width=\"1024\" height=\"576\" data-id=\"11606\" src=\"https:\/\/prensa.sma.gob.ar\/wp-content\/uploads\/2025\/12\/WhatsApp-Image-2025-12-11-at-4.50.16-PM-12-1024x576.jpeg\" alt=\"\" class=\"wp-image-11606\" srcset=\"https:\/\/prensa.sma.gob.ar\/wp-content\/uploads\/2025\/12\/WhatsApp-Image-2025-12-11-at-4.50.16-PM-12-1024x576.jpeg 1024w, https:\/\/prensa.sma.gob.ar\/wp-content\/uploads\/2025\/12\/WhatsApp-Image-2025-12-11-at-4.50.16-PM-12-300x169.jpeg 300w, https:\/\/prensa.sma.gob.ar\/wp-content\/uploads\/2025\/12\/WhatsApp-Image-2025-12-11-at-4.50.16-PM-12-768x432.jpeg 768w, https:\/\/prensa.sma.gob.ar\/wp-content\/uploads\/2025\/12\/WhatsApp-Image-2025-12-11-at-4.50.16-PM-12-747x420.jpeg 747w, https:\/\/prensa.sma.gob.ar\/wp-content\/uploads\/2025\/12\/WhatsApp-Image-2025-12-11-at-4.50.16-PM-12-696x392.jpeg 696w, https:\/\/prensa.sma.gob.ar\/wp-content\/uploads\/2025\/12\/WhatsApp-Image-2025-12-11-at-4.50.16-PM-12-1068x601.jpeg 1068w, https:\/\/prensa.sma.gob.ar\/wp-content\/uploads\/2025\/12\/WhatsApp-Image-2025-12-11-at-4.50.16-PM-12.jpeg 1280w\" sizes=\"auto, (max-width: 1024px) 100vw, 1024px\" \/><\/figure>\n<\/figure>\n","protected":false},"excerpt":{"rendered":"<p>El intendente Carlos Saloniti pidi\u00f3 la ampliaci\u00f3n de los vestuarios de la Liga de F\u00fatbol de San Mart\u00edn de los Andes (LIFUSMA) que est\u00e1n pr\u00f3ximos a inaugurarse, para albergar con todas las comodidades a dos ternas arbitrales. Las nuevas instalaciones estar\u00e1n integradas a la actual estructura de vestuarios y sede de la Liga, obra que [&hellip;]<\/p>\n","protected":false},"author":2,"featured_media":11605,"comment_status":"closed","ping_status":"open","sticky":false,"template":"","format":"standard","meta":{"footnotes":""},"categories":[7,16,11,14],"tags":[],"class_list":{"0":"post-11604","1":"post","2":"type-post","3":"status-publish","4":"format-standard","5":"has-post-thumbnail","7":"category-deportes","8":"category-destacadas","9":"category-gobierno","10":"category-noticias"},"_links":{"self":[{"href":"https:\/\/prensa.sma.gob.ar\/index.php?rest_route=\/wp\/v2\/posts\/11604","targetHints":{"allow":["GET"]}}],"collection":[{"href":"https:\/\/prensa.sma.gob.ar\/index.php?rest_route=\/wp\/v2\/posts"}],"about":[{"href":"https:\/\/prensa.sma.gob.ar\/index.php?rest_route=\/wp\/v2\/types\/post"}],"author":[{"embeddable":true,"href":"https:\/\/prensa.sma.gob.ar\/index.php?rest_route=\/wp\/v2\/users\/2"}],"replies":[{"embeddable":true,"href":"https:\/\/prensa.sma.gob.ar\/index.php?rest_route=%2Fwp%2Fv2%2Fcomments&post=11604"}],"version-history":[{"count":1,"href":"https:\/\/prensa.sma.gob.ar\/index.php?rest_route=\/wp\/v2\/posts\/11604\/revisions"}],"predecessor-version":[{"id":11619,"href":"https:\/\/prensa.sma.gob.ar\/index.php?rest_route=\/wp\/v2\/posts\/11604\/revisions\/11619"}],"wp:featuredmedia":[{"embeddable":true,"href":"https:\/\/prensa.sma.gob.ar\/index.php?rest_route=\/wp\/v2\/media\/11605"}],"wp:attachment":[{"href":"https:\/\/prensa.sma.gob.ar\/index.php?rest_route=%2Fwp%2Fv2%2Fmedia&parent=11604"}],"wp:term":[{"taxonomy":"category","embeddable":true,"href":"https:\/\/prensa.sma.gob.ar\/index.php?rest_route=%2Fwp%2Fv2%2Fcategories&post=11604"},{"taxonomy":"post_tag","embeddable":true,"href":"https:\/\/prensa.sma.gob.ar\/index.php?rest_route=%2Fwp%2Fv2%2Ftags&post=11604"}],"curies":[{"name":"wp","href":"https:\/\/api.w.org\/{rel}","templated":true}]}}