{"id":11673,"date":"2025-12-15T12:21:45","date_gmt":"2025-12-15T12:21:45","guid":{"rendered":"https:\/\/prensa.sma.gob.ar\/?p=11673"},"modified":"2025-12-15T12:21:47","modified_gmt":"2025-12-15T12:21:47","slug":"se-realizo-el-ultimo-plenario-del-ano-del-consejo-de-juntas-vecinales-con-eje-en-el-transporte-urbano","status":"publish","type":"post","link":"https:\/\/prensa.sma.gob.ar\/?p=11673","title":{"rendered":"Se realiz\u00f3 el \u00faltimo plenario del a\u00f1o del Consejo de Juntas Vecinales con eje en el transporte urbano"},"content":{"rendered":"\n<p>El transporte urbano de pasajeros fue el eje principal del \u00faltimo plenario de 2025 del Consejo de Juntas Vecinales, que cont\u00f3 con la exposici\u00f3n de Roxana Neira, coordinadora del Municipio de la Oficina de SUBE.<\/p>\n\n\n\n<p>Del encuentro, que se realiz\u00f3 este s\u00e1bado en la Delegaci\u00f3n Municipal de Vega Centro, participaron representantes de ocho comisiones barriales, y la subsecretaria de Juntas Vecinales, Lorena Gonz\u00e1lez.<\/p>\n\n\n\n<p>Neira explic\u00f3 detalles del funcionamiento del transporte urbano, la conformaci\u00f3n de horarios y frecuencias, el contrato con la empresa concesionaria, y los mecanismos mediante los cuales el Municipio y los usuarios afrontan los costos financieros con el compromiso de mantener este servicio al que considera esencial.<\/p>\n\n\n\n<p>Adem\u00e1s, hizo un repaso por los a\u00f1os en que exist\u00edan los subsidios nacionales, que comenzaron a disminuir paulatinamente hace una d\u00e9cada pero que fueron totalmente eliminados hace dos a\u00f1os. Tambi\u00e9n se refiri\u00f3 al Fondo Compensador dispuesto por el Gobierno provincial luego de la pandemia. Luego, detall\u00f3 las caracter\u00edsticas del sistema actual y afirm\u00f3 que el Municipio est\u00e1 abierto a sugerencias de las comisiones vecinales a trav\u00e9s de la Subsecretar\u00eda de Juntas Vecinales. &nbsp;<\/p>\n\n\n\n<p>Sobre este mismo tema, un comunicado de prensa del Consejo de Juntas Vecinales se\u00f1al\u00f3 que \u201cdurante la reuni\u00f3n, se discuti\u00f3 la situaci\u00f3n del transporte p\u00fablico, centr\u00e1ndose en cambios de horarios y la calidad del servicio. Los asistentes expresaron preocupaciones sobre el mantenimiento de las unidades y la accesibilidad para personas con discapacidad\u201d.<\/p>\n\n\n\n<p>\u201cSe acord\u00f3 que cada Junta Vecinal presentar\u00e1 propuestas directamente a las autoridades municipales y se solicit\u00f3 la inclusi\u00f3n de los vecinos en el pr\u00f3ximo nuevo contrato del servicio de transporte de pasajeros que se iniciar\u00eda en octubre de 2027\u201d, se\u00f1al\u00f3 el texto.<\/p>\n\n\n\n<p>En el comunicado de prensa, el Consejo de Juntas inform\u00f3 que \u201cotro tema relevante (durante el plenario) fue el de los ruidos molestos, especialmente en relaci\u00f3n con eventos-fiestas electr\u00f3nicas, tanto autorizadas como no, destacando la falta de medidas de seguridad e higiene en estos eventos\u201d.<\/p>\n\n\n\n<p>En este sentido, \u201cse decidi\u00f3 solicitar informaci\u00f3n sobre la fiesta no autorizada del 5 y 6 de diciembre del corriente y del evento autorizado para el 30 y 31 de enero en el barrio Ruca Hue, debido a la falta de transparencia y claridad en cuanto los responsables y las medidas se seguridad entre otros datos relevantes, que deben contemplarse, como as\u00ed el cumplimiento de ordenanzas sobre los eventos que emiten ruidos fuertes hacia el exterior\u201d.<\/p>\n\n\n\n<p>\u201cFinalmente, se plantearon inquietudes sobre la gesti\u00f3n de residuos y el suministro de agua, subrayando la necesidad de que cada Comisi\u00f3n Directiva aborde estos problemas\u201d, se\u00f1al\u00f3 el comunicado.<\/p>\n\n\n\n<p>Finalmente, el Consejo de Juntas inform\u00f3 que \u201clos asistentes (al plenario) resaltaron la importancia de enfocar las discusiones en los problemas comunitarios y mantener una comunicaci\u00f3n efectiva entre vecinos y autoridades\u201d.<\/p>\n\n\n\n<p>En ese mismo sentido, luego del plenario, Roxana Neira se\u00f1al\u00f3 que \u201cla jornada fue enriquecedora, se tocaron temas complejos con claridad y los representantes de las juntas vecinales escucharon con mucho respeto y luego hicieron preguntas sobre la operaci\u00f3n del sistema. La informaci\u00f3n es importante para entender la magnitud del tema y para comprender todo lo que hace el Municipio para sostener el transporte\u201d.<\/p>\n\n\n\n<p>Neira tambi\u00e9n destac\u00f3 la predisposici\u00f3n de los representantes barriales a ayudar con propuestas y sugerencias en el actual sistema y tambi\u00e9n pensando a futuro. Neira explic\u00f3 que los aportes de los vecinos son elevados por la Oficina de Coordinaci\u00f3n SUBE al \u00e1rea de Tr\u00e1fico de la empresa concesionaria para determinar su viabilidad operativa dentro de las actuales condiciones del contrato. El paso siguiente es analizar el tema con las instancias superiores del Ejecutivo municipal.<\/p>\n\n\n\n<p>Por su parte, la subsecretaria de Juntas Vecinales, Lorena Gonz\u00e1lez, resalt\u00f3 la importancia de la participaci\u00f3n a trav\u00e9s de las comisiones barriales. Destac\u00f3 que, asistir a encuentros comunitarios, ejercer la idea del trabajo colectivo y ser parte de la b\u00fasqueda de soluciones, es mucho m\u00e1s constructivo que transmitir el des\u00e1nimo a trav\u00e9s de las redes sociales. \u201cA\u00fan desde las diferencias, encontrarnos Municipio y vecinas y vecinos es el camino m\u00e1s acertado para mejorar la calidad de vida de nuestros barrios\u201d, se\u00f1al\u00f3.<\/p>\n\n\n\n<p>El pr\u00f3ximo plenario del Consejo de Juntas Vecinales se realizar\u00e1 durante el mes de febrero de 2026.<\/p>\n\n\n\n<figure class=\"wp-block-gallery has-nested-images columns-default is-cropped wp-block-gallery-1 is-layout-flex wp-block-gallery-is-layout-flex\">\n<figure class=\"wp-block-image size-large\"><img loading=\"lazy\" decoding=\"async\" width=\"1024\" height=\"768\" data-id=\"11677\" src=\"https:\/\/prensa.sma.gob.ar\/wp-content\/uploads\/2025\/12\/WhatsApp-Image-2025-12-14-at-2.52.29-PM-1-1024x768.jpeg\" alt=\"\" class=\"wp-image-11677\" srcset=\"https:\/\/prensa.sma.gob.ar\/wp-content\/uploads\/2025\/12\/WhatsApp-Image-2025-12-14-at-2.52.29-PM-1-1024x768.jpeg 1024w, https:\/\/prensa.sma.gob.ar\/wp-content\/uploads\/2025\/12\/WhatsApp-Image-2025-12-14-at-2.52.29-PM-1-300x225.jpeg 300w, https:\/\/prensa.sma.gob.ar\/wp-content\/uploads\/2025\/12\/WhatsApp-Image-2025-12-14-at-2.52.29-PM-1-768x576.jpeg 768w, https:\/\/prensa.sma.gob.ar\/wp-content\/uploads\/2025\/12\/WhatsApp-Image-2025-12-14-at-2.52.29-PM-1-1536x1152.jpeg 1536w, https:\/\/prensa.sma.gob.ar\/wp-content\/uploads\/2025\/12\/WhatsApp-Image-2025-12-14-at-2.52.29-PM-1-560x420.jpeg 560w, https:\/\/prensa.sma.gob.ar\/wp-content\/uploads\/2025\/12\/WhatsApp-Image-2025-12-14-at-2.52.29-PM-1-80x60.jpeg 80w, https:\/\/prensa.sma.gob.ar\/wp-content\/uploads\/2025\/12\/WhatsApp-Image-2025-12-14-at-2.52.29-PM-1-696x522.jpeg 696w, https:\/\/prensa.sma.gob.ar\/wp-content\/uploads\/2025\/12\/WhatsApp-Image-2025-12-14-at-2.52.29-PM-1-1068x801.jpeg 1068w, https:\/\/prensa.sma.gob.ar\/wp-content\/uploads\/2025\/12\/WhatsApp-Image-2025-12-14-at-2.52.29-PM-1.jpeg 1600w\" sizes=\"auto, (max-width: 1024px) 100vw, 1024px\" \/><\/figure>\n\n\n\n<figure class=\"wp-block-image size-large\"><img loading=\"lazy\" decoding=\"async\" width=\"1024\" height=\"768\" data-id=\"11676\" src=\"https:\/\/prensa.sma.gob.ar\/wp-content\/uploads\/2025\/12\/WhatsApp-Image-2025-12-13-at-7.15.13-PM-1024x768.jpeg\" alt=\"\" class=\"wp-image-11676\" srcset=\"https:\/\/prensa.sma.gob.ar\/wp-content\/uploads\/2025\/12\/WhatsApp-Image-2025-12-13-at-7.15.13-PM-1024x768.jpeg 1024w, https:\/\/prensa.sma.gob.ar\/wp-content\/uploads\/2025\/12\/WhatsApp-Image-2025-12-13-at-7.15.13-PM-300x225.jpeg 300w, https:\/\/prensa.sma.gob.ar\/wp-content\/uploads\/2025\/12\/WhatsApp-Image-2025-12-13-at-7.15.13-PM-768x576.jpeg 768w, https:\/\/prensa.sma.gob.ar\/wp-content\/uploads\/2025\/12\/WhatsApp-Image-2025-12-13-at-7.15.13-PM-560x420.jpeg 560w, https:\/\/prensa.sma.gob.ar\/wp-content\/uploads\/2025\/12\/WhatsApp-Image-2025-12-13-at-7.15.13-PM-80x60.jpeg 80w, https:\/\/prensa.sma.gob.ar\/wp-content\/uploads\/2025\/12\/WhatsApp-Image-2025-12-13-at-7.15.13-PM-696x522.jpeg 696w, https:\/\/prensa.sma.gob.ar\/wp-content\/uploads\/2025\/12\/WhatsApp-Image-2025-12-13-at-7.15.13-PM-1068x801.jpeg 1068w, https:\/\/prensa.sma.gob.ar\/wp-content\/uploads\/2025\/12\/WhatsApp-Image-2025-12-13-at-7.15.13-PM.jpeg 1280w\" sizes=\"auto, (max-width: 1024px) 100vw, 1024px\" \/><\/figure>\n\n\n\n<figure class=\"wp-block-image size-large\"><img loading=\"lazy\" decoding=\"async\" width=\"1024\" height=\"768\" data-id=\"11675\" src=\"https:\/\/prensa.sma.gob.ar\/wp-content\/uploads\/2025\/12\/WhatsApp-Image-2025-12-14-at-2.52.30-PM-11-1024x768.jpeg\" alt=\"\" class=\"wp-image-11675\" srcset=\"https:\/\/prensa.sma.gob.ar\/wp-content\/uploads\/2025\/12\/WhatsApp-Image-2025-12-14-at-2.52.30-PM-11-1024x768.jpeg 1024w, https:\/\/prensa.sma.gob.ar\/wp-content\/uploads\/2025\/12\/WhatsApp-Image-2025-12-14-at-2.52.30-PM-11-300x225.jpeg 300w, https:\/\/prensa.sma.gob.ar\/wp-content\/uploads\/2025\/12\/WhatsApp-Image-2025-12-14-at-2.52.30-PM-11-768x576.jpeg 768w, https:\/\/prensa.sma.gob.ar\/wp-content\/uploads\/2025\/12\/WhatsApp-Image-2025-12-14-at-2.52.30-PM-11-560x420.jpeg 560w, https:\/\/prensa.sma.gob.ar\/wp-content\/uploads\/2025\/12\/WhatsApp-Image-2025-12-14-at-2.52.30-PM-11-80x60.jpeg 80w, https:\/\/prensa.sma.gob.ar\/wp-content\/uploads\/2025\/12\/WhatsApp-Image-2025-12-14-at-2.52.30-PM-11-696x522.jpeg 696w, https:\/\/prensa.sma.gob.ar\/wp-content\/uploads\/2025\/12\/WhatsApp-Image-2025-12-14-at-2.52.30-PM-11-1068x801.jpeg 1068w, https:\/\/prensa.sma.gob.ar\/wp-content\/uploads\/2025\/12\/WhatsApp-Image-2025-12-14-at-2.52.30-PM-11.jpeg 1280w\" sizes=\"auto, (max-width: 1024px) 100vw, 1024px\" \/><\/figure>\n<\/figure>\n","protected":false},"excerpt":{"rendered":"<p>El transporte urbano de pasajeros fue el eje principal del \u00faltimo plenario de 2025 del Consejo de Juntas Vecinales, que cont\u00f3 con la exposici\u00f3n de Roxana Neira, coordinadora del Municipio de la Oficina de SUBE. Del encuentro, que se realiz\u00f3 este s\u00e1bado en la Delegaci\u00f3n Municipal de Vega Centro, participaron representantes de ocho comisiones barriales, [&hellip;]<\/p>\n","protected":false},"author":2,"featured_media":11677,"comment_status":"closed","ping_status":"open","sticky":false,"template":"","format":"standard","meta":{"footnotes":""},"categories":[16,11,39,14],"tags":[],"class_list":{"0":"post-11673","1":"post","2":"type-post","3":"status-publish","4":"format-standard","5":"has-post-thumbnail","7":"category-destacadas","8":"category-gobierno","9":"category-subs-juntas-vecinales","10":"category-noticias"},"_links":{"self":[{"href":"https:\/\/prensa.sma.gob.ar\/index.php?rest_route=\/wp\/v2\/posts\/11673","targetHints":{"allow":["GET"]}}],"collection":[{"href":"https:\/\/prensa.sma.gob.ar\/index.php?rest_route=\/wp\/v2\/posts"}],"about":[{"href":"https:\/\/prensa.sma.gob.ar\/index.php?rest_route=\/wp\/v2\/types\/post"}],"author":[{"embeddable":true,"href":"https:\/\/prensa.sma.gob.ar\/index.php?rest_route=\/wp\/v2\/users\/2"}],"replies":[{"embeddable":true,"href":"https:\/\/prensa.sma.gob.ar\/index.php?rest_route=%2Fwp%2Fv2%2Fcomments&post=11673"}],"version-history":[{"count":1,"href":"https:\/\/prensa.sma.gob.ar\/index.php?rest_route=\/wp\/v2\/posts\/11673\/revisions"}],"predecessor-version":[{"id":11678,"href":"https:\/\/prensa.sma.gob.ar\/index.php?rest_route=\/wp\/v2\/posts\/11673\/revisions\/11678"}],"wp:featuredmedia":[{"embeddable":true,"href":"https:\/\/prensa.sma.gob.ar\/index.php?rest_route=\/wp\/v2\/media\/11677"}],"wp:attachment":[{"href":"https:\/\/prensa.sma.gob.ar\/index.php?rest_route=%2Fwp%2Fv2%2Fmedia&parent=11673"}],"wp:term":[{"taxonomy":"category","embeddable":true,"href":"https:\/\/prensa.sma.gob.ar\/index.php?rest_route=%2Fwp%2Fv2%2Fcategories&post=11673"},{"taxonomy":"post_tag","embeddable":true,"href":"https:\/\/prensa.sma.gob.ar\/index.php?rest_route=%2Fwp%2Fv2%2Ftags&post=11673"}],"curies":[{"name":"wp","href":"https:\/\/api.w.org\/{rel}","templated":true}]}}