{"id":11679,"date":"2025-12-15T14:48:29","date_gmt":"2025-12-15T14:48:29","guid":{"rendered":"https:\/\/prensa.sma.gob.ar\/?p=11679"},"modified":"2025-12-15T14:48:30","modified_gmt":"2025-12-15T14:48:30","slug":"expreso-colonia-informa-los-horarios-del-servicio-interurbano-para-estas-fiestas-de-navidad-y-ano-nuevo","status":"publish","type":"post","link":"https:\/\/prensa.sma.gob.ar\/?p=11679","title":{"rendered":"Expreso Colonia informa los horarios del servicio Interurbano para estas fiestas de Navidad y A\u00f1o Nuevo"},"content":{"rendered":"\n<p>Los d\u00edas 24 y 31 de diciembre, el \u00faltimo servicio desde Jun\u00edn de los Andes hasta San Mart\u00edn de los Andes ser\u00e1 la hora 19:05 hs, y desde San Mart\u00edn de los Andes a Jun\u00edn de los Andes a las 20:10 hs.<\/p>\n\n\n\n<p>Los d\u00edas 25 de diciembre y 1 de enero del 2026, las frecuencias se cumplir\u00e1n como domingos y feriados, que a continuaci\u00f3n detallo:<\/p>\n\n\n\n<p>Salidas desde Jun\u00edn de los andes:<\/p>\n\n\n\n<p>&#8211; 07:00 hs<\/p>\n\n\n\n<p>&#8211; 08:15 hs<\/p>\n\n\n\n<p>&#8211; 09:35 hs<\/p>\n\n\n\n<p>&#8211; 10:50 hs<\/p>\n\n\n\n<p>&#8211; 12:10 hs<\/p>\n\n\n\n<p>&#8211; 13.25 hs<\/p>\n\n\n\n<p>&#8211; 15:00 hs<\/p>\n\n\n\n<p>&#8211; 16:00 hs<\/p>\n\n\n\n<p>&#8211; 17:35 hs<\/p>\n\n\n\n<p>&#8211; 18:35 hs<\/p>\n\n\n\n<p>&#8211; 20:10 hs<\/p>\n\n\n\n<p>&#8211; 21:15 hs.<\/p>\n\n\n\n<p>Salidas desde San Mart\u00edn de los Andes:<\/p>\n\n\n\n<p>&#8211; 08:05 hs<\/p>\n\n\n\n<p>&#8211; 09:20 hs<\/p>\n\n\n\n<p>&#8211; 10:40 hs<\/p>\n\n\n\n<p>&#8211; 11:55 hs<\/p>\n\n\n\n<p>&#8211; 13:15 hs<\/p>\n\n\n\n<p>&#8211; 14:30 hs<\/p>\n\n\n\n<p>&#8211; 16:05 hs<\/p>\n\n\n\n<p>&#8211; 17:05 hs<\/p>\n\n\n\n<p>&#8211; 18:40 hs<\/p>\n\n\n\n<p>&#8211; 19:40 hs<\/p>\n\n\n\n<p>&#8211; 21:15 hs.<\/p>\n\n\n\n<p>&#8211; 22:15 hs<\/p>\n","protected":false},"excerpt":{"rendered":"<p>Los d\u00edas 24 y 31 de diciembre, el \u00faltimo servicio desde Jun\u00edn de los Andes hasta San Mart\u00edn de los Andes ser\u00e1 la hora 19:05 hs, y desde San Mart\u00edn de los Andes a Jun\u00edn de los Andes a las 20:10 hs. Los d\u00edas 25 de diciembre y 1 de enero del 2026, las frecuencias [&hellip;]<\/p>\n","protected":false},"author":2,"featured_media":11680,"comment_status":"closed","ping_status":"open","sticky":false,"template":"","format":"standard","meta":{"footnotes":""},"categories":[16,14],"tags":[],"class_list":{"0":"post-11679","1":"post","2":"type-post","3":"status-publish","4":"format-standard","5":"has-post-thumbnail","7":"category-destacadas","8":"category-noticias"},"_links":{"self":[{"href":"https:\/\/prensa.sma.gob.ar\/index.php?rest_route=\/wp\/v2\/posts\/11679","targetHints":{"allow":["GET"]}}],"collection":[{"href":"https:\/\/prensa.sma.gob.ar\/index.php?rest_route=\/wp\/v2\/posts"}],"about":[{"href":"https:\/\/prensa.sma.gob.ar\/index.php?rest_route=\/wp\/v2\/types\/post"}],"author":[{"embeddable":true,"href":"https:\/\/prensa.sma.gob.ar\/index.php?rest_route=\/wp\/v2\/users\/2"}],"replies":[{"embeddable":true,"href":"https:\/\/prensa.sma.gob.ar\/index.php?rest_route=%2Fwp%2Fv2%2Fcomments&post=11679"}],"version-history":[{"count":1,"href":"https:\/\/prensa.sma.gob.ar\/index.php?rest_route=\/wp\/v2\/posts\/11679\/revisions"}],"predecessor-version":[{"id":11681,"href":"https:\/\/prensa.sma.gob.ar\/index.php?rest_route=\/wp\/v2\/posts\/11679\/revisions\/11681"}],"wp:featuredmedia":[{"embeddable":true,"href":"https:\/\/prensa.sma.gob.ar\/index.php?rest_route=\/wp\/v2\/media\/11680"}],"wp:attachment":[{"href":"https:\/\/prensa.sma.gob.ar\/index.php?rest_route=%2Fwp%2Fv2%2Fmedia&parent=11679"}],"wp:term":[{"taxonomy":"category","embeddable":true,"href":"https:\/\/prensa.sma.gob.ar\/index.php?rest_route=%2Fwp%2Fv2%2Fcategories&post=11679"},{"taxonomy":"post_tag","embeddable":true,"href":"https:\/\/prensa.sma.gob.ar\/index.php?rest_route=%2Fwp%2Fv2%2Ftags&post=11679"}],"curies":[{"name":"wp","href":"https:\/\/api.w.org\/{rel}","templated":true}]}}