{"id":11682,"date":"2025-12-15T16:04:05","date_gmt":"2025-12-15T16:04:05","guid":{"rendered":"https:\/\/prensa.sma.gob.ar\/?p=11682"},"modified":"2025-12-15T16:04:06","modified_gmt":"2025-12-15T16:04:06","slug":"otros-dos-emprendedores-recibieron-acompanamiento-del-estado-municipal-y-provincial-para-sus-proyectos","status":"publish","type":"post","link":"https:\/\/prensa.sma.gob.ar\/?p=11682","title":{"rendered":"Otros dos emprendedores recibieron acompa\u00f1amiento del Estado municipal y provincial para sus proyectos"},"content":{"rendered":"\n<p>La Subsecretar\u00eda de Producci\u00f3n, Empleo y Juventud del Municipio realiz\u00f3 la firma y entrega de mutuos a dos j\u00f3venes de nuestra ciudad como parte de la l\u00ednea de Inclusi\u00f3n Financiera que la Provincia de Neuqu\u00e9n destina a j\u00f3venes de 18 a 35 a\u00f1os.<\/p>\n\n\n\n<p>Los vecinos que firmaron son Sebasti\u00e1n Alejandro Made y Bruno Agust\u00edn Gonz\u00e1lez, quienes recibir\u00e1n el acompa\u00f1amiento de esta l\u00ednea de cr\u00e9dito instrumentada por el Instituto Aut\u00e1rquico de Desarrollo Productivo de Neuqu\u00e9n (IADEP).<\/p>\n\n\n\n<p>La l\u00ednea de Inclusi\u00f3n Financiera est\u00e1 pensada tanto para proyectos que est\u00e1n dando sus primeros pasos como para aquellos que ya se encuentran en marcha, con una mirada amplia y requisitos m\u00ednimos, para que m\u00e1s j\u00f3venes puedan acceder al financiamiento.<\/p>\n\n\n\n<p>En este caso, uno de los cr\u00e9ditos ser\u00e1 destinado a la compra de herramientas para cocina, fortaleciendo un emprendimiento del rubro alimentos, y el otro a la adquisici\u00f3n de insumos para construcci\u00f3n, orientados a m\u00f3dulos habitacionales.<\/p>\n\n\n\n<p>El acto estuvo encabezado por el subsecretario de Producci\u00f3n, Empleo y Juventud, Ian Bruno Reparaz; y por los representantes del \u00e1rea de Juventud del Municipio Iris Paredes y Gabriel Raffaelli.<\/p>\n\n\n\n<p>Esta firma se realiz\u00f3 en forma paralela a la entrega de asistencia a emprendedores culturales, tambi\u00e9n con financiamiento del estado neuquino, durante un acto que se llev\u00f3 a cabo el viernes en el Sal\u00f3n Municipal.<\/p>\n\n\n\n<figure class=\"wp-block-gallery has-nested-images columns-default is-cropped wp-block-gallery-1 is-layout-flex wp-block-gallery-is-layout-flex\">\n<figure class=\"wp-block-image size-large\"><img loading=\"lazy\" decoding=\"async\" width=\"1024\" height=\"576\" data-id=\"11639\" src=\"https:\/\/prensa.sma.gob.ar\/wp-content\/uploads\/2025\/12\/WhatsApp-Image-2025-12-13-at-9.00.05-AM-3-1024x576.jpeg\" alt=\"\" class=\"wp-image-11639\" srcset=\"https:\/\/prensa.sma.gob.ar\/wp-content\/uploads\/2025\/12\/WhatsApp-Image-2025-12-13-at-9.00.05-AM-3-1024x576.jpeg 1024w, https:\/\/prensa.sma.gob.ar\/wp-content\/uploads\/2025\/12\/WhatsApp-Image-2025-12-13-at-9.00.05-AM-3-300x169.jpeg 300w, https:\/\/prensa.sma.gob.ar\/wp-content\/uploads\/2025\/12\/WhatsApp-Image-2025-12-13-at-9.00.05-AM-3-768x432.jpeg 768w, https:\/\/prensa.sma.gob.ar\/wp-content\/uploads\/2025\/12\/WhatsApp-Image-2025-12-13-at-9.00.05-AM-3-747x420.jpeg 747w, https:\/\/prensa.sma.gob.ar\/wp-content\/uploads\/2025\/12\/WhatsApp-Image-2025-12-13-at-9.00.05-AM-3-696x392.jpeg 696w, https:\/\/prensa.sma.gob.ar\/wp-content\/uploads\/2025\/12\/WhatsApp-Image-2025-12-13-at-9.00.05-AM-3-1068x601.jpeg 1068w, https:\/\/prensa.sma.gob.ar\/wp-content\/uploads\/2025\/12\/WhatsApp-Image-2025-12-13-at-9.00.05-AM-3.jpeg 1280w\" sizes=\"auto, (max-width: 1024px) 100vw, 1024px\" \/><\/figure>\n\n\n\n<figure class=\"wp-block-image size-large\"><img loading=\"lazy\" decoding=\"async\" width=\"1024\" height=\"576\" data-id=\"11641\" src=\"https:\/\/prensa.sma.gob.ar\/wp-content\/uploads\/2025\/12\/WhatsApp-Image-2025-12-13-at-9.00.05-AM-1-1024x576.jpeg\" alt=\"\" class=\"wp-image-11641\" srcset=\"https:\/\/prensa.sma.gob.ar\/wp-content\/uploads\/2025\/12\/WhatsApp-Image-2025-12-13-at-9.00.05-AM-1-1024x576.jpeg 1024w, https:\/\/prensa.sma.gob.ar\/wp-content\/uploads\/2025\/12\/WhatsApp-Image-2025-12-13-at-9.00.05-AM-1-300x169.jpeg 300w, https:\/\/prensa.sma.gob.ar\/wp-content\/uploads\/2025\/12\/WhatsApp-Image-2025-12-13-at-9.00.05-AM-1-768x432.jpeg 768w, https:\/\/prensa.sma.gob.ar\/wp-content\/uploads\/2025\/12\/WhatsApp-Image-2025-12-13-at-9.00.05-AM-1-747x420.jpeg 747w, https:\/\/prensa.sma.gob.ar\/wp-content\/uploads\/2025\/12\/WhatsApp-Image-2025-12-13-at-9.00.05-AM-1-696x392.jpeg 696w, https:\/\/prensa.sma.gob.ar\/wp-content\/uploads\/2025\/12\/WhatsApp-Image-2025-12-13-at-9.00.05-AM-1-1068x601.jpeg 1068w, https:\/\/prensa.sma.gob.ar\/wp-content\/uploads\/2025\/12\/WhatsApp-Image-2025-12-13-at-9.00.05-AM-1.jpeg 1280w\" sizes=\"auto, (max-width: 1024px) 100vw, 1024px\" \/><\/figure>\n<\/figure>\n","protected":false},"excerpt":{"rendered":"<p>La Subsecretar\u00eda de Producci\u00f3n, Empleo y Juventud del Municipio realiz\u00f3 la firma y entrega de mutuos a dos j\u00f3venes de nuestra ciudad como parte de la l\u00ednea de Inclusi\u00f3n Financiera que la Provincia de Neuqu\u00e9n destina a j\u00f3venes de 18 a 35 a\u00f1os. Los vecinos que firmaron son Sebasti\u00e1n Alejandro Made y Bruno Agust\u00edn Gonz\u00e1lez, [&hellip;]<\/p>\n","protected":false},"author":2,"featured_media":11637,"comment_status":"closed","ping_status":"open","sticky":false,"template":"","format":"standard","meta":{"footnotes":""},"categories":[16,14,38],"tags":[],"class_list":{"0":"post-11682","1":"post","2":"type-post","3":"status-publish","4":"format-standard","5":"has-post-thumbnail","7":"category-destacadas","8":"category-noticias","9":"category-subsecretaria-produccion-empleo-y-juventud"},"_links":{"self":[{"href":"https:\/\/prensa.sma.gob.ar\/index.php?rest_route=\/wp\/v2\/posts\/11682","targetHints":{"allow":["GET"]}}],"collection":[{"href":"https:\/\/prensa.sma.gob.ar\/index.php?rest_route=\/wp\/v2\/posts"}],"about":[{"href":"https:\/\/prensa.sma.gob.ar\/index.php?rest_route=\/wp\/v2\/types\/post"}],"author":[{"embeddable":true,"href":"https:\/\/prensa.sma.gob.ar\/index.php?rest_route=\/wp\/v2\/users\/2"}],"replies":[{"embeddable":true,"href":"https:\/\/prensa.sma.gob.ar\/index.php?rest_route=%2Fwp%2Fv2%2Fcomments&post=11682"}],"version-history":[{"count":1,"href":"https:\/\/prensa.sma.gob.ar\/index.php?rest_route=\/wp\/v2\/posts\/11682\/revisions"}],"predecessor-version":[{"id":11683,"href":"https:\/\/prensa.sma.gob.ar\/index.php?rest_route=\/wp\/v2\/posts\/11682\/revisions\/11683"}],"wp:featuredmedia":[{"embeddable":true,"href":"https:\/\/prensa.sma.gob.ar\/index.php?rest_route=\/wp\/v2\/media\/11637"}],"wp:attachment":[{"href":"https:\/\/prensa.sma.gob.ar\/index.php?rest_route=%2Fwp%2Fv2%2Fmedia&parent=11682"}],"wp:term":[{"taxonomy":"category","embeddable":true,"href":"https:\/\/prensa.sma.gob.ar\/index.php?rest_route=%2Fwp%2Fv2%2Fcategories&post=11682"},{"taxonomy":"post_tag","embeddable":true,"href":"https:\/\/prensa.sma.gob.ar\/index.php?rest_route=%2Fwp%2Fv2%2Ftags&post=11682"}],"curies":[{"name":"wp","href":"https:\/\/api.w.org\/{rel}","templated":true}]}}