{"id":1174,"date":"2024-07-24T17:48:34","date_gmt":"2024-07-24T17:48:34","guid":{"rendered":"https:\/\/prensa.sma.gob.ar\/?p=1174"},"modified":"2024-07-24T17:48:36","modified_gmt":"2024-07-24T17:48:36","slug":"saloniti-recorrio-las-obras-del-destacamento-n-3-de-bomberos","status":"publish","type":"post","link":"https:\/\/prensa.sma.gob.ar\/?p=1174","title":{"rendered":"Saloniti recorri\u00f3 las obras del Destacamento N\u00b0 3 de Bomberos"},"content":{"rendered":"\n<p>El intendente de San Mart\u00edn de los Andes, Carlos Saloniti, visit\u00f3 este mi\u00e9rcoles el predio donde se est\u00e1 construyendo el Destacamento N\u00b0 3 de Bomberos Voluntarios, en Chacra 32.<\/p>\n\n\n\n<p>La obra, ubicada a escasos metros de la Ruta Nacional 40, muestra la platea terminada, el alambrado perimetral, la estructura de hierro sobre la que se montar\u00e1 el destacamento y el tanque australiano que almacenar\u00e1 agua para eventualmente abastecer helic\u00f3pteros con balde.<\/p>\n\n\n\n<p>Este trabajo se realiza mediante un convenio p\u00fablico-privado suscripto entre el Municipio y la empresa constructora Nova Fusion, el emprendimiento Los Techos S.A., la Asociaci\u00f3n de Bomberos Voluntarios de nuestra ciudad y el Concejo Deliberante.<\/p>\n\n\n\n<figure class=\"wp-block-gallery has-nested-images columns-default is-cropped wp-block-gallery-1 is-layout-flex wp-block-gallery-is-layout-flex\">\n<figure class=\"wp-block-image size-large\"><img loading=\"lazy\" decoding=\"async\" width=\"1024\" height=\"771\" data-id=\"1180\" src=\"https:\/\/prensa.sma.gob.ar\/wp-content\/uploads\/2024\/07\/WhatsApp-Image-2024-07-24-at-13.04.03-1-1024x771.jpeg\" alt=\"\" class=\"wp-image-1180\" srcset=\"https:\/\/prensa.sma.gob.ar\/wp-content\/uploads\/2024\/07\/WhatsApp-Image-2024-07-24-at-13.04.03-1-1024x771.jpeg 1024w, https:\/\/prensa.sma.gob.ar\/wp-content\/uploads\/2024\/07\/WhatsApp-Image-2024-07-24-at-13.04.03-1-300x226.jpeg 300w, https:\/\/prensa.sma.gob.ar\/wp-content\/uploads\/2024\/07\/WhatsApp-Image-2024-07-24-at-13.04.03-1-768x578.jpeg 768w, https:\/\/prensa.sma.gob.ar\/wp-content\/uploads\/2024\/07\/WhatsApp-Image-2024-07-24-at-13.04.03-1-1536x1156.jpeg 1536w, https:\/\/prensa.sma.gob.ar\/wp-content\/uploads\/2024\/07\/WhatsApp-Image-2024-07-24-at-13.04.03-1-558x420.jpeg 558w, https:\/\/prensa.sma.gob.ar\/wp-content\/uploads\/2024\/07\/WhatsApp-Image-2024-07-24-at-13.04.03-1-80x60.jpeg 80w, https:\/\/prensa.sma.gob.ar\/wp-content\/uploads\/2024\/07\/WhatsApp-Image-2024-07-24-at-13.04.03-1-696x524.jpeg 696w, https:\/\/prensa.sma.gob.ar\/wp-content\/uploads\/2024\/07\/WhatsApp-Image-2024-07-24-at-13.04.03-1-1068x804.jpeg 1068w, https:\/\/prensa.sma.gob.ar\/wp-content\/uploads\/2024\/07\/WhatsApp-Image-2024-07-24-at-13.04.03-1.jpeg 1600w\" sizes=\"auto, (max-width: 1024px) 100vw, 1024px\" \/><\/figure>\n\n\n\n<figure class=\"wp-block-image size-large\"><img loading=\"lazy\" decoding=\"async\" width=\"1024\" height=\"771\" data-id=\"1181\" src=\"https:\/\/prensa.sma.gob.ar\/wp-content\/uploads\/2024\/07\/WhatsApp-Image-2024-07-24-at-13.04.023-1-1024x771.jpeg\" alt=\"\" class=\"wp-image-1181\" srcset=\"https:\/\/prensa.sma.gob.ar\/wp-content\/uploads\/2024\/07\/WhatsApp-Image-2024-07-24-at-13.04.023-1-1024x771.jpeg 1024w, https:\/\/prensa.sma.gob.ar\/wp-content\/uploads\/2024\/07\/WhatsApp-Image-2024-07-24-at-13.04.023-1-300x226.jpeg 300w, https:\/\/prensa.sma.gob.ar\/wp-content\/uploads\/2024\/07\/WhatsApp-Image-2024-07-24-at-13.04.023-1-768x578.jpeg 768w, https:\/\/prensa.sma.gob.ar\/wp-content\/uploads\/2024\/07\/WhatsApp-Image-2024-07-24-at-13.04.023-1-1536x1156.jpeg 1536w, https:\/\/prensa.sma.gob.ar\/wp-content\/uploads\/2024\/07\/WhatsApp-Image-2024-07-24-at-13.04.023-1-558x420.jpeg 558w, https:\/\/prensa.sma.gob.ar\/wp-content\/uploads\/2024\/07\/WhatsApp-Image-2024-07-24-at-13.04.023-1-80x60.jpeg 80w, https:\/\/prensa.sma.gob.ar\/wp-content\/uploads\/2024\/07\/WhatsApp-Image-2024-07-24-at-13.04.023-1-696x524.jpeg 696w, https:\/\/prensa.sma.gob.ar\/wp-content\/uploads\/2024\/07\/WhatsApp-Image-2024-07-24-at-13.04.023-1-1068x804.jpeg 1068w, https:\/\/prensa.sma.gob.ar\/wp-content\/uploads\/2024\/07\/WhatsApp-Image-2024-07-24-at-13.04.023-1.jpeg 1600w\" sizes=\"auto, (max-width: 1024px) 100vw, 1024px\" \/><\/figure>\n\n\n\n<figure class=\"wp-block-image size-large\"><img loading=\"lazy\" decoding=\"async\" width=\"1024\" height=\"771\" data-id=\"1179\" src=\"https:\/\/prensa.sma.gob.ar\/wp-content\/uploads\/2024\/07\/WhatsApp-Image-2024-07-24-at-13.04.02-1-1024x771.jpeg\" alt=\"\" class=\"wp-image-1179\" srcset=\"https:\/\/prensa.sma.gob.ar\/wp-content\/uploads\/2024\/07\/WhatsApp-Image-2024-07-24-at-13.04.02-1-1024x771.jpeg 1024w, https:\/\/prensa.sma.gob.ar\/wp-content\/uploads\/2024\/07\/WhatsApp-Image-2024-07-24-at-13.04.02-1-300x226.jpeg 300w, https:\/\/prensa.sma.gob.ar\/wp-content\/uploads\/2024\/07\/WhatsApp-Image-2024-07-24-at-13.04.02-1-768x578.jpeg 768w, https:\/\/prensa.sma.gob.ar\/wp-content\/uploads\/2024\/07\/WhatsApp-Image-2024-07-24-at-13.04.02-1-1536x1156.jpeg 1536w, https:\/\/prensa.sma.gob.ar\/wp-content\/uploads\/2024\/07\/WhatsApp-Image-2024-07-24-at-13.04.02-1-558x420.jpeg 558w, https:\/\/prensa.sma.gob.ar\/wp-content\/uploads\/2024\/07\/WhatsApp-Image-2024-07-24-at-13.04.02-1-80x60.jpeg 80w, https:\/\/prensa.sma.gob.ar\/wp-content\/uploads\/2024\/07\/WhatsApp-Image-2024-07-24-at-13.04.02-1-696x524.jpeg 696w, https:\/\/prensa.sma.gob.ar\/wp-content\/uploads\/2024\/07\/WhatsApp-Image-2024-07-24-at-13.04.02-1-1068x804.jpeg 1068w, https:\/\/prensa.sma.gob.ar\/wp-content\/uploads\/2024\/07\/WhatsApp-Image-2024-07-24-at-13.04.02-1.jpeg 1600w\" sizes=\"auto, (max-width: 1024px) 100vw, 1024px\" \/><\/figure>\n<\/figure>\n\n\n\n<p>La propuesta planteada por el sector privado consiste en el proyecto constructivo, la ejecuci\u00f3n y los materiales que se utilizan. Bomberos Voluntarios particip\u00f3 del proyecto y plante\u00f3 sus requerimientos para la operatividad del destacamento.<\/p>\n\n\n\n<p>Durante la recorrida, el intendente Saloniti resalt\u00f3 que \u201ceste destacamento de bomberos tan anhelado y necesario, resolver\u00e1 la necesidad imperiosa de los vecinos de Chacra 32 desde donde se atiendan las urgencias de toda esta zona\u201d, incluyendo Cordones del Chapelco, Chacra 28, Vega Maip\u00fa y Ruca Hue, adem\u00e1s de emprendimientos en desarrollo hacia uno y otro lado de esta \u00e1rea.<\/p>\n\n\n\n<p>Este espacio \u201cva a ser un beneficio enorme para el trabajo que hacen nuestros bomberos\u201d, se\u00f1al\u00f3 el intendente, y record\u00f3 que, una vez terminado, ser\u00e1 el tercero de la ciudad, luego de los cuarteles de El Arenal y del centro de la ciudad.<\/p>\n","protected":false},"excerpt":{"rendered":"<p>El intendente de San Mart\u00edn de los Andes, Carlos Saloniti, visit\u00f3 este mi\u00e9rcoles el predio donde se est\u00e1 construyendo el Destacamento N\u00b0 3 de Bomberos Voluntarios, en Chacra 32. La obra, ubicada a escasos metros de la Ruta Nacional 40, muestra la platea terminada, el alambrado perimetral, la estructura de hierro sobre la que se [&hellip;]<\/p>\n","protected":false},"author":2,"featured_media":1177,"comment_status":"closed","ping_status":"open","sticky":false,"template":"","format":"standard","meta":{"footnotes":""},"categories":[16,11,14,17],"tags":[],"class_list":{"0":"post-1174","1":"post","2":"type-post","3":"status-publish","4":"format-standard","5":"has-post-thumbnail","7":"category-destacadas","8":"category-gobierno","9":"category-noticias","10":"category-portada"},"_links":{"self":[{"href":"https:\/\/prensa.sma.gob.ar\/index.php?rest_route=\/wp\/v2\/posts\/1174","targetHints":{"allow":["GET"]}}],"collection":[{"href":"https:\/\/prensa.sma.gob.ar\/index.php?rest_route=\/wp\/v2\/posts"}],"about":[{"href":"https:\/\/prensa.sma.gob.ar\/index.php?rest_route=\/wp\/v2\/types\/post"}],"author":[{"embeddable":true,"href":"https:\/\/prensa.sma.gob.ar\/index.php?rest_route=\/wp\/v2\/users\/2"}],"replies":[{"embeddable":true,"href":"https:\/\/prensa.sma.gob.ar\/index.php?rest_route=%2Fwp%2Fv2%2Fcomments&post=1174"}],"version-history":[{"count":1,"href":"https:\/\/prensa.sma.gob.ar\/index.php?rest_route=\/wp\/v2\/posts\/1174\/revisions"}],"predecessor-version":[{"id":1182,"href":"https:\/\/prensa.sma.gob.ar\/index.php?rest_route=\/wp\/v2\/posts\/1174\/revisions\/1182"}],"wp:featuredmedia":[{"embeddable":true,"href":"https:\/\/prensa.sma.gob.ar\/index.php?rest_route=\/wp\/v2\/media\/1177"}],"wp:attachment":[{"href":"https:\/\/prensa.sma.gob.ar\/index.php?rest_route=%2Fwp%2Fv2%2Fmedia&parent=1174"}],"wp:term":[{"taxonomy":"category","embeddable":true,"href":"https:\/\/prensa.sma.gob.ar\/index.php?rest_route=%2Fwp%2Fv2%2Fcategories&post=1174"},{"taxonomy":"post_tag","embeddable":true,"href":"https:\/\/prensa.sma.gob.ar\/index.php?rest_route=%2Fwp%2Fv2%2Ftags&post=1174"}],"curies":[{"name":"wp","href":"https:\/\/api.w.org\/{rel}","templated":true}]}}