{"id":12042,"date":"2026-01-07T22:34:35","date_gmt":"2026-01-07T22:34:35","guid":{"rendered":"https:\/\/prensa.sma.gob.ar\/?p=12042"},"modified":"2026-01-07T22:34:37","modified_gmt":"2026-01-07T22:34:37","slug":"rige-la-prohibicion-de-realizar-fuego-en-sectores-no-habilitados-de-toda-la-provincia","status":"publish","type":"post","link":"https:\/\/prensa.sma.gob.ar\/?p=12042","title":{"rendered":"Rige la prohibici\u00f3n de realizar fuego en sectores no habilitados de toda la provincia"},"content":{"rendered":"\n<p><em>Informaci\u00f3n de la Secretar\u00eda de Prensa y Comunicaci\u00f3n de la Provincia<\/em><\/p>\n\n\n\n<p>Con motivo de la cr\u00edtica situaci\u00f3n que atraviesa la regi\u00f3n a causa de la sequ\u00eda, el Gobierno de la provincia, a trav\u00e9s de la secretar\u00eda de Emergencias y Gesti\u00f3n de Riesgos, apel\u00f3 a la responsabilidad ciudadana. Cabe recordar que Neuqu\u00e9n mantiene una pol\u00edtica de \u201ctolerancia cero\u201d respecto al uso de fuego y pirotecnia, debido a las altas temperaturas, la sequ\u00eda prolongada y los fuertes vientos.<\/p>\n\n\n\n<p>Si bien la secretar\u00eda cuenta con equipos y medios a\u00e9reos alquilados por la provincia en caso de que haya nuevos focos, la titular del \u00e1rea,\u00a0Luciana Ortiz Luna, remarc\u00f3 que es necesario que la gente colabore y siga las recomendaciones vigentes este verano.\u00a0\u201cEl descuido de un segundo puede generar un desastre ambiental irrecuperable\u201d, asegur\u00f3.<\/p>\n\n\n\n<p>En este sentido inform\u00f3 que solo se podr\u00e1 realizar fuego en campings habilitados, &nbsp;solo cuando el \u00edndice de peligrosidad de incendio se encuentre en color verde o azul. Por otro lado, y ante informaciones falsas que se difundieron a trav\u00e9s de redes sociales, desde el Gobierno de la provincia se desminti\u00f3 que esta prohibici\u00f3n alcance a los domicilios particulares.<\/p>\n\n\n\n<p>A qui\u00e9nes realicen fuego a pesar de las advertencias y en sectores no habilitados, se aplicar\u00e1n importantes multas. Mediante una resoluci\u00f3n provincial se modificaron y actualizaros los valores de las multas por quemas en lugares indebidos, en el contexto del decreto de Emergencia \u00cdgnea vigente en la provincia. Se trata de una medida disuasoria, cuyas sanciones ir\u00e1n desde 1.700.000 pesos hasta 1.700 millones de pesos.<\/p>\n\n\n\n<p>La graduaci\u00f3n de las sanciones ser\u00e1 determinada en funci\u00f3n de distintos par\u00e1metros. Se tendr\u00e1 en cuenta los antecedentes del infractor; la extensi\u00f3n del \u00e1rea afectada; el car\u00e1cter y la actitud de colaboraci\u00f3n frente a las medidas de prevenci\u00f3n. La Ley Provincial 3305 (que establece procedimientos de protecci\u00f3n ambiental relativos a las actividades de quema, con el fin de prevenir incendios, da\u00f1os ambientales y riesgos para la salud y la seguridad p\u00fablicas), prev\u00e9 apercibimiento, multa y suspensi\u00f3n o revocaci\u00f3n de otras autorizaciones de quema.<\/p>\n\n\n\n<p>De esta manera, desde el Gobierno Provincial suma esfuerzos para la prevenci\u00f3n de incendios forestales y de interfaz; fortalecer el cumplimiento de las normas de uso del fuego; y garantizar respuestas r\u00e1pidas y eficaces ante el riesgo \u00edgneo.<\/p>\n\n\n\n<p><\/p>\n","protected":false},"excerpt":{"rendered":"<p>Informaci\u00f3n de la Secretar\u00eda de Prensa y Comunicaci\u00f3n de la Provincia Con motivo de la cr\u00edtica situaci\u00f3n que atraviesa la regi\u00f3n a causa de la sequ\u00eda, el Gobierno de la provincia, a trav\u00e9s de la secretar\u00eda de Emergencias y Gesti\u00f3n de Riesgos, apel\u00f3 a la responsabilidad ciudadana. Cabe recordar que Neuqu\u00e9n mantiene una pol\u00edtica de [&hellip;]<\/p>\n","protected":false},"author":2,"featured_media":12043,"comment_status":"closed","ping_status":"open","sticky":false,"template":"","format":"standard","meta":{"footnotes":""},"categories":[16,14,17],"tags":[],"class_list":{"0":"post-12042","1":"post","2":"type-post","3":"status-publish","4":"format-standard","5":"has-post-thumbnail","7":"category-destacadas","8":"category-noticias","9":"category-portada"},"_links":{"self":[{"href":"https:\/\/prensa.sma.gob.ar\/index.php?rest_route=\/wp\/v2\/posts\/12042","targetHints":{"allow":["GET"]}}],"collection":[{"href":"https:\/\/prensa.sma.gob.ar\/index.php?rest_route=\/wp\/v2\/posts"}],"about":[{"href":"https:\/\/prensa.sma.gob.ar\/index.php?rest_route=\/wp\/v2\/types\/post"}],"author":[{"embeddable":true,"href":"https:\/\/prensa.sma.gob.ar\/index.php?rest_route=\/wp\/v2\/users\/2"}],"replies":[{"embeddable":true,"href":"https:\/\/prensa.sma.gob.ar\/index.php?rest_route=%2Fwp%2Fv2%2Fcomments&post=12042"}],"version-history":[{"count":1,"href":"https:\/\/prensa.sma.gob.ar\/index.php?rest_route=\/wp\/v2\/posts\/12042\/revisions"}],"predecessor-version":[{"id":12044,"href":"https:\/\/prensa.sma.gob.ar\/index.php?rest_route=\/wp\/v2\/posts\/12042\/revisions\/12044"}],"wp:featuredmedia":[{"embeddable":true,"href":"https:\/\/prensa.sma.gob.ar\/index.php?rest_route=\/wp\/v2\/media\/12043"}],"wp:attachment":[{"href":"https:\/\/prensa.sma.gob.ar\/index.php?rest_route=%2Fwp%2Fv2%2Fmedia&parent=12042"}],"wp:term":[{"taxonomy":"category","embeddable":true,"href":"https:\/\/prensa.sma.gob.ar\/index.php?rest_route=%2Fwp%2Fv2%2Fcategories&post=12042"},{"taxonomy":"post_tag","embeddable":true,"href":"https:\/\/prensa.sma.gob.ar\/index.php?rest_route=%2Fwp%2Fv2%2Ftags&post=12042"}],"curies":[{"name":"wp","href":"https:\/\/api.w.org\/{rel}","templated":true}]}}