{"id":12261,"date":"2026-01-25T21:28:17","date_gmt":"2026-01-25T21:28:17","guid":{"rendered":"https:\/\/prensa.sma.gob.ar\/?p=12261"},"modified":"2026-01-25T21:31:00","modified_gmt":"2026-01-25T21:31:00","slug":"estos-son-los-beneficios-para-sanmartinenses-y-neuquinos-que-anunciaron-el-bpn-y-el-cerro-chapelco","status":"publish","type":"post","link":"https:\/\/prensa.sma.gob.ar\/?p=12261","title":{"rendered":"Estos son los beneficios para sanmartinenses y neuquinos que anunci\u00f3 el Gobierno provincial"},"content":{"rendered":"\n<p>El Gobierno de la provincia de Neuqu\u00e9n, a trav\u00e9s del Banco de la Provincia (BPN) y el Cerro Chapelco, anunciaron nuevos beneficios exclusivos para residentes de San Mart\u00edn de los Andes y para neuquinos, clientes del BPN, para disfrutar de la pr\u00f3xima temporada de inverno en el Cerro Chapelco.<\/p>\n\n\n\n<p>Este s\u00e1bado, antes del show musical que cerr\u00f3 con Luck Ra, se anticip\u00f3 que el valor diario final del pase para quienes residen en San Mart\u00edn de los Andes, ser\u00e1 de 49.000 pesos, mientras que para aquellos que residen en otras ciudades o localidades de la provincia, ser\u00e1 de 59.000 pesos.<\/p>\n\n\n\n<p>El anuncio lo realizaron la ministra de Turismo, Ambiente y Recursos Naturales, Leticia Esteves; el presidente del BPN, Gabriel Bosco; y Nicol\u00e1s Herrera, flamante gerente del centro invernal. Tambi\u00e9n asistieron el secretario de Turismo de San Mart\u00edn de los Andes, Alejandro Apaolaza; y Gustavo Fern\u00e1ndez Capiet y Sergio Sciacchitano, de Neuqu\u00e9nTur, entre otros funcionarios.<\/p>\n\n\n\n<p>All\u00ed se indic\u00f3 que se podr\u00e1n adquirir tres tipos de productos consistentes en pases de 7, 14 y 30 d\u00edas, todos bajo la modalidad Flexi, los que ser\u00e1n v\u00e1lidos \u00fanicamente para la temporada invernal 2026. No incluye la tarifa de la tarjeta de proximidad porta pase.<\/p>\n\n\n\n<p>Quienes adquieran dicho producto, podr\u00e1n abonar en 1 pago, o en 3, 6 o 12 cuotas sin inter\u00e9s. Y la vigencia ser\u00e1 de 30 d\u00edas corridos desde el preciso momento en que se implemente la promoci\u00f3n; al tiempo que la entrega de los pases ser\u00e1 de forma presencial, previa validaci\u00f3n de la residencia.<\/p>\n\n\n\n<p>Al momento de la entrega deber\u00e1n presentarse todos aquellos que vayan a hacer uso de los pases a fin de registrar sus datos biom\u00e9tricos, ya que la validaci\u00f3n de la identidad al momento de uso de los pases en el Centro de Esqu\u00ed ser\u00e1 mediante la modalidad Face ID (reconocimiento facial).<\/p>\n\n\n\n<p>Al momento del retiro deber\u00e1 presentarse la tarjeta de cr\u00e9dito original con la que se realiz\u00f3 la compra. En tanto que las fechas y puntos de retiro de los pases se anunciar\u00e1n en la web www.cerrochapelco.com.ar una vez finalizada la presente promoci\u00f3n.<\/p>\n","protected":false},"excerpt":{"rendered":"<p>El Gobierno de la provincia de Neuqu\u00e9n, a trav\u00e9s del Banco de la Provincia (BPN) y el Cerro Chapelco, anunciaron nuevos beneficios exclusivos para residentes de San Mart\u00edn de los Andes y para neuquinos, clientes del BPN, para disfrutar de la pr\u00f3xima temporada de inverno en el Cerro Chapelco. Este s\u00e1bado, antes del show musical [&hellip;]<\/p>\n","protected":false},"author":2,"featured_media":12262,"comment_status":"closed","ping_status":"open","sticky":false,"template":"","format":"standard","meta":{"footnotes":""},"categories":[11,14,17,36],"tags":[],"class_list":{"0":"post-12261","1":"post","2":"type-post","3":"status-publish","4":"format-standard","5":"has-post-thumbnail","7":"category-gobierno","8":"category-noticias","9":"category-portada","10":"category-turismo"},"_links":{"self":[{"href":"https:\/\/prensa.sma.gob.ar\/index.php?rest_route=\/wp\/v2\/posts\/12261","targetHints":{"allow":["GET"]}}],"collection":[{"href":"https:\/\/prensa.sma.gob.ar\/index.php?rest_route=\/wp\/v2\/posts"}],"about":[{"href":"https:\/\/prensa.sma.gob.ar\/index.php?rest_route=\/wp\/v2\/types\/post"}],"author":[{"embeddable":true,"href":"https:\/\/prensa.sma.gob.ar\/index.php?rest_route=\/wp\/v2\/users\/2"}],"replies":[{"embeddable":true,"href":"https:\/\/prensa.sma.gob.ar\/index.php?rest_route=%2Fwp%2Fv2%2Fcomments&post=12261"}],"version-history":[{"count":3,"href":"https:\/\/prensa.sma.gob.ar\/index.php?rest_route=\/wp\/v2\/posts\/12261\/revisions"}],"predecessor-version":[{"id":12266,"href":"https:\/\/prensa.sma.gob.ar\/index.php?rest_route=\/wp\/v2\/posts\/12261\/revisions\/12266"}],"wp:featuredmedia":[{"embeddable":true,"href":"https:\/\/prensa.sma.gob.ar\/index.php?rest_route=\/wp\/v2\/media\/12262"}],"wp:attachment":[{"href":"https:\/\/prensa.sma.gob.ar\/index.php?rest_route=%2Fwp%2Fv2%2Fmedia&parent=12261"}],"wp:term":[{"taxonomy":"category","embeddable":true,"href":"https:\/\/prensa.sma.gob.ar\/index.php?rest_route=%2Fwp%2Fv2%2Fcategories&post=12261"},{"taxonomy":"post_tag","embeddable":true,"href":"https:\/\/prensa.sma.gob.ar\/index.php?rest_route=%2Fwp%2Fv2%2Ftags&post=12261"}],"curies":[{"name":"wp","href":"https:\/\/api.w.org\/{rel}","templated":true}]}}