{"id":12267,"date":"2026-01-26T12:19:20","date_gmt":"2026-01-26T12:19:20","guid":{"rendered":"https:\/\/prensa.sma.gob.ar\/?p=12267"},"modified":"2026-01-26T12:23:59","modified_gmt":"2026-01-26T12:23:59","slug":"necesitas-insumos-para-trabajar-la-tierra-o-alimento-para-tus-animales-y-queres-impulsar-un-proyecto-agroecologico","status":"publish","type":"post","link":"https:\/\/prensa.sma.gob.ar\/?p=12267","title":{"rendered":"\u00bfNecesit\u00e1s insumos para trabajar la tierra o alimento para tus animales y quer\u00e9s impulsar un proyecto agroecol\u00f3gico?"},"content":{"rendered":"\n<p>La Unidad Agroecol\u00f3gica Abono Compuesto del Municipio invita a comunicarse para acceder a distintos insumos que pueden ayudar a poner en marcha o fortalecer una iniciativa.<\/p>\n\n\n\n<p>Contacto por WhatsApp al 297 243 2482 y consultas por la disponibilidad de:<\/p>\n\n\n\n<ul class=\"wp-block-list\">\n<li>Cinta de riego por goteo<\/li>\n<\/ul>\n\n\n\n<ul class=\"wp-block-list\">\n<li>Bolsas de ma\u00edz<\/li>\n<\/ul>\n\n\n\n<ul class=\"wp-block-list\">\n<li>Bolsas de pellet de alfalfa<\/li>\n<\/ul>\n\n\n\n<ul class=\"wp-block-list\">\n<li>Manta antihelada<\/li>\n<\/ul>\n\n\n\n<p>Los interesados tambi\u00e9n pueden acercarse a la Oficina de Producci\u00f3n, dentro del edificio de Turismo (Av. San Mart\u00edn y Rosas), en el horario de 8:00 a 13:30 hs.<\/p>\n\n\n\n<p>La Unidad Agroecol\u00f3gica Abono Compuesto del Municipio acompa\u00f1a y promueve la producci\u00f3n agroecol\u00f3gica y el desarrollo local.<\/p>\n\n\n\n<figure class=\"wp-block-gallery has-nested-images columns-default is-cropped wp-block-gallery-1 is-layout-flex wp-block-gallery-is-layout-flex\">\n<figure class=\"wp-block-image size-large\"><img loading=\"lazy\" decoding=\"async\" width=\"560\" height=\"560\" data-id=\"12269\" src=\"https:\/\/prensa.sma.gob.ar\/wp-content\/uploads\/2026\/01\/WhatsApp-Image-2026-01-26-at-8.10.12-AM.jpeg\" alt=\"\" class=\"wp-image-12269\" srcset=\"https:\/\/prensa.sma.gob.ar\/wp-content\/uploads\/2026\/01\/WhatsApp-Image-2026-01-26-at-8.10.12-AM.jpeg 560w, https:\/\/prensa.sma.gob.ar\/wp-content\/uploads\/2026\/01\/WhatsApp-Image-2026-01-26-at-8.10.12-AM-300x300.jpeg 300w, https:\/\/prensa.sma.gob.ar\/wp-content\/uploads\/2026\/01\/WhatsApp-Image-2026-01-26-at-8.10.12-AM-150x150.jpeg 150w, https:\/\/prensa.sma.gob.ar\/wp-content\/uploads\/2026\/01\/WhatsApp-Image-2026-01-26-at-8.10.12-AM-420x420.jpeg 420w\" sizes=\"auto, (max-width: 560px) 100vw, 560px\" \/><\/figure>\n\n\n\n<figure class=\"wp-block-image size-large\"><img loading=\"lazy\" decoding=\"async\" width=\"491\" height=\"491\" data-id=\"12268\" src=\"https:\/\/prensa.sma.gob.ar\/wp-content\/uploads\/2026\/01\/WhatsApp-Image-2026-01-26-at-8.10.13-AM.jpeg\" alt=\"\" class=\"wp-image-12268\" srcset=\"https:\/\/prensa.sma.gob.ar\/wp-content\/uploads\/2026\/01\/WhatsApp-Image-2026-01-26-at-8.10.13-AM.jpeg 491w, https:\/\/prensa.sma.gob.ar\/wp-content\/uploads\/2026\/01\/WhatsApp-Image-2026-01-26-at-8.10.13-AM-300x300.jpeg 300w, https:\/\/prensa.sma.gob.ar\/wp-content\/uploads\/2026\/01\/WhatsApp-Image-2026-01-26-at-8.10.13-AM-150x150.jpeg 150w, https:\/\/prensa.sma.gob.ar\/wp-content\/uploads\/2026\/01\/WhatsApp-Image-2026-01-26-at-8.10.13-AM-420x420.jpeg 420w\" sizes=\"auto, (max-width: 491px) 100vw, 491px\" \/><\/figure>\n<\/figure>\n","protected":false},"excerpt":{"rendered":"<p>La Unidad Agroecol\u00f3gica Abono Compuesto del Municipio invita a comunicarse para acceder a distintos insumos que pueden ayudar a poner en marcha o fortalecer una iniciativa. Contacto por WhatsApp al 297 243 2482 y consultas por la disponibilidad de: Los interesados tambi\u00e9n pueden acercarse a la Oficina de Producci\u00f3n, dentro del edificio de Turismo (Av. [&hellip;]<\/p>\n","protected":false},"author":2,"featured_media":12268,"comment_status":"closed","ping_status":"open","sticky":false,"template":"","format":"standard","meta":{"footnotes":""},"categories":[16,14,31,38],"tags":[],"class_list":{"0":"post-12267","1":"post","2":"type-post","3":"status-publish","4":"format-standard","5":"has-post-thumbnail","7":"category-destacadas","8":"category-noticias","9":"category-produccion","10":"category-subsecretaria-produccion-empleo-y-juventud"},"_links":{"self":[{"href":"https:\/\/prensa.sma.gob.ar\/index.php?rest_route=\/wp\/v2\/posts\/12267","targetHints":{"allow":["GET"]}}],"collection":[{"href":"https:\/\/prensa.sma.gob.ar\/index.php?rest_route=\/wp\/v2\/posts"}],"about":[{"href":"https:\/\/prensa.sma.gob.ar\/index.php?rest_route=\/wp\/v2\/types\/post"}],"author":[{"embeddable":true,"href":"https:\/\/prensa.sma.gob.ar\/index.php?rest_route=\/wp\/v2\/users\/2"}],"replies":[{"embeddable":true,"href":"https:\/\/prensa.sma.gob.ar\/index.php?rest_route=%2Fwp%2Fv2%2Fcomments&post=12267"}],"version-history":[{"count":3,"href":"https:\/\/prensa.sma.gob.ar\/index.php?rest_route=\/wp\/v2\/posts\/12267\/revisions"}],"predecessor-version":[{"id":12273,"href":"https:\/\/prensa.sma.gob.ar\/index.php?rest_route=\/wp\/v2\/posts\/12267\/revisions\/12273"}],"wp:featuredmedia":[{"embeddable":true,"href":"https:\/\/prensa.sma.gob.ar\/index.php?rest_route=\/wp\/v2\/media\/12268"}],"wp:attachment":[{"href":"https:\/\/prensa.sma.gob.ar\/index.php?rest_route=%2Fwp%2Fv2%2Fmedia&parent=12267"}],"wp:term":[{"taxonomy":"category","embeddable":true,"href":"https:\/\/prensa.sma.gob.ar\/index.php?rest_route=%2Fwp%2Fv2%2Fcategories&post=12267"},{"taxonomy":"post_tag","embeddable":true,"href":"https:\/\/prensa.sma.gob.ar\/index.php?rest_route=%2Fwp%2Fv2%2Ftags&post=12267"}],"curies":[{"name":"wp","href":"https:\/\/api.w.org\/{rel}","templated":true}]}}