{"id":12296,"date":"2026-01-26T16:15:37","date_gmt":"2026-01-26T16:15:37","guid":{"rendered":"https:\/\/prensa.sma.gob.ar\/?p=12296"},"modified":"2026-01-26T16:17:10","modified_gmt":"2026-01-26T16:17:10","slug":"tras-cinco-audiencias-los-guardavidas-rechazaron-las-soluciones-propuestas-por-el-municipio","status":"publish","type":"post","link":"https:\/\/prensa.sma.gob.ar\/?p=12296","title":{"rendered":"Tras cinco audiencias, los guardavidas rechazaron las soluciones propuestas por el Municipio"},"content":{"rendered":"\n<p>Este jueves se realiz\u00f3 la quinta audiencia entre el Municipio y los guardavidas, en la que, una vez m\u00e1s, el sindicato que los nuclea rechaz\u00f3 la propuesta para destrabar el conflicto que se inici\u00f3 a comienzos de diciembre.<\/p>\n\n\n\n<p>El encuentro, que se realiz\u00f3 en Jun\u00edn de los Andes a instancias del Departamento de Relaciones Laborales, fue el quinto desde la audiencia de conciliaci\u00f3n del 11 de diciembre pasado. En cada una de ellas, el Ejecutivo municipal acerc\u00f3 diferentes propuestas que fueron rechazadas por el gremio.<\/p>\n\n\n\n<p>El sistema de guardavidas en nuestra zona es tripartito, ya que en la organizaci\u00f3n intervienen los trabajadores, a trav\u00e9s del sindicato; el Municipio y la Naci\u00f3n, en las playas de jurisdicci\u00f3n de Parques Nacionales.<\/p>\n\n\n\n<p>Seg\u00fan el cronograma de trabajo, las playas de la Costanera del Lago Lacar tienen 5 guardavidas; y las playas sobre el lago Lolog, tienen 6 guardavidas. En jurisdicci\u00f3n de Parques Nacionales, se dispone de 4 guardavidas en Catritre; 3 en Lolen; y 3 en Quila Quina.<\/p>\n\n\n\n<p>En las \u00faltimas semanas, el Municipio mejor\u00f3 instalaciones, incorpor\u00f3 equipamiento y asumi\u00f3 el compromiso firmado con Naci\u00f3n para cubrir durante 90 d\u00edas la diferencia entre la propuesta del Estado nacional y lo ofrecido por el Ejecutivo comunal, en aquellos casos de guardavidas asignados a las playas en jurisdicci\u00f3n del Parque Nacional Lan\u00edn. Los 130 millones de pesos aportados por Naci\u00f3n son insuficientes para cubrir los salarios del personal asignado en Catritre, Lolen y Quila Quina.<\/p>\n\n\n\n<p>Durante la audiencia de este jueves, los representantes laborales informaron que, \u201cpese a la extensi\u00f3n de los d\u00edas de la conciliaci\u00f3n dada, no se ha logrado arribar a un acuerdo y no existiendo pedido de poder extenderla, se los insta a conformar la mesa de di\u00e1logo para que ambas partes puedan llegar a un acuerdo favorable.<\/p>\n\n\n\n<p>Por la parte gremial, participaron, a trav\u00e9s de video llamada, el secretario general del Sindicato de Guardavidas de Neuqu\u00e9n, Ariel Tarife\u00f1o; Marcos Antonio Arretche, secretario de Interior y de Organizaci\u00f3n; Gaia Formigo, delegada de Guardavidas de San Mart\u00edn de los Andes.<\/p>\n\n\n\n<p>Por el Municipio participaron el secretario de Gobierno, Mat\u00edas Consoli; la subsecretaria de Legal y T\u00e9cnica, Numil\u00e9n M\u00e9ndez; y el subsecretario de Gobierno, Rodrigo Mariqueo.<\/p>\n\n\n\n<p><\/p>\n","protected":false},"excerpt":{"rendered":"<p>Este jueves se realiz\u00f3 la quinta audiencia entre el Municipio y los guardavidas, en la que, una vez m\u00e1s, el sindicato que los nuclea rechaz\u00f3 la propuesta para destrabar el conflicto que se inici\u00f3 a comienzos de diciembre. El encuentro, que se realiz\u00f3 en Jun\u00edn de los Andes a instancias del Departamento de Relaciones Laborales, [&hellip;]<\/p>\n","protected":false},"author":3,"featured_media":12297,"comment_status":"closed","ping_status":"open","sticky":false,"template":"","format":"standard","meta":{"footnotes":""},"categories":[16,14],"tags":[],"class_list":{"0":"post-12296","1":"post","2":"type-post","3":"status-publish","4":"format-standard","5":"has-post-thumbnail","7":"category-destacadas","8":"category-noticias"},"_links":{"self":[{"href":"https:\/\/prensa.sma.gob.ar\/index.php?rest_route=\/wp\/v2\/posts\/12296","targetHints":{"allow":["GET"]}}],"collection":[{"href":"https:\/\/prensa.sma.gob.ar\/index.php?rest_route=\/wp\/v2\/posts"}],"about":[{"href":"https:\/\/prensa.sma.gob.ar\/index.php?rest_route=\/wp\/v2\/types\/post"}],"author":[{"embeddable":true,"href":"https:\/\/prensa.sma.gob.ar\/index.php?rest_route=\/wp\/v2\/users\/3"}],"replies":[{"embeddable":true,"href":"https:\/\/prensa.sma.gob.ar\/index.php?rest_route=%2Fwp%2Fv2%2Fcomments&post=12296"}],"version-history":[{"count":1,"href":"https:\/\/prensa.sma.gob.ar\/index.php?rest_route=\/wp\/v2\/posts\/12296\/revisions"}],"predecessor-version":[{"id":12298,"href":"https:\/\/prensa.sma.gob.ar\/index.php?rest_route=\/wp\/v2\/posts\/12296\/revisions\/12298"}],"wp:featuredmedia":[{"embeddable":true,"href":"https:\/\/prensa.sma.gob.ar\/index.php?rest_route=\/wp\/v2\/media\/12297"}],"wp:attachment":[{"href":"https:\/\/prensa.sma.gob.ar\/index.php?rest_route=%2Fwp%2Fv2%2Fmedia&parent=12296"}],"wp:term":[{"taxonomy":"category","embeddable":true,"href":"https:\/\/prensa.sma.gob.ar\/index.php?rest_route=%2Fwp%2Fv2%2Fcategories&post=12296"},{"taxonomy":"post_tag","embeddable":true,"href":"https:\/\/prensa.sma.gob.ar\/index.php?rest_route=%2Fwp%2Fv2%2Ftags&post=12296"}],"curies":[{"name":"wp","href":"https:\/\/api.w.org\/{rel}","templated":true}]}}