{"id":12307,"date":"2026-01-27T12:03:28","date_gmt":"2026-01-27T12:03:28","guid":{"rendered":"https:\/\/prensa.sma.gob.ar\/?p=12307"},"modified":"2026-01-28T22:33:47","modified_gmt":"2026-01-28T22:33:47","slug":"el-intendente-carlos-saloniti-recibio-detalles-sobre-los-proyectos-provinciales-para-torres-gingins-y-las-rotondas","status":"publish","type":"post","link":"https:\/\/prensa.sma.gob.ar\/?p=12307","title":{"rendered":"El intendente Saloniti recibi\u00f3 detalles sobre los proyectos para Torres, Gingins y las rotondas"},"content":{"rendered":"\n<p>La ministra de Infraestructura de la provincia de Neuqu\u00e9n, Tanya Bertoldi, inform\u00f3 al intendente Carlos Saloniti detalles del proyecto que anunci\u00f3 el Gobierno provincial para mejorar los accesos al centro de la ciudad.<\/p>\n\n\n\n<p>La iniciativa, tal como anunci\u00f3 el gobernador, Rolando Figueroa, incluye la pavimentaci\u00f3n de los callejones de Gingins y de Torres y la construcci\u00f3n de tres rotondas en Ruta Nacional, en los cruces con callej\u00f3n de Bello, calle Molina Campos y callej\u00f3n de Torres.<\/p>\n\n\n\n<p>Estos proyectos hab\u00edan sido acordados entre el Gobierno provincial y el Municipio, como parte de las prioridades en el mejoramiento de la infraestructura vial que lleve seguridad en la circulaci\u00f3n y mejoramiento en los tiempos de tr\u00e1nsito. Las obras est\u00e1n incluidas en el Presupuesto provincial 2026, aprobado por la Legislatura.<\/p>\n\n\n\n<p>Bertoldi estuvo acompa\u00f1ada por la secretaria de Obras p\u00fablicas de la provincia, Mar\u00eda Eugenia Ferrareso; el presidente de la Unidad Provincial de Enlace y Ejecuci\u00f3n de Proyectos con Financiamiento Externo (UPEFE), Sebasti\u00e1n Gonz\u00e1lez; Gonzalo Peralta, coordinador del Ministerio de infraestructura; y Pablo Dietrich, presidente del ADUS IPVU. Por el Municipio, acompa\u00f1\u00f3 al intendente Saloniti el secretario de Obras y Servicios P\u00fablicos, H\u00e9ctor Dur\u00e1n.<\/p>\n\n\n\n<figure class=\"wp-block-gallery has-nested-images columns-default is-cropped wp-block-gallery-1 is-layout-flex wp-block-gallery-is-layout-flex\">\n<figure class=\"wp-block-image size-large\"><img loading=\"lazy\" decoding=\"async\" width=\"1024\" height=\"576\" data-id=\"12311\" src=\"https:\/\/prensa.sma.gob.ar\/wp-content\/uploads\/2026\/01\/WhatsApp-Image-2026-01-26-at-12.15.49-PM-1024x576.jpeg\" alt=\"\" class=\"wp-image-12311\" srcset=\"https:\/\/prensa.sma.gob.ar\/wp-content\/uploads\/2026\/01\/WhatsApp-Image-2026-01-26-at-12.15.49-PM-1024x576.jpeg 1024w, https:\/\/prensa.sma.gob.ar\/wp-content\/uploads\/2026\/01\/WhatsApp-Image-2026-01-26-at-12.15.49-PM-300x169.jpeg 300w, https:\/\/prensa.sma.gob.ar\/wp-content\/uploads\/2026\/01\/WhatsApp-Image-2026-01-26-at-12.15.49-PM-768x432.jpeg 768w, https:\/\/prensa.sma.gob.ar\/wp-content\/uploads\/2026\/01\/WhatsApp-Image-2026-01-26-at-12.15.49-PM-747x420.jpeg 747w, https:\/\/prensa.sma.gob.ar\/wp-content\/uploads\/2026\/01\/WhatsApp-Image-2026-01-26-at-12.15.49-PM-696x392.jpeg 696w, https:\/\/prensa.sma.gob.ar\/wp-content\/uploads\/2026\/01\/WhatsApp-Image-2026-01-26-at-12.15.49-PM-1068x601.jpeg 1068w, https:\/\/prensa.sma.gob.ar\/wp-content\/uploads\/2026\/01\/WhatsApp-Image-2026-01-26-at-12.15.49-PM.jpeg 1280w\" sizes=\"auto, (max-width: 1024px) 100vw, 1024px\" \/><\/figure>\n\n\n\n<figure class=\"wp-block-image size-large\"><img loading=\"lazy\" decoding=\"async\" width=\"1024\" height=\"576\" data-id=\"12310\" src=\"https:\/\/prensa.sma.gob.ar\/wp-content\/uploads\/2026\/01\/WhatsApp-Image-2026-01-26-at-12.15.49-PM1-1024x576.jpeg\" alt=\"\" class=\"wp-image-12310\" srcset=\"https:\/\/prensa.sma.gob.ar\/wp-content\/uploads\/2026\/01\/WhatsApp-Image-2026-01-26-at-12.15.49-PM1-1024x576.jpeg 1024w, https:\/\/prensa.sma.gob.ar\/wp-content\/uploads\/2026\/01\/WhatsApp-Image-2026-01-26-at-12.15.49-PM1-300x169.jpeg 300w, https:\/\/prensa.sma.gob.ar\/wp-content\/uploads\/2026\/01\/WhatsApp-Image-2026-01-26-at-12.15.49-PM1-768x432.jpeg 768w, https:\/\/prensa.sma.gob.ar\/wp-content\/uploads\/2026\/01\/WhatsApp-Image-2026-01-26-at-12.15.49-PM1-747x420.jpeg 747w, https:\/\/prensa.sma.gob.ar\/wp-content\/uploads\/2026\/01\/WhatsApp-Image-2026-01-26-at-12.15.49-PM1-696x392.jpeg 696w, https:\/\/prensa.sma.gob.ar\/wp-content\/uploads\/2026\/01\/WhatsApp-Image-2026-01-26-at-12.15.49-PM1-1068x601.jpeg 1068w, https:\/\/prensa.sma.gob.ar\/wp-content\/uploads\/2026\/01\/WhatsApp-Image-2026-01-26-at-12.15.49-PM1.jpeg 1280w\" sizes=\"auto, (max-width: 1024px) 100vw, 1024px\" \/><\/figure>\n\n\n\n<figure class=\"wp-block-image size-large\"><img loading=\"lazy\" decoding=\"async\" width=\"1024\" height=\"576\" data-id=\"12308\" src=\"https:\/\/prensa.sma.gob.ar\/wp-content\/uploads\/2026\/01\/WhatsApp-Image-2026-01-26-at-12.15.49-PM3-1024x576.jpeg\" alt=\"\" class=\"wp-image-12308\" srcset=\"https:\/\/prensa.sma.gob.ar\/wp-content\/uploads\/2026\/01\/WhatsApp-Image-2026-01-26-at-12.15.49-PM3-1024x576.jpeg 1024w, https:\/\/prensa.sma.gob.ar\/wp-content\/uploads\/2026\/01\/WhatsApp-Image-2026-01-26-at-12.15.49-PM3-300x169.jpeg 300w, https:\/\/prensa.sma.gob.ar\/wp-content\/uploads\/2026\/01\/WhatsApp-Image-2026-01-26-at-12.15.49-PM3-768x432.jpeg 768w, https:\/\/prensa.sma.gob.ar\/wp-content\/uploads\/2026\/01\/WhatsApp-Image-2026-01-26-at-12.15.49-PM3-747x420.jpeg 747w, https:\/\/prensa.sma.gob.ar\/wp-content\/uploads\/2026\/01\/WhatsApp-Image-2026-01-26-at-12.15.49-PM3-696x392.jpeg 696w, https:\/\/prensa.sma.gob.ar\/wp-content\/uploads\/2026\/01\/WhatsApp-Image-2026-01-26-at-12.15.49-PM3-1068x601.jpeg 1068w, https:\/\/prensa.sma.gob.ar\/wp-content\/uploads\/2026\/01\/WhatsApp-Image-2026-01-26-at-12.15.49-PM3.jpeg 1280w\" sizes=\"auto, (max-width: 1024px) 100vw, 1024px\" \/><\/figure>\n<\/figure>\n","protected":false},"excerpt":{"rendered":"<p>La ministra de Infraestructura de la provincia de Neuqu\u00e9n, Tanya Bertoldi, inform\u00f3 al intendente Carlos Saloniti detalles del proyecto que anunci\u00f3 el Gobierno provincial para mejorar los accesos al centro de la ciudad. La iniciativa, tal como anunci\u00f3 el gobernador, Rolando Figueroa, incluye la pavimentaci\u00f3n de los callejones de Gingins y de Torres y la [&hellip;]<\/p>\n","protected":false},"author":2,"featured_media":12309,"comment_status":"closed","ping_status":"open","sticky":false,"template":"","format":"standard","meta":{"footnotes":""},"categories":[16,14,19,17],"tags":[],"class_list":{"0":"post-12307","1":"post","2":"type-post","3":"status-publish","4":"format-standard","5":"has-post-thumbnail","7":"category-destacadas","8":"category-noticias","9":"category-obras-y-servicios-publicos","10":"category-portada"},"_links":{"self":[{"href":"https:\/\/prensa.sma.gob.ar\/index.php?rest_route=\/wp\/v2\/posts\/12307","targetHints":{"allow":["GET"]}}],"collection":[{"href":"https:\/\/prensa.sma.gob.ar\/index.php?rest_route=\/wp\/v2\/posts"}],"about":[{"href":"https:\/\/prensa.sma.gob.ar\/index.php?rest_route=\/wp\/v2\/types\/post"}],"author":[{"embeddable":true,"href":"https:\/\/prensa.sma.gob.ar\/index.php?rest_route=\/wp\/v2\/users\/2"}],"replies":[{"embeddable":true,"href":"https:\/\/prensa.sma.gob.ar\/index.php?rest_route=%2Fwp%2Fv2%2Fcomments&post=12307"}],"version-history":[{"count":4,"href":"https:\/\/prensa.sma.gob.ar\/index.php?rest_route=\/wp\/v2\/posts\/12307\/revisions"}],"predecessor-version":[{"id":12342,"href":"https:\/\/prensa.sma.gob.ar\/index.php?rest_route=\/wp\/v2\/posts\/12307\/revisions\/12342"}],"wp:featuredmedia":[{"embeddable":true,"href":"https:\/\/prensa.sma.gob.ar\/index.php?rest_route=\/wp\/v2\/media\/12309"}],"wp:attachment":[{"href":"https:\/\/prensa.sma.gob.ar\/index.php?rest_route=%2Fwp%2Fv2%2Fmedia&parent=12307"}],"wp:term":[{"taxonomy":"category","embeddable":true,"href":"https:\/\/prensa.sma.gob.ar\/index.php?rest_route=%2Fwp%2Fv2%2Fcategories&post=12307"},{"taxonomy":"post_tag","embeddable":true,"href":"https:\/\/prensa.sma.gob.ar\/index.php?rest_route=%2Fwp%2Fv2%2Ftags&post=12307"}],"curies":[{"name":"wp","href":"https:\/\/api.w.org\/{rel}","templated":true}]}}