{"id":12315,"date":"2026-01-27T12:32:45","date_gmt":"2026-01-27T12:32:45","guid":{"rendered":"https:\/\/prensa.sma.gob.ar\/?p=12315"},"modified":"2026-01-27T12:32:47","modified_gmt":"2026-01-27T12:32:47","slug":"provincia-y-municipio-acuerdan-ejes-de-trabajo-para-este-ano-en-materia-de-deporte-barrial-y-comunitario","status":"publish","type":"post","link":"https:\/\/prensa.sma.gob.ar\/?p=12315","title":{"rendered":"Provincia y Municipio acuerdan ejes de trabajo para este a\u00f1o en materia de deporte barrial y comunitario"},"content":{"rendered":"\n<p>Funcionarios neuquinos recibieron al subsecretario de Deportes de San Mart\u00edn de los Andes, Mart\u00edn Betancur, para dise\u00f1ar las diferentes pol\u00edticas que aplicar\u00e1n Provincia y Municipio en el trabajo barrial y comunitario para este 2026.<\/p>\n\n\n\n<p>El desarrollo de pol\u00edticas comunitarias y para la juventud a trav\u00e9s del deporte es una de las acciones que promueve el Ministerio de Juventud, Deportes y Cultura de la provincia de Neuqu\u00e9n.<\/p>\n\n\n\n<p>Betancur fue recibido en la capital provincial por la subsecretaria de Juventud, Katherina Allende, y por el director general de Deporte Social y Comunitario, Alejandro Zambon (foto).<\/p>\n","protected":false},"excerpt":{"rendered":"<p>Funcionarios neuquinos recibieron al subsecretario de Deportes de San Mart\u00edn de los Andes, Mart\u00edn Betancur, para dise\u00f1ar las diferentes pol\u00edticas que aplicar\u00e1n Provincia y Municipio en el trabajo barrial y comunitario para este 2026. El desarrollo de pol\u00edticas comunitarias y para la juventud a trav\u00e9s del deporte es una de las acciones que promueve el [&hellip;]<\/p>\n","protected":false},"author":2,"featured_media":12316,"comment_status":"closed","ping_status":"open","sticky":false,"template":"","format":"standard","meta":{"footnotes":""},"categories":[7,16,14],"tags":[],"class_list":{"0":"post-12315","1":"post","2":"type-post","3":"status-publish","4":"format-standard","5":"has-post-thumbnail","7":"category-deportes","8":"category-destacadas","9":"category-noticias"},"_links":{"self":[{"href":"https:\/\/prensa.sma.gob.ar\/index.php?rest_route=\/wp\/v2\/posts\/12315","targetHints":{"allow":["GET"]}}],"collection":[{"href":"https:\/\/prensa.sma.gob.ar\/index.php?rest_route=\/wp\/v2\/posts"}],"about":[{"href":"https:\/\/prensa.sma.gob.ar\/index.php?rest_route=\/wp\/v2\/types\/post"}],"author":[{"embeddable":true,"href":"https:\/\/prensa.sma.gob.ar\/index.php?rest_route=\/wp\/v2\/users\/2"}],"replies":[{"embeddable":true,"href":"https:\/\/prensa.sma.gob.ar\/index.php?rest_route=%2Fwp%2Fv2%2Fcomments&post=12315"}],"version-history":[{"count":1,"href":"https:\/\/prensa.sma.gob.ar\/index.php?rest_route=\/wp\/v2\/posts\/12315\/revisions"}],"predecessor-version":[{"id":12317,"href":"https:\/\/prensa.sma.gob.ar\/index.php?rest_route=\/wp\/v2\/posts\/12315\/revisions\/12317"}],"wp:featuredmedia":[{"embeddable":true,"href":"https:\/\/prensa.sma.gob.ar\/index.php?rest_route=\/wp\/v2\/media\/12316"}],"wp:attachment":[{"href":"https:\/\/prensa.sma.gob.ar\/index.php?rest_route=%2Fwp%2Fv2%2Fmedia&parent=12315"}],"wp:term":[{"taxonomy":"category","embeddable":true,"href":"https:\/\/prensa.sma.gob.ar\/index.php?rest_route=%2Fwp%2Fv2%2Fcategories&post=12315"},{"taxonomy":"post_tag","embeddable":true,"href":"https:\/\/prensa.sma.gob.ar\/index.php?rest_route=%2Fwp%2Fv2%2Ftags&post=12315"}],"curies":[{"name":"wp","href":"https:\/\/api.w.org\/{rel}","templated":true}]}}