{"id":12320,"date":"2026-01-27T14:17:51","date_gmt":"2026-01-27T14:17:51","guid":{"rendered":"https:\/\/prensa.sma.gob.ar\/?p=12320"},"modified":"2026-01-27T14:17:52","modified_gmt":"2026-01-27T14:17:52","slug":"el-municipio-establecio-una-prorroga-del-vencimiento-de-los-impuestos-anuales-y-semestrales","status":"publish","type":"post","link":"https:\/\/prensa.sma.gob.ar\/?p=12320","title":{"rendered":"El Municipio estableci\u00f3 una pr\u00f3rroga del vencimiento de los impuestos anuales y semestrales"},"content":{"rendered":"\n<p>La Secretar\u00eda de Econom\u00eda y Finanzas inform\u00f3 que fue prorrogado hasta el viernes 30 de enero el vencimiento de los impuestos anuales y semestrales.<\/p>\n\n\n\n<p>A partir de ma\u00f1ana, martes, estar\u00e1n disponibles los recibos con el nuevo vencimiento, a los cuales se podr\u00e1 acceder mediante la APP, en el WhatsApp de Gesti\u00f3n de Cobranzas: 2972 432944; en las oficinas del Municipio; o en los dem\u00e1s canales habituales.<\/p>\n","protected":false},"excerpt":{"rendered":"<p>La Secretar\u00eda de Econom\u00eda y Finanzas inform\u00f3 que fue prorrogado hasta el viernes 30 de enero el vencimiento de los impuestos anuales y semestrales. A partir de ma\u00f1ana, martes, estar\u00e1n disponibles los recibos con el nuevo vencimiento, a los cuales se podr\u00e1 acceder mediante la APP, en el WhatsApp de Gesti\u00f3n de Cobranzas: 2972 432944; [&hellip;]<\/p>\n","protected":false},"author":2,"featured_media":12321,"comment_status":"closed","ping_status":"open","sticky":false,"template":"","format":"standard","meta":{"footnotes":""},"categories":[16,8,14],"tags":[],"class_list":{"0":"post-12320","1":"post","2":"type-post","3":"status-publish","4":"format-standard","5":"has-post-thumbnail","7":"category-destacadas","8":"category-economia","9":"category-noticias"},"_links":{"self":[{"href":"https:\/\/prensa.sma.gob.ar\/index.php?rest_route=\/wp\/v2\/posts\/12320","targetHints":{"allow":["GET"]}}],"collection":[{"href":"https:\/\/prensa.sma.gob.ar\/index.php?rest_route=\/wp\/v2\/posts"}],"about":[{"href":"https:\/\/prensa.sma.gob.ar\/index.php?rest_route=\/wp\/v2\/types\/post"}],"author":[{"embeddable":true,"href":"https:\/\/prensa.sma.gob.ar\/index.php?rest_route=\/wp\/v2\/users\/2"}],"replies":[{"embeddable":true,"href":"https:\/\/prensa.sma.gob.ar\/index.php?rest_route=%2Fwp%2Fv2%2Fcomments&post=12320"}],"version-history":[{"count":1,"href":"https:\/\/prensa.sma.gob.ar\/index.php?rest_route=\/wp\/v2\/posts\/12320\/revisions"}],"predecessor-version":[{"id":12322,"href":"https:\/\/prensa.sma.gob.ar\/index.php?rest_route=\/wp\/v2\/posts\/12320\/revisions\/12322"}],"wp:featuredmedia":[{"embeddable":true,"href":"https:\/\/prensa.sma.gob.ar\/index.php?rest_route=\/wp\/v2\/media\/12321"}],"wp:attachment":[{"href":"https:\/\/prensa.sma.gob.ar\/index.php?rest_route=%2Fwp%2Fv2%2Fmedia&parent=12320"}],"wp:term":[{"taxonomy":"category","embeddable":true,"href":"https:\/\/prensa.sma.gob.ar\/index.php?rest_route=%2Fwp%2Fv2%2Fcategories&post=12320"},{"taxonomy":"post_tag","embeddable":true,"href":"https:\/\/prensa.sma.gob.ar\/index.php?rest_route=%2Fwp%2Fv2%2Ftags&post=12320"}],"curies":[{"name":"wp","href":"https:\/\/api.w.org\/{rel}","templated":true}]}}