{"id":12323,"date":"2026-01-27T14:27:30","date_gmt":"2026-01-27T14:27:30","guid":{"rendered":"https:\/\/prensa.sma.gob.ar\/?p=12323"},"modified":"2026-01-27T14:27:31","modified_gmt":"2026-01-27T14:27:31","slug":"se-abren-las-inscripciones-para-segunda-edicion-de-la-noche-de-las-artes","status":"publish","type":"post","link":"https:\/\/prensa.sma.gob.ar\/?p=12323","title":{"rendered":"Se abren las inscripciones para segunda edici\u00f3n de La Noche de las Artes"},"content":{"rendered":"\n<p>El domingo 22 de febrero se realizar\u00e1 la segunda Noche de las Artes de este verano 2026. La Avenida San Mart\u00edn volver\u00e1 a convertirse en una gran peatonal cultural, con m\u00faltiples presentaciones esc\u00e9nicas y espacios expositivos. Ser\u00e1 una verdadera fiesta del arte callejero, con propuestas para todos los gustos y edades.<\/p>\n\n\n\n<p>\u00a1ATENCI\u00d3N ARTISTAS INTERESADOS EN PARTICIPAR!: las inscripciones se realizar\u00e1n en la Secretar\u00eda de Cultura (Cap. Drury 665), los d\u00edas h\u00e1biles, desde el mi\u00e9rcoles 28 de enero hasta el martes 10 de febrero, de 8:00 a 15:00hs.<\/p>\n\n\n\n<p>La convocatoria est\u00e1 destinada a los siguientes rubros: artes pl\u00e1sticas, fotograf\u00eda, producciones audiovisuales, m\u00fasica, danzas, teatro, circo, t\u00edteres, bibliotecas, librer\u00edas y editoriales, y artes y oficios.<\/p>\n\n\n\n<p>Para la categor\u00eda \u201cartes y oficios\u201d se establece un cupo m\u00e1ximo de 130 espacios expositivos.<\/p>\n\n\n\n<p>Asimismo, habr\u00e1 un cupo m\u00e1ximo de 85 \u201cpresentaciones esc\u00e9nicas\u201d.<\/p>\n\n\n\n<p>Importante: los grupos que hagan \u201cpresentaciones esc\u00e9nicas\u201d y deseen actuar en un mismo espacio f\u00edsico, uno a continuaci\u00f3n de otro (porque comparten sonido o por cualquier otra raz\u00f3n), deber\u00e1n presentarse juntos al momento de hacer la inscripci\u00f3n.<\/p>\n\n\n\n<p>Para la modalidad \u201cen continuado\u201d se aceptar\u00e1n un m\u00e1ximo de cuatro presentaciones esc\u00e9nicas.<\/p>\n\n\n\n<p>Para m\u00e1s informaci\u00f3n comunicarse al (02972) 427-315 int. 361, de lunes a viernes, de 8 a 15hs.<\/p>\n","protected":false},"excerpt":{"rendered":"<p>El domingo 22 de febrero se realizar\u00e1 la segunda Noche de las Artes de este verano 2026. La Avenida San Mart\u00edn volver\u00e1 a convertirse en una gran peatonal cultural, con m\u00faltiples presentaciones esc\u00e9nicas y espacios expositivos. Ser\u00e1 una verdadera fiesta del arte callejero, con propuestas para todos los gustos y edades. \u00a1ATENCI\u00d3N ARTISTAS INTERESADOS EN [&hellip;]<\/p>\n","protected":false},"author":2,"featured_media":12324,"comment_status":"closed","ping_status":"open","sticky":false,"template":"","format":"standard","meta":{"footnotes":""},"categories":[5,16,14],"tags":[],"class_list":{"0":"post-12323","1":"post","2":"type-post","3":"status-publish","4":"format-standard","5":"has-post-thumbnail","7":"category-cultura","8":"category-destacadas","9":"category-noticias"},"_links":{"self":[{"href":"https:\/\/prensa.sma.gob.ar\/index.php?rest_route=\/wp\/v2\/posts\/12323","targetHints":{"allow":["GET"]}}],"collection":[{"href":"https:\/\/prensa.sma.gob.ar\/index.php?rest_route=\/wp\/v2\/posts"}],"about":[{"href":"https:\/\/prensa.sma.gob.ar\/index.php?rest_route=\/wp\/v2\/types\/post"}],"author":[{"embeddable":true,"href":"https:\/\/prensa.sma.gob.ar\/index.php?rest_route=\/wp\/v2\/users\/2"}],"replies":[{"embeddable":true,"href":"https:\/\/prensa.sma.gob.ar\/index.php?rest_route=%2Fwp%2Fv2%2Fcomments&post=12323"}],"version-history":[{"count":1,"href":"https:\/\/prensa.sma.gob.ar\/index.php?rest_route=\/wp\/v2\/posts\/12323\/revisions"}],"predecessor-version":[{"id":12325,"href":"https:\/\/prensa.sma.gob.ar\/index.php?rest_route=\/wp\/v2\/posts\/12323\/revisions\/12325"}],"wp:featuredmedia":[{"embeddable":true,"href":"https:\/\/prensa.sma.gob.ar\/index.php?rest_route=\/wp\/v2\/media\/12324"}],"wp:attachment":[{"href":"https:\/\/prensa.sma.gob.ar\/index.php?rest_route=%2Fwp%2Fv2%2Fmedia&parent=12323"}],"wp:term":[{"taxonomy":"category","embeddable":true,"href":"https:\/\/prensa.sma.gob.ar\/index.php?rest_route=%2Fwp%2Fv2%2Fcategories&post=12323"},{"taxonomy":"post_tag","embeddable":true,"href":"https:\/\/prensa.sma.gob.ar\/index.php?rest_route=%2Fwp%2Fv2%2Ftags&post=12323"}],"curies":[{"name":"wp","href":"https:\/\/api.w.org\/{rel}","templated":true}]}}