{"id":12326,"date":"2026-01-27T16:46:18","date_gmt":"2026-01-27T16:46:18","guid":{"rendered":"https:\/\/prensa.sma.gob.ar\/?p=12326"},"modified":"2026-01-27T16:46:20","modified_gmt":"2026-01-27T16:46:20","slug":"el-intendente-saloniti-confirmo-nuevas-obras-para-extender-la-senda-paralela-a-la-ruta-nacional-40","status":"publish","type":"post","link":"https:\/\/prensa.sma.gob.ar\/?p=12326","title":{"rendered":"El intendente Saloniti confirm\u00f3 nuevas obras para extender la senda paralela a la Ruta Nacional 40"},"content":{"rendered":"\n<p>El jefe comunal asegur\u00f3 que la pr\u00f3xima etapa de la senda para bicicletas y peatones comenzar\u00e1 en la entrada a Ruca Hue y se construir\u00e1 hacia Vega Maip\u00fa, sobre mano derecha en el sentido hacia el centro de la ciudad.<\/p>\n\n\n\n<p>Saloniti recorri\u00f3 este martes la senda que el Municipio construye entre Villa Paur y callej\u00f3n de Bello, que ya est\u00e1 hormigonada en la mayor parte de sus casi 540 metros de extensi\u00f3n.<\/p>\n\n\n\n<p>El intendente afirm\u00f3 que, esta obra y las etapas proyectadas, se complementan con los proyectos urban\u00edsticos impulsados por el Gobierno de la provincia de Neuqu\u00e9n.<\/p>\n\n\n\n<figure class=\"wp-block-gallery has-nested-images columns-default is-cropped wp-block-gallery-1 is-layout-flex wp-block-gallery-is-layout-flex\">\n<figure class=\"wp-block-image size-large\"><img loading=\"lazy\" decoding=\"async\" width=\"1024\" height=\"576\" data-id=\"12330\" src=\"https:\/\/prensa.sma.gob.ar\/wp-content\/uploads\/2026\/01\/WhatsApp-Image-2026-01-27-at-12.54.25-PM-1024x576.jpeg\" alt=\"\" class=\"wp-image-12330\" srcset=\"https:\/\/prensa.sma.gob.ar\/wp-content\/uploads\/2026\/01\/WhatsApp-Image-2026-01-27-at-12.54.25-PM-1024x576.jpeg 1024w, https:\/\/prensa.sma.gob.ar\/wp-content\/uploads\/2026\/01\/WhatsApp-Image-2026-01-27-at-12.54.25-PM-300x169.jpeg 300w, https:\/\/prensa.sma.gob.ar\/wp-content\/uploads\/2026\/01\/WhatsApp-Image-2026-01-27-at-12.54.25-PM-768x432.jpeg 768w, https:\/\/prensa.sma.gob.ar\/wp-content\/uploads\/2026\/01\/WhatsApp-Image-2026-01-27-at-12.54.25-PM-747x420.jpeg 747w, https:\/\/prensa.sma.gob.ar\/wp-content\/uploads\/2026\/01\/WhatsApp-Image-2026-01-27-at-12.54.25-PM-696x392.jpeg 696w, https:\/\/prensa.sma.gob.ar\/wp-content\/uploads\/2026\/01\/WhatsApp-Image-2026-01-27-at-12.54.25-PM-1068x601.jpeg 1068w, https:\/\/prensa.sma.gob.ar\/wp-content\/uploads\/2026\/01\/WhatsApp-Image-2026-01-27-at-12.54.25-PM.jpeg 1280w\" sizes=\"auto, (max-width: 1024px) 100vw, 1024px\" \/><\/figure>\n\n\n\n<figure class=\"wp-block-image size-large\"><img loading=\"lazy\" decoding=\"async\" width=\"1024\" height=\"576\" data-id=\"12329\" src=\"https:\/\/prensa.sma.gob.ar\/wp-content\/uploads\/2026\/01\/WhatsApp-Image-2026-01-27-at-12.54.26-PM1-1024x576.jpeg\" alt=\"\" class=\"wp-image-12329\" srcset=\"https:\/\/prensa.sma.gob.ar\/wp-content\/uploads\/2026\/01\/WhatsApp-Image-2026-01-27-at-12.54.26-PM1-1024x576.jpeg 1024w, https:\/\/prensa.sma.gob.ar\/wp-content\/uploads\/2026\/01\/WhatsApp-Image-2026-01-27-at-12.54.26-PM1-300x169.jpeg 300w, https:\/\/prensa.sma.gob.ar\/wp-content\/uploads\/2026\/01\/WhatsApp-Image-2026-01-27-at-12.54.26-PM1-768x432.jpeg 768w, https:\/\/prensa.sma.gob.ar\/wp-content\/uploads\/2026\/01\/WhatsApp-Image-2026-01-27-at-12.54.26-PM1-747x420.jpeg 747w, https:\/\/prensa.sma.gob.ar\/wp-content\/uploads\/2026\/01\/WhatsApp-Image-2026-01-27-at-12.54.26-PM1-696x392.jpeg 696w, https:\/\/prensa.sma.gob.ar\/wp-content\/uploads\/2026\/01\/WhatsApp-Image-2026-01-27-at-12.54.26-PM1-1068x601.jpeg 1068w, https:\/\/prensa.sma.gob.ar\/wp-content\/uploads\/2026\/01\/WhatsApp-Image-2026-01-27-at-12.54.26-PM1.jpeg 1280w\" sizes=\"auto, (max-width: 1024px) 100vw, 1024px\" \/><\/figure>\n\n\n\n<figure class=\"wp-block-image size-large\"><img loading=\"lazy\" decoding=\"async\" width=\"1024\" height=\"576\" data-id=\"12328\" src=\"https:\/\/prensa.sma.gob.ar\/wp-content\/uploads\/2026\/01\/WhatsApp-Image-2026-01-27-at-12.54.26-PM2-1024x576.jpeg\" alt=\"\" class=\"wp-image-12328\" srcset=\"https:\/\/prensa.sma.gob.ar\/wp-content\/uploads\/2026\/01\/WhatsApp-Image-2026-01-27-at-12.54.26-PM2-1024x576.jpeg 1024w, https:\/\/prensa.sma.gob.ar\/wp-content\/uploads\/2026\/01\/WhatsApp-Image-2026-01-27-at-12.54.26-PM2-300x169.jpeg 300w, https:\/\/prensa.sma.gob.ar\/wp-content\/uploads\/2026\/01\/WhatsApp-Image-2026-01-27-at-12.54.26-PM2-768x432.jpeg 768w, https:\/\/prensa.sma.gob.ar\/wp-content\/uploads\/2026\/01\/WhatsApp-Image-2026-01-27-at-12.54.26-PM2-747x420.jpeg 747w, https:\/\/prensa.sma.gob.ar\/wp-content\/uploads\/2026\/01\/WhatsApp-Image-2026-01-27-at-12.54.26-PM2-696x392.jpeg 696w, https:\/\/prensa.sma.gob.ar\/wp-content\/uploads\/2026\/01\/WhatsApp-Image-2026-01-27-at-12.54.26-PM2-1068x601.jpeg 1068w, https:\/\/prensa.sma.gob.ar\/wp-content\/uploads\/2026\/01\/WhatsApp-Image-2026-01-27-at-12.54.26-PM2.jpeg 1280w\" sizes=\"auto, (max-width: 1024px) 100vw, 1024px\" \/><\/figure>\n<\/figure>\n\n\n\n<figure class=\"wp-block-embed is-type-video is-provider-youtube wp-block-embed-youtube wp-embed-aspect-16-9 wp-has-aspect-ratio\"><div class=\"wp-block-embed__wrapper\">\n<div class=\"youtube-embed\" data-video_id=\"ZSqGPQKTW3Q\"><iframe loading=\"lazy\" title=\"Carlos Saloniti confirm\u00f3 nuevas obras para extender la senda paralela a la ruta 40\" width=\"696\" height=\"392\" src=\"https:\/\/www.youtube.com\/embed\/ZSqGPQKTW3Q?feature=oembed&#038;enablejsapi=1\" frameborder=\"0\" allow=\"accelerometer; autoplay; clipboard-write; encrypted-media; gyroscope; picture-in-picture; web-share\" referrerpolicy=\"strict-origin-when-cross-origin\" allowfullscreen><\/iframe><\/div>\n<\/div><\/figure>\n","protected":false},"excerpt":{"rendered":"<p>El jefe comunal asegur\u00f3 que la pr\u00f3xima etapa de la senda para bicicletas y peatones comenzar\u00e1 en la entrada a Ruca Hue y se construir\u00e1 hacia Vega Maip\u00fa, sobre mano derecha en el sentido hacia el centro de la ciudad. Saloniti recorri\u00f3 este martes la senda que el Municipio construye entre Villa Paur y callej\u00f3n [&hellip;]<\/p>\n","protected":false},"author":2,"featured_media":12327,"comment_status":"closed","ping_status":"open","sticky":false,"template":"","format":"standard","meta":{"footnotes":""},"categories":[16,14,19,17],"tags":[],"class_list":{"0":"post-12326","1":"post","2":"type-post","3":"status-publish","4":"format-standard","5":"has-post-thumbnail","7":"category-destacadas","8":"category-noticias","9":"category-obras-y-servicios-publicos","10":"category-portada"},"_links":{"self":[{"href":"https:\/\/prensa.sma.gob.ar\/index.php?rest_route=\/wp\/v2\/posts\/12326","targetHints":{"allow":["GET"]}}],"collection":[{"href":"https:\/\/prensa.sma.gob.ar\/index.php?rest_route=\/wp\/v2\/posts"}],"about":[{"href":"https:\/\/prensa.sma.gob.ar\/index.php?rest_route=\/wp\/v2\/types\/post"}],"author":[{"embeddable":true,"href":"https:\/\/prensa.sma.gob.ar\/index.php?rest_route=\/wp\/v2\/users\/2"}],"replies":[{"embeddable":true,"href":"https:\/\/prensa.sma.gob.ar\/index.php?rest_route=%2Fwp%2Fv2%2Fcomments&post=12326"}],"version-history":[{"count":1,"href":"https:\/\/prensa.sma.gob.ar\/index.php?rest_route=\/wp\/v2\/posts\/12326\/revisions"}],"predecessor-version":[{"id":12331,"href":"https:\/\/prensa.sma.gob.ar\/index.php?rest_route=\/wp\/v2\/posts\/12326\/revisions\/12331"}],"wp:featuredmedia":[{"embeddable":true,"href":"https:\/\/prensa.sma.gob.ar\/index.php?rest_route=\/wp\/v2\/media\/12327"}],"wp:attachment":[{"href":"https:\/\/prensa.sma.gob.ar\/index.php?rest_route=%2Fwp%2Fv2%2Fmedia&parent=12326"}],"wp:term":[{"taxonomy":"category","embeddable":true,"href":"https:\/\/prensa.sma.gob.ar\/index.php?rest_route=%2Fwp%2Fv2%2Fcategories&post=12326"},{"taxonomy":"post_tag","embeddable":true,"href":"https:\/\/prensa.sma.gob.ar\/index.php?rest_route=%2Fwp%2Fv2%2Ftags&post=12326"}],"curies":[{"name":"wp","href":"https:\/\/api.w.org\/{rel}","templated":true}]}}