{"id":12332,"date":"2026-01-28T00:22:38","date_gmt":"2026-01-28T00:22:38","guid":{"rendered":"https:\/\/prensa.sma.gob.ar\/?p=12332"},"modified":"2026-01-28T00:35:10","modified_gmt":"2026-01-28T00:35:10","slug":"llega-a-san-martin-de-los-andes-la-propuesta-educativa-expedicion-tecnologica","status":"publish","type":"post","link":"https:\/\/prensa.sma.gob.ar\/?p=12332","title":{"rendered":"Llega a San Mart\u00edn de los Andes la propuesta educativa Expedici\u00f3n Tecnol\u00f3gica"},"content":{"rendered":"\n<p>El Ministerio de Educaci\u00f3n de la provincia de Neuqu\u00e9n recorre sus regiones con una propuesta educativa al aire libre para ni\u00f1as, ni\u00f1os y j\u00f3venes de 5 a 18 a\u00f1os: Expedici\u00f3n Tecnol\u00f3gica, una actividad que se presentar\u00e1 en San Mart\u00edn de los Andes los d\u00edas 11 y 12 de febrero, de 16:00 a 20:00 horas, en la plaza San Mart\u00edn.<\/p>\n\n\n\n<p>A trav\u00e9s de distintas estaciones, las y los participantes podr\u00e1n conocer y experimentar con rob\u00f3tica y programaci\u00f3n: placas micro:bit, kits Creabot, Codit y otros dispositivos.<\/p>\n\n\n\n<p>Expedici\u00f3n Tecnol\u00f3gica, organizada por la Subsecretar\u00eda de Tecnolog\u00eda Educativa y Modernizaci\u00f3n del Ministerio de Educaci\u00f3n, busca la sensibilizaci\u00f3n y apropiaci\u00f3n de Tecnolog\u00edas Educativas en tiempos de una acelerada transformaci\u00f3n digital y ante la implementaci\u00f3n progresiva en toda la provincia del Plan Pehu\u00e9n, un programa orientado a profundizar el desarrollo de habilidades digitales aplicados a los procesos de ense\u00f1anza.<\/p>\n\n\n\n<p>La Expedici\u00f3n Tecnol\u00f3gica surge como una propuesta territorial e itinerante que busca sensibilizar, acercar y democratizar el acceso a tecnolog\u00edas educativas emergentes, promoviendo el desarrollo de competencias clave para el siglo XXI, tales como el pensamiento computacional, la programaci\u00f3n, la rob\u00f3tica educativa, el trabajo colaborativo y la comunicaci\u00f3n efectiva.<\/p>\n\n\n\n<p>La iniciativa se orienta a generar experiencias significativas de aprendizaje, anticipando herramientas y metodolog\u00edas que ser\u00e1n parte del ecosistema educativo provincial, fortaleciendo as\u00ed los procesos de innovaci\u00f3n pedag\u00f3gica y la inclusi\u00f3n digital desde edades tempranas.<\/p>\n\n\n\n<p>Entre los objetivos, se destaca sensibilizar y promover el uso pedag\u00f3gico de tecnolog\u00edas emergentes en las aulas neuquinas, anticipando los recursos y enfoques que se implementar\u00e1n en el marco del Plan Pehu\u00e9n desde este a\u00f1o.<\/p>\n\n\n\n<p>Tambi\u00e9n busca introducir a ni\u00f1os, ni\u00f1as y j\u00f3venes en los conceptos b\u00e1sicos de programaci\u00f3n, rob\u00f3tica y pensamiento computacional; fomentar habilidades transversales como el trabajo en equipo, la resoluci\u00f3n de problemas, la creatividad y la comunicaci\u00f3n y brindar experiencias pr\u00e1cticas con dispositivos tecnol\u00f3gicos educativos.<\/p>\n\n\n\n<p>La Expedici\u00f3n Tecnol\u00f3gica se desarrolla mediante stands interactivos itinerantes, montados en cada localidad visitada por el Equipo de Innovaci\u00f3n y Contenidos Digitales. Cada stand ofrecer\u00e1 actividades pr\u00e1cticas y l\u00fadicas vinculadas a: Programaci\u00f3n visual y por bloques; Rob\u00f3tica educativa; Resoluci\u00f3n de desaf\u00edos tecnol\u00f3gicos; Pensamiento l\u00f3gico y computacional.<\/p>\n\n\n\n<figure class=\"wp-block-gallery has-nested-images columns-default is-cropped wp-block-gallery-1 is-layout-flex wp-block-gallery-is-layout-flex\">\n<figure class=\"wp-block-image size-large\"><img loading=\"lazy\" decoding=\"async\" width=\"782\" height=\"1024\" data-id=\"12334\" src=\"https:\/\/prensa.sma.gob.ar\/wp-content\/uploads\/2026\/01\/WhatsApp-Image-2026-01-27-at-3.50.40-PM-782x1024.jpeg\" alt=\"\" class=\"wp-image-12334\" srcset=\"https:\/\/prensa.sma.gob.ar\/wp-content\/uploads\/2026\/01\/WhatsApp-Image-2026-01-27-at-3.50.40-PM-782x1024.jpeg 782w, https:\/\/prensa.sma.gob.ar\/wp-content\/uploads\/2026\/01\/WhatsApp-Image-2026-01-27-at-3.50.40-PM-229x300.jpeg 229w, https:\/\/prensa.sma.gob.ar\/wp-content\/uploads\/2026\/01\/WhatsApp-Image-2026-01-27-at-3.50.40-PM-768x1006.jpeg 768w, https:\/\/prensa.sma.gob.ar\/wp-content\/uploads\/2026\/01\/WhatsApp-Image-2026-01-27-at-3.50.40-PM-321x420.jpeg 321w, https:\/\/prensa.sma.gob.ar\/wp-content\/uploads\/2026\/01\/WhatsApp-Image-2026-01-27-at-3.50.40-PM-696x912.jpeg 696w, https:\/\/prensa.sma.gob.ar\/wp-content\/uploads\/2026\/01\/WhatsApp-Image-2026-01-27-at-3.50.40-PM.jpeg 1030w\" sizes=\"auto, (max-width: 782px) 100vw, 782px\" \/><\/figure>\n\n\n\n<figure class=\"wp-block-image size-large\"><img loading=\"lazy\" decoding=\"async\" width=\"750\" height=\"945\" data-id=\"12333\" src=\"https:\/\/prensa.sma.gob.ar\/wp-content\/uploads\/2026\/01\/region-sur.jpg\" alt=\"\" class=\"wp-image-12333\" srcset=\"https:\/\/prensa.sma.gob.ar\/wp-content\/uploads\/2026\/01\/region-sur.jpg 750w, https:\/\/prensa.sma.gob.ar\/wp-content\/uploads\/2026\/01\/region-sur-238x300.jpg 238w, https:\/\/prensa.sma.gob.ar\/wp-content\/uploads\/2026\/01\/region-sur-333x420.jpg 333w, https:\/\/prensa.sma.gob.ar\/wp-content\/uploads\/2026\/01\/region-sur-696x877.jpg 696w\" sizes=\"auto, (max-width: 750px) 100vw, 750px\" \/><\/figure>\n<\/figure>\n","protected":false},"excerpt":{"rendered":"<p>El Ministerio de Educaci\u00f3n de la provincia de Neuqu\u00e9n recorre sus regiones con una propuesta educativa al aire libre para ni\u00f1as, ni\u00f1os y j\u00f3venes de 5 a 18 a\u00f1os: Expedici\u00f3n Tecnol\u00f3gica, una actividad que se presentar\u00e1 en San Mart\u00edn de los Andes los d\u00edas 11 y 12 de febrero, de 16:00 a 20:00 horas, en [&hellip;]<\/p>\n","protected":false},"author":2,"featured_media":12335,"comment_status":"closed","ping_status":"open","sticky":false,"template":"","format":"standard","meta":{"footnotes":""},"categories":[16,9,14],"tags":[],"class_list":{"0":"post-12332","1":"post","2":"type-post","3":"status-publish","4":"format-standard","5":"has-post-thumbnail","7":"category-destacadas","8":"category-educacion","9":"category-noticias"},"_links":{"self":[{"href":"https:\/\/prensa.sma.gob.ar\/index.php?rest_route=\/wp\/v2\/posts\/12332","targetHints":{"allow":["GET"]}}],"collection":[{"href":"https:\/\/prensa.sma.gob.ar\/index.php?rest_route=\/wp\/v2\/posts"}],"about":[{"href":"https:\/\/prensa.sma.gob.ar\/index.php?rest_route=\/wp\/v2\/types\/post"}],"author":[{"embeddable":true,"href":"https:\/\/prensa.sma.gob.ar\/index.php?rest_route=\/wp\/v2\/users\/2"}],"replies":[{"embeddable":true,"href":"https:\/\/prensa.sma.gob.ar\/index.php?rest_route=%2Fwp%2Fv2%2Fcomments&post=12332"}],"version-history":[{"count":2,"href":"https:\/\/prensa.sma.gob.ar\/index.php?rest_route=\/wp\/v2\/posts\/12332\/revisions"}],"predecessor-version":[{"id":12337,"href":"https:\/\/prensa.sma.gob.ar\/index.php?rest_route=\/wp\/v2\/posts\/12332\/revisions\/12337"}],"wp:featuredmedia":[{"embeddable":true,"href":"https:\/\/prensa.sma.gob.ar\/index.php?rest_route=\/wp\/v2\/media\/12335"}],"wp:attachment":[{"href":"https:\/\/prensa.sma.gob.ar\/index.php?rest_route=%2Fwp%2Fv2%2Fmedia&parent=12332"}],"wp:term":[{"taxonomy":"category","embeddable":true,"href":"https:\/\/prensa.sma.gob.ar\/index.php?rest_route=%2Fwp%2Fv2%2Fcategories&post=12332"},{"taxonomy":"post_tag","embeddable":true,"href":"https:\/\/prensa.sma.gob.ar\/index.php?rest_route=%2Fwp%2Fv2%2Ftags&post=12332"}],"curies":[{"name":"wp","href":"https:\/\/api.w.org\/{rel}","templated":true}]}}