{"id":12338,"date":"2026-01-28T12:15:47","date_gmt":"2026-01-28T12:15:47","guid":{"rendered":"https:\/\/prensa.sma.gob.ar\/?p=12338"},"modified":"2026-01-28T12:17:05","modified_gmt":"2026-01-28T12:17:05","slug":"primera-reunion-del-ano-de-la-subsecretaria-de-juntas-vecinales-con-el-grupo-coordinador-del-consejo-de-juntas-vecinales","status":"publish","type":"post","link":"https:\/\/prensa.sma.gob.ar\/?p=12338","title":{"rendered":"Primera reuni\u00f3n del a\u00f1o de la Subsecretar\u00eda de Juntas Vecinales con el Grupo Coordinador del Consejo de Juntas Vecinales"},"content":{"rendered":"\n<p>La subsecretaria de Juntas Vecinales, Lorena Gonz\u00e1lez, y representantes del Grupo Coordinador del Consejo de Juntas Vecinales, comenzaron a delinear la agenda de trabajo para este a\u00f1o, basada en el fomento al di\u00e1logo con las comisiones barriales, mejorar la participaci\u00f3n comunitaria y una mayor presencia en los barrios.<\/p>\n\n\n\n<p>Durante el encuentro, realizado en la oficina de la Subsecretar\u00eda, se abordaron los temas vinculados a las elecciones de las comisiones vecinales previstas para este a\u00f1o, la conformaci\u00f3n y renovaci\u00f3n de Juntas Vecinales, y la planificaci\u00f3n de reuniones institucionales con funcionarios municipales.<\/p>\n\n\n\n<p>All\u00ed se acord\u00f3 que el proceso electoral de renovaci\u00f3n de Juntas Vecinales comenzar\u00e1 entre febrero y marzo, priorizando aquellas juntas que se encuentran con mandato vencido o sin conformaci\u00f3n formal.<\/p>\n\n\n\n<p>Por el Grupo Coordinador del Consejo de Juntas Vecinales participaron Rosa Castillo, Juan Gattelli y Noelia Galdames.<\/p>\n\n\n\n<p>Durante la reuni\u00f3n se acord\u00f3 un cronograma de llamados a elecciones en base a una propuesta del Grupo Coordinador de realizar entre dos y tres comicios por mes, con el objetivo de regularizar progresivamente la totalidad de las juntas.<\/p>\n\n\n\n<p>La subsecretaria remarc\u00f3 la necesidad de promover la incorporaci\u00f3n al Grupo Coordinador del Consejo de Juntas Vecinales de representantes de comisiones barriales recientemente conformadas, para garantizar una representaci\u00f3n territorial amplia y participativa.<\/p>\n\n\n\n<p>Adem\u00e1s, Lorena Gonz\u00e1lez reafirm\u00f3 la importancia del rol que asume cada persona que integra una Comisi\u00f3n Vecinal, ya que es el nexo entre el Municipio y el barrio. Tambi\u00e9n destac\u00f3 que esos cargos electivos implican trabajo y compromiso vecinal, al asumir una responsabilidad basada en el trabajo conjunto entre el barrio y el Municipio.<\/p>\n\n\n\n<p>El Consejo de Juntas Vecinales inform\u00f3, luego del encuentro, que los representantes solicitaron reuniones con distintos funcionarios municipales, manteniendo la din\u00e1mica del a\u00f1o pasado, con el objetivo de abordar problem\u00e1ticas espec\u00edficas de los barrios y fortalecer el trabajo articulado con el Ejecutivo.<\/p>\n","protected":false},"excerpt":{"rendered":"<p>La subsecretaria de Juntas Vecinales, Lorena Gonz\u00e1lez, y representantes del Grupo Coordinador del Consejo de Juntas Vecinales, comenzaron a delinear la agenda de trabajo para este a\u00f1o, basada en el fomento al di\u00e1logo con las comisiones barriales, mejorar la participaci\u00f3n comunitaria y una mayor presencia en los barrios. Durante el encuentro, realizado en la oficina [&hellip;]<\/p>\n","protected":false},"author":2,"featured_media":12339,"comment_status":"closed","ping_status":"open","sticky":false,"template":"","format":"standard","meta":{"footnotes":""},"categories":[16,39,14],"tags":[],"class_list":{"0":"post-12338","1":"post","2":"type-post","3":"status-publish","4":"format-standard","5":"has-post-thumbnail","7":"category-destacadas","8":"category-subs-juntas-vecinales","9":"category-noticias"},"_links":{"self":[{"href":"https:\/\/prensa.sma.gob.ar\/index.php?rest_route=\/wp\/v2\/posts\/12338","targetHints":{"allow":["GET"]}}],"collection":[{"href":"https:\/\/prensa.sma.gob.ar\/index.php?rest_route=\/wp\/v2\/posts"}],"about":[{"href":"https:\/\/prensa.sma.gob.ar\/index.php?rest_route=\/wp\/v2\/types\/post"}],"author":[{"embeddable":true,"href":"https:\/\/prensa.sma.gob.ar\/index.php?rest_route=\/wp\/v2\/users\/2"}],"replies":[{"embeddable":true,"href":"https:\/\/prensa.sma.gob.ar\/index.php?rest_route=%2Fwp%2Fv2%2Fcomments&post=12338"}],"version-history":[{"count":1,"href":"https:\/\/prensa.sma.gob.ar\/index.php?rest_route=\/wp\/v2\/posts\/12338\/revisions"}],"predecessor-version":[{"id":12340,"href":"https:\/\/prensa.sma.gob.ar\/index.php?rest_route=\/wp\/v2\/posts\/12338\/revisions\/12340"}],"wp:featuredmedia":[{"embeddable":true,"href":"https:\/\/prensa.sma.gob.ar\/index.php?rest_route=\/wp\/v2\/media\/12339"}],"wp:attachment":[{"href":"https:\/\/prensa.sma.gob.ar\/index.php?rest_route=%2Fwp%2Fv2%2Fmedia&parent=12338"}],"wp:term":[{"taxonomy":"category","embeddable":true,"href":"https:\/\/prensa.sma.gob.ar\/index.php?rest_route=%2Fwp%2Fv2%2Fcategories&post=12338"},{"taxonomy":"post_tag","embeddable":true,"href":"https:\/\/prensa.sma.gob.ar\/index.php?rest_route=%2Fwp%2Fv2%2Ftags&post=12338"}],"curies":[{"name":"wp","href":"https:\/\/api.w.org\/{rel}","templated":true}]}}