{"id":12361,"date":"2026-01-31T12:44:54","date_gmt":"2026-01-31T12:44:54","guid":{"rendered":"https:\/\/prensa.sma.gob.ar\/?p=12361"},"modified":"2026-01-31T12:48:52","modified_gmt":"2026-01-31T12:48:52","slug":"recorridas-en-territorio-y-nuevos-convenios-en-el-marco-de-neuquen-habita","status":"publish","type":"post","link":"https:\/\/prensa.sma.gob.ar\/?p=12361","title":{"rendered":"Recorridas en territorio y nuevos convenios en el marco de Neuqu\u00e9n Habita"},"content":{"rendered":"\n<p>Funcionarios provinciales, encabezados por la ministra de Infraestructura, Tanya Bertoldi, y el intendente, Carlos Saloniti, firmaron nuevos convenios para el desarrollo urbano en San Mart\u00edn de los Andes. La visita incluy\u00f3 recorridas y reuniones con vecinas y vecinos y una agenda compartida con concejales, en el marco del programa Neuqu\u00e9n Habita y de <a href=\"https:\/\/prensa.sma.gob.ar\/?p=12307\"><strong>otras obras<\/strong><\/a> anunciadas por el Gobierno provincial para la ciudad.<\/p>\n\n\n\n<p>La ministra Bertoldi estuvo acompa\u00f1ada por la secretaria de Obras p\u00fablicas de la provincia, Mar\u00eda Eugenia Ferrareso; el presidente de la Unidad Provincial de Enlace y Ejecuci\u00f3n de Proyectos con Financiamiento Externo (UPEFE), Sebasti\u00e1n Gonz\u00e1lez; Gonzalo Peralta, coordinador del Ministerio de infraestructura; y Pablo Dietrich, presidente del ADUS IPVU.<\/p>\n\n\n\n<p>La Unidad Provincial de Enlace y Ejecuci\u00f3n de Proyectos con Financiamiento Externo (UPEFE) y el Municipio firmaron un convenio marco para la coordinaci\u00f3n institucional, cooperaci\u00f3n t\u00e9cnica y gesti\u00f3n financiera de obras que contribuyan al desarrollo urbano sostenible e inclusivo.<\/p>\n\n\n\n<p>El acuerdo asigna las responsabilidades de la UPEFE y del Municipio para la licitaci\u00f3n, contrataci\u00f3n, ejecuci\u00f3n y supervisi\u00f3n de obras, en funci\u00f3n de la financiaci\u00f3n que tendr\u00e1 cada proyecto, con fondos provistos por el Estado provincial.<\/p>\n\n\n\n<p>La vista de funcionarios provinciales incluy\u00f3 recorridas y conversaciones con vecinos de barrios que estar\u00e1n alcanzados por esta primera etapa del Programa Neuqu\u00e9n Habita: Cantera, El Tr\u00e9bol, Aitu\u00e9, Jardines de la Estepa y de la cooperativa Ruca Hue Che y de la mutual de personal del Epen, Amupepen.<\/p>\n\n\n\n<p>La ministra Bertoldi y los funcionarios que la acompa\u00f1aron tambi\u00e9n se reunieron con los concejales, con quienes analizaron las proyecciones para San Mart\u00edn de los Andes del plan provincial Neuqu\u00e9n Habita, que prev\u00e9 la generaci\u00f3n de 20.000 soluciones habitacionales.<\/p>\n\n\n\n<p>En el Concejo Deliberante, los funcionarios provinciales avanzaron en los aspectos administrativos necesarios para la ejecuci\u00f3n de las obras anunciadas por el gobernador Figueroa para la ciudad, entre ellas la pavimentaci\u00f3n de los callejones de Torres y Gingins y la construcci\u00f3n de tres rotondas sobre Ruta Nacional 40.<\/p>\n\n\n\n<p>En diciembre pasado, el intendente municipal, Carlos Saloniti, firm\u00f3 un convenio con el Gobierno de la provincia de Neuqu\u00e9n que beneficiar\u00e1 a 600 familias a trav\u00e9s de viviendas, lotes, servicios y urbanizaci\u00f3n.<\/p>\n\n\n\n<p>Este convenio incluye: construcci\u00f3n de 46 viviendas; ejecuci\u00f3n de 32 casas residenciales para adultos mayores; ejecuci\u00f3n de un proyecto de integraci\u00f3n socio-urbana para el barrio Cantera, que beneficiar\u00e1 a unas 300 familias; contrataci\u00f3n de un plan de mensura para 30 lotes urbanos; ejecuci\u00f3n de servicios para 261 lotes (futuro barrio Aitue).<\/p>\n\n\n\n<p>Tambi\u00e9n contempla regularizaci\u00f3n dominial de lotes de titularidad municipal en los que se encuentren viviendas construidas por el IPVU; y modificaci\u00f3n del marco normativo municipal para la construcci\u00f3n de viviendas multifamiliares que mejoren el acceso habitacional en San Mart\u00edn de los Andes.<\/p>\n\n\n\n<p>En este contexto del Programa Neuqu\u00e9n Habita, el gobernador de Neuqu\u00e9n, Rolando Figueroa, y el intendente municipal, Carlos Saloniti, encabezaron el \u00faltimo lunes la <a href=\"https:\/\/prensa.sma.gob.ar\/?p=12275\"><strong>entrega de escrituras<\/strong><\/a> a 36 familias de San Mart\u00edn de los Andes, con la presencia de las familias que recibieron la documentaci\u00f3n.<\/p>\n\n\n\n<figure class=\"wp-block-gallery has-nested-images columns-default is-cropped wp-block-gallery-1 is-layout-flex wp-block-gallery-is-layout-flex\">\n<figure class=\"wp-block-image size-large\"><img loading=\"lazy\" decoding=\"async\" width=\"1024\" height=\"576\" data-id=\"12371\" src=\"https:\/\/prensa.sma.gob.ar\/wp-content\/uploads\/2026\/01\/WhatsApp-Image-2026-01-29-at-2.02.45-PM-1024x576.jpeg\" alt=\"\" class=\"wp-image-12371\" srcset=\"https:\/\/prensa.sma.gob.ar\/wp-content\/uploads\/2026\/01\/WhatsApp-Image-2026-01-29-at-2.02.45-PM-1024x576.jpeg 1024w, https:\/\/prensa.sma.gob.ar\/wp-content\/uploads\/2026\/01\/WhatsApp-Image-2026-01-29-at-2.02.45-PM-300x169.jpeg 300w, https:\/\/prensa.sma.gob.ar\/wp-content\/uploads\/2026\/01\/WhatsApp-Image-2026-01-29-at-2.02.45-PM-768x432.jpeg 768w, https:\/\/prensa.sma.gob.ar\/wp-content\/uploads\/2026\/01\/WhatsApp-Image-2026-01-29-at-2.02.45-PM-1536x864.jpeg 1536w, https:\/\/prensa.sma.gob.ar\/wp-content\/uploads\/2026\/01\/WhatsApp-Image-2026-01-29-at-2.02.45-PM-747x420.jpeg 747w, https:\/\/prensa.sma.gob.ar\/wp-content\/uploads\/2026\/01\/WhatsApp-Image-2026-01-29-at-2.02.45-PM-696x392.jpeg 696w, https:\/\/prensa.sma.gob.ar\/wp-content\/uploads\/2026\/01\/WhatsApp-Image-2026-01-29-at-2.02.45-PM-1068x601.jpeg 1068w, https:\/\/prensa.sma.gob.ar\/wp-content\/uploads\/2026\/01\/WhatsApp-Image-2026-01-29-at-2.02.45-PM.jpeg 1600w\" sizes=\"auto, (max-width: 1024px) 100vw, 1024px\" \/><\/figure>\n\n\n\n<figure class=\"wp-block-image size-large\"><img loading=\"lazy\" decoding=\"async\" width=\"1024\" height=\"577\" data-id=\"12370\" src=\"https:\/\/prensa.sma.gob.ar\/wp-content\/uploads\/2026\/01\/WhatsApp-Image-2026-01-29-at-2.03.32-PM-1024x577.jpeg\" alt=\"\" class=\"wp-image-12370\" srcset=\"https:\/\/prensa.sma.gob.ar\/wp-content\/uploads\/2026\/01\/WhatsApp-Image-2026-01-29-at-2.03.32-PM-1024x577.jpeg 1024w, https:\/\/prensa.sma.gob.ar\/wp-content\/uploads\/2026\/01\/WhatsApp-Image-2026-01-29-at-2.03.32-PM-300x169.jpeg 300w, https:\/\/prensa.sma.gob.ar\/wp-content\/uploads\/2026\/01\/WhatsApp-Image-2026-01-29-at-2.03.32-PM-768x432.jpeg 768w, https:\/\/prensa.sma.gob.ar\/wp-content\/uploads\/2026\/01\/WhatsApp-Image-2026-01-29-at-2.03.32-PM-746x420.jpeg 746w, https:\/\/prensa.sma.gob.ar\/wp-content\/uploads\/2026\/01\/WhatsApp-Image-2026-01-29-at-2.03.32-PM-696x392.jpeg 696w, https:\/\/prensa.sma.gob.ar\/wp-content\/uploads\/2026\/01\/WhatsApp-Image-2026-01-29-at-2.03.32-PM-1068x601.jpeg 1068w, https:\/\/prensa.sma.gob.ar\/wp-content\/uploads\/2026\/01\/WhatsApp-Image-2026-01-29-at-2.03.32-PM.jpeg 1156w\" sizes=\"auto, (max-width: 1024px) 100vw, 1024px\" \/><\/figure>\n\n\n\n<figure class=\"wp-block-image size-large\"><img loading=\"lazy\" decoding=\"async\" width=\"1024\" height=\"576\" data-id=\"12363\" src=\"https:\/\/prensa.sma.gob.ar\/wp-content\/uploads\/2026\/01\/WhatsApp-Image-2026-01-26-at-11.31.43-AM-1-1024x576.jpeg\" alt=\"\" class=\"wp-image-12363\" srcset=\"https:\/\/prensa.sma.gob.ar\/wp-content\/uploads\/2026\/01\/WhatsApp-Image-2026-01-26-at-11.31.43-AM-1-1024x576.jpeg 1024w, https:\/\/prensa.sma.gob.ar\/wp-content\/uploads\/2026\/01\/WhatsApp-Image-2026-01-26-at-11.31.43-AM-1-300x169.jpeg 300w, https:\/\/prensa.sma.gob.ar\/wp-content\/uploads\/2026\/01\/WhatsApp-Image-2026-01-26-at-11.31.43-AM-1-768x432.jpeg 768w, https:\/\/prensa.sma.gob.ar\/wp-content\/uploads\/2026\/01\/WhatsApp-Image-2026-01-26-at-11.31.43-AM-1-747x420.jpeg 747w, https:\/\/prensa.sma.gob.ar\/wp-content\/uploads\/2026\/01\/WhatsApp-Image-2026-01-26-at-11.31.43-AM-1-696x392.jpeg 696w, https:\/\/prensa.sma.gob.ar\/wp-content\/uploads\/2026\/01\/WhatsApp-Image-2026-01-26-at-11.31.43-AM-1-1068x601.jpeg 1068w, https:\/\/prensa.sma.gob.ar\/wp-content\/uploads\/2026\/01\/WhatsApp-Image-2026-01-26-at-11.31.43-AM-1.jpeg 1280w\" sizes=\"auto, (max-width: 1024px) 100vw, 1024px\" \/><\/figure>\n\n\n\n<figure class=\"wp-block-image size-large\"><img loading=\"lazy\" decoding=\"async\" width=\"576\" height=\"1024\" data-id=\"12369\" src=\"https:\/\/prensa.sma.gob.ar\/wp-content\/uploads\/2026\/01\/WhatsApp-Image-2026-01-29-at-2.10.32-PM-576x1024.jpeg\" alt=\"\" class=\"wp-image-12369\" srcset=\"https:\/\/prensa.sma.gob.ar\/wp-content\/uploads\/2026\/01\/WhatsApp-Image-2026-01-29-at-2.10.32-PM-576x1024.jpeg 576w, https:\/\/prensa.sma.gob.ar\/wp-content\/uploads\/2026\/01\/WhatsApp-Image-2026-01-29-at-2.10.32-PM-169x300.jpeg 169w, https:\/\/prensa.sma.gob.ar\/wp-content\/uploads\/2026\/01\/WhatsApp-Image-2026-01-29-at-2.10.32-PM-768x1365.jpeg 768w, https:\/\/prensa.sma.gob.ar\/wp-content\/uploads\/2026\/01\/WhatsApp-Image-2026-01-29-at-2.10.32-PM-864x1536.jpeg 864w, https:\/\/prensa.sma.gob.ar\/wp-content\/uploads\/2026\/01\/WhatsApp-Image-2026-01-29-at-2.10.32-PM-236x420.jpeg 236w, https:\/\/prensa.sma.gob.ar\/wp-content\/uploads\/2026\/01\/WhatsApp-Image-2026-01-29-at-2.10.32-PM-696x1237.jpeg 696w, https:\/\/prensa.sma.gob.ar\/wp-content\/uploads\/2026\/01\/WhatsApp-Image-2026-01-29-at-2.10.32-PM.jpeg 900w\" sizes=\"auto, (max-width: 576px) 100vw, 576px\" \/><\/figure>\n\n\n\n<figure class=\"wp-block-image size-large\"><img loading=\"lazy\" decoding=\"async\" width=\"768\" height=\"1024\" data-id=\"12368\" src=\"https:\/\/prensa.sma.gob.ar\/wp-content\/uploads\/2026\/01\/WhatsApp-Image-2026-01-30-at-8.48.13-PM-1-768x1024.jpeg\" alt=\"\" class=\"wp-image-12368\" srcset=\"https:\/\/prensa.sma.gob.ar\/wp-content\/uploads\/2026\/01\/WhatsApp-Image-2026-01-30-at-8.48.13-PM-1-768x1024.jpeg 768w, https:\/\/prensa.sma.gob.ar\/wp-content\/uploads\/2026\/01\/WhatsApp-Image-2026-01-30-at-8.48.13-PM-1-225x300.jpeg 225w, https:\/\/prensa.sma.gob.ar\/wp-content\/uploads\/2026\/01\/WhatsApp-Image-2026-01-30-at-8.48.13-PM-1-1152x1536.jpeg 1152w, https:\/\/prensa.sma.gob.ar\/wp-content\/uploads\/2026\/01\/WhatsApp-Image-2026-01-30-at-8.48.13-PM-1-315x420.jpeg 315w, https:\/\/prensa.sma.gob.ar\/wp-content\/uploads\/2026\/01\/WhatsApp-Image-2026-01-30-at-8.48.13-PM-1-696x928.jpeg 696w, https:\/\/prensa.sma.gob.ar\/wp-content\/uploads\/2026\/01\/WhatsApp-Image-2026-01-30-at-8.48.13-PM-1-1068x1424.jpeg 1068w, https:\/\/prensa.sma.gob.ar\/wp-content\/uploads\/2026\/01\/WhatsApp-Image-2026-01-30-at-8.48.13-PM-1.jpeg 1200w\" sizes=\"auto, (max-width: 768px) 100vw, 768px\" \/><\/figure>\n\n\n\n<figure class=\"wp-block-image size-large\"><img loading=\"lazy\" decoding=\"async\" width=\"770\" height=\"1024\" data-id=\"12362\" src=\"https:\/\/prensa.sma.gob.ar\/wp-content\/uploads\/2026\/01\/WhatsApp-Image-2026-01-27-at-12.40.06-PM-770x1024.jpeg\" alt=\"\" class=\"wp-image-12362\" srcset=\"https:\/\/prensa.sma.gob.ar\/wp-content\/uploads\/2026\/01\/WhatsApp-Image-2026-01-27-at-12.40.06-PM-770x1024.jpeg 770w, https:\/\/prensa.sma.gob.ar\/wp-content\/uploads\/2026\/01\/WhatsApp-Image-2026-01-27-at-12.40.06-PM-226x300.jpeg 226w, https:\/\/prensa.sma.gob.ar\/wp-content\/uploads\/2026\/01\/WhatsApp-Image-2026-01-27-at-12.40.06-PM-768x1021.jpeg 768w, https:\/\/prensa.sma.gob.ar\/wp-content\/uploads\/2026\/01\/WhatsApp-Image-2026-01-27-at-12.40.06-PM-316x420.jpeg 316w, https:\/\/prensa.sma.gob.ar\/wp-content\/uploads\/2026\/01\/WhatsApp-Image-2026-01-27-at-12.40.06-PM-696x925.jpeg 696w, https:\/\/prensa.sma.gob.ar\/wp-content\/uploads\/2026\/01\/WhatsApp-Image-2026-01-27-at-12.40.06-PM.jpeg 963w\" sizes=\"auto, (max-width: 770px) 100vw, 770px\" \/><\/figure>\n\n\n\n<figure class=\"wp-block-image size-large\"><img loading=\"lazy\" decoding=\"async\" width=\"1024\" height=\"576\" data-id=\"12367\" src=\"https:\/\/prensa.sma.gob.ar\/wp-content\/uploads\/2026\/01\/WhatsApp-Image-2026-01-28-at-9.33.13-AM-1024x576.jpeg\" alt=\"\" class=\"wp-image-12367\" srcset=\"https:\/\/prensa.sma.gob.ar\/wp-content\/uploads\/2026\/01\/WhatsApp-Image-2026-01-28-at-9.33.13-AM-1024x576.jpeg 1024w, https:\/\/prensa.sma.gob.ar\/wp-content\/uploads\/2026\/01\/WhatsApp-Image-2026-01-28-at-9.33.13-AM-300x169.jpeg 300w, https:\/\/prensa.sma.gob.ar\/wp-content\/uploads\/2026\/01\/WhatsApp-Image-2026-01-28-at-9.33.13-AM-768x432.jpeg 768w, https:\/\/prensa.sma.gob.ar\/wp-content\/uploads\/2026\/01\/WhatsApp-Image-2026-01-28-at-9.33.13-AM-747x420.jpeg 747w, https:\/\/prensa.sma.gob.ar\/wp-content\/uploads\/2026\/01\/WhatsApp-Image-2026-01-28-at-9.33.13-AM-696x392.jpeg 696w, https:\/\/prensa.sma.gob.ar\/wp-content\/uploads\/2026\/01\/WhatsApp-Image-2026-01-28-at-9.33.13-AM-1068x601.jpeg 1068w, https:\/\/prensa.sma.gob.ar\/wp-content\/uploads\/2026\/01\/WhatsApp-Image-2026-01-28-at-9.33.13-AM.jpeg 1280w\" sizes=\"auto, (max-width: 1024px) 100vw, 1024px\" \/><\/figure>\n\n\n\n<figure class=\"wp-block-image size-large\"><img loading=\"lazy\" decoding=\"async\" width=\"1024\" height=\"576\" data-id=\"12364\" src=\"https:\/\/prensa.sma.gob.ar\/wp-content\/uploads\/2026\/01\/WhatsApp-Image-2026-01-26-at-12.15.49-PM-1-1024x576.jpeg\" alt=\"\" class=\"wp-image-12364\" srcset=\"https:\/\/prensa.sma.gob.ar\/wp-content\/uploads\/2026\/01\/WhatsApp-Image-2026-01-26-at-12.15.49-PM-1-1024x576.jpeg 1024w, https:\/\/prensa.sma.gob.ar\/wp-content\/uploads\/2026\/01\/WhatsApp-Image-2026-01-26-at-12.15.49-PM-1-300x169.jpeg 300w, https:\/\/prensa.sma.gob.ar\/wp-content\/uploads\/2026\/01\/WhatsApp-Image-2026-01-26-at-12.15.49-PM-1-768x432.jpeg 768w, https:\/\/prensa.sma.gob.ar\/wp-content\/uploads\/2026\/01\/WhatsApp-Image-2026-01-26-at-12.15.49-PM-1-747x420.jpeg 747w, https:\/\/prensa.sma.gob.ar\/wp-content\/uploads\/2026\/01\/WhatsApp-Image-2026-01-26-at-12.15.49-PM-1-696x392.jpeg 696w, https:\/\/prensa.sma.gob.ar\/wp-content\/uploads\/2026\/01\/WhatsApp-Image-2026-01-26-at-12.15.49-PM-1-1068x601.jpeg 1068w, https:\/\/prensa.sma.gob.ar\/wp-content\/uploads\/2026\/01\/WhatsApp-Image-2026-01-26-at-12.15.49-PM-1.jpeg 1280w\" sizes=\"auto, (max-width: 1024px) 100vw, 1024px\" \/><\/figure>\n<\/figure>\n","protected":false},"excerpt":{"rendered":"<p>Funcionarios provinciales, encabezados por la ministra de Infraestructura, Tanya Bertoldi, y el intendente, Carlos Saloniti, firmaron nuevos convenios para el desarrollo urbano en San Mart\u00edn de los Andes. La visita incluy\u00f3 recorridas y reuniones con vecinas y vecinos y una agenda compartida con concejales, en el marco del programa Neuqu\u00e9n Habita y de otras obras [&hellip;]<\/p>\n","protected":false},"author":2,"featured_media":12366,"comment_status":"closed","ping_status":"open","sticky":false,"template":"","format":"standard","meta":{"footnotes":""},"categories":[16,14,17,37],"tags":[],"class_list":{"0":"post-12361","1":"post","2":"type-post","3":"status-publish","4":"format-standard","5":"has-post-thumbnail","7":"category-destacadas","8":"category-noticias","9":"category-portada","10":"category-vivienda"},"_links":{"self":[{"href":"https:\/\/prensa.sma.gob.ar\/index.php?rest_route=\/wp\/v2\/posts\/12361","targetHints":{"allow":["GET"]}}],"collection":[{"href":"https:\/\/prensa.sma.gob.ar\/index.php?rest_route=\/wp\/v2\/posts"}],"about":[{"href":"https:\/\/prensa.sma.gob.ar\/index.php?rest_route=\/wp\/v2\/types\/post"}],"author":[{"embeddable":true,"href":"https:\/\/prensa.sma.gob.ar\/index.php?rest_route=\/wp\/v2\/users\/2"}],"replies":[{"embeddable":true,"href":"https:\/\/prensa.sma.gob.ar\/index.php?rest_route=%2Fwp%2Fv2%2Fcomments&post=12361"}],"version-history":[{"count":2,"href":"https:\/\/prensa.sma.gob.ar\/index.php?rest_route=\/wp\/v2\/posts\/12361\/revisions"}],"predecessor-version":[{"id":12374,"href":"https:\/\/prensa.sma.gob.ar\/index.php?rest_route=\/wp\/v2\/posts\/12361\/revisions\/12374"}],"wp:featuredmedia":[{"embeddable":true,"href":"https:\/\/prensa.sma.gob.ar\/index.php?rest_route=\/wp\/v2\/media\/12366"}],"wp:attachment":[{"href":"https:\/\/prensa.sma.gob.ar\/index.php?rest_route=%2Fwp%2Fv2%2Fmedia&parent=12361"}],"wp:term":[{"taxonomy":"category","embeddable":true,"href":"https:\/\/prensa.sma.gob.ar\/index.php?rest_route=%2Fwp%2Fv2%2Fcategories&post=12361"},{"taxonomy":"post_tag","embeddable":true,"href":"https:\/\/prensa.sma.gob.ar\/index.php?rest_route=%2Fwp%2Fv2%2Ftags&post=12361"}],"curies":[{"name":"wp","href":"https:\/\/api.w.org\/{rel}","templated":true}]}}