{"id":12378,"date":"2026-01-31T18:12:13","date_gmt":"2026-01-31T18:12:13","guid":{"rendered":"https:\/\/prensa.sma.gob.ar\/?p=12378"},"modified":"2026-01-31T18:12:14","modified_gmt":"2026-01-31T18:12:14","slug":"la-embajada-de-alemania-en-argentina-reafirmo-su-hermandad-con-san-martin-de-los-andes","status":"publish","type":"post","link":"https:\/\/prensa.sma.gob.ar\/?p=12378","title":{"rendered":"La Embajada de Alemania en Argentina reafirm\u00f3 su hermandad con San Mart\u00edn de los Andes"},"content":{"rendered":"\n<p>El embajador de Alemania en Argentina, Dieter Laml\u00e9, y el intendente municipal, Carlos Saloniti, reafirmaron el v\u00ednculo hist\u00f3rico con la comunidad alemana en nuestra ciudad y en nuestro pa\u00eds, durante un acto que incluy\u00f3 una reuni\u00f3n bilateral y la plantaci\u00f3n de un \u00f1ire, junto a representantes de alemanes en San Mart\u00edn de los Andes.<\/p>\n\n\n\n<p>La actividad se enmarc\u00f3 en las celebraciones de los 200 a\u00f1os de inmigraci\u00f3n alemana en Argentina y como gesto de reafirmaci\u00f3n de la cooperaci\u00f3n en \u00e1reas estrat\u00e9gicas. \u201cEntre 1825 y 1826 empez\u00f3 la primera ola migratoria de alemanes hacia Argentina. Claro que hab\u00eda alemanes antes, comerciantes, cient\u00edficos, pero la primera ola de inmigrantes lleg\u00f3 hace 200 a\u00f1os\u201d, se\u00f1al\u00f3 el embajador.<\/p>\n\n\n\n<p>Laml\u00e9 inform\u00f3 que actualmente, en Argentina, \u201ctenemos m\u00e1s que un mill\u00f3n de descendientes alemanes\u201d y mencion\u00f3 a Misiones, Entre R\u00edos, C\u00f3rdoba, sur de Buenos Aires, como provincias o regiones donde se registran las mayores colonias.<\/p>\n\n\n\n<p>Saloniti y Laml\u00e9 compartieron un desayuno de trabajo y luego encabezaron el acto de plantaci\u00f3n de un \u00f1ire, que se realiz\u00f3 en el parque ubicado junto al m\u00e1stil en el inicio de la Ruta de los Siete Lagos. Participaron el secretario de Gobierno, Mat\u00edas Consoli; la presidenta del Rotary Club, Liliana Ramos; y vecinas y vecinos descendientes alemanes.<\/p>\n\n\n\n<p>\u201cEn estos 200 a\u00f1os, mi idea es retomar esa energ\u00eda, ese potencial que tenemos y fomentarlo. Son un mill\u00f3n de personas en Argentina que piensan un poco como alemanes, que tienen la energ\u00eda\u2026 Lo que siempre fue importante para nosotros es cooperar con los argentinos (\u2026) Dejamos huellas muy fuertes y que todav\u00eda se ven y que estamos formando\u201d, se\u00f1al\u00f3 Laml\u00e9.<\/p>\n\n\n\n<p>Para el diplom\u00e1tico, plantar un \u00e1rbol es una acci\u00f3n simb\u00f3lica \u201cpor sus ra\u00edces profundas, porque es un \u00e1rbol que surge, que es joven y que necesita un buen tratamiento para los pr\u00f3ximos 100 a\u00f1os\u201d. Explic\u00f3 que este \u00f1ire es el \u00e1rbol n\u00famero 41 que planta en todo el pa\u00eds para celebrar los 200 a\u00f1os y agradeci\u00f3 al intendente Saloniti por su acompa\u00f1amiento.<\/p>\n\n\n\n<p>La presidenta del Rotary Club de San Mart\u00edn de los Andes, Liliana Ramos, agradeci\u00f3 la presencia del embajador de Alemania en nuestra ciudad, celebr\u00f3 el fortalecimiento de los lazos comunes y agradeci\u00f3 especialmente la plantaci\u00f3n de un \u00e1rbol como signo del trabajo conjunto.<\/p>\n\n\n\n<p>El intendente Saloniti agradeci\u00f3 al embajador y a su esposa, a los vecinos representantes de la comunidad alemana en nuestra ciudad y a las autoridades del Rotary. \u201cLas relaciones internacionales son fundamentales porque somos una zona de inmigrantes y porque los v\u00ednculos no se cortan por las jurisdicciones ni por los l\u00edmites territoriales\u201d, afirm\u00f3.<\/p>\n\n\n\n<p>El jefe comunal record\u00f3 que \u201cel a\u00f1o pasado tuvimos para el aniversario del pueblo la visita del embajador de Francia en Argentina, para celebrar el centenario de nuestro teatro San Jos\u00e9\u201d y celebr\u00f3 que este a\u00f1o suceda este v\u00ednculo con Alemania. \u201cLa idea es, siempre, trabajar en conjunto, no solo con San Mart\u00edn de los Andes sino tambi\u00e9n con toda la provincia de Neuqu\u00e9n, porque el Gobierno provincial desea trabajar para seguir hermanando la relaci\u00f3n entre la Rep\u00fablica Argentina y Alemania\u201d.<\/p>\n\n\n\n<figure class=\"wp-block-gallery has-nested-images columns-default is-cropped wp-block-gallery-1 is-layout-flex wp-block-gallery-is-layout-flex\">\n<figure class=\"wp-block-image size-large\"><img loading=\"lazy\" decoding=\"async\" width=\"1024\" height=\"576\" data-id=\"12397\" src=\"https:\/\/prensa.sma.gob.ar\/wp-content\/uploads\/2026\/01\/WhatsApp-Image-2026-01-30-at-10.42.19-AM-1-1024x576.jpeg\" alt=\"\" class=\"wp-image-12397\" srcset=\"https:\/\/prensa.sma.gob.ar\/wp-content\/uploads\/2026\/01\/WhatsApp-Image-2026-01-30-at-10.42.19-AM-1-1024x576.jpeg 1024w, https:\/\/prensa.sma.gob.ar\/wp-content\/uploads\/2026\/01\/WhatsApp-Image-2026-01-30-at-10.42.19-AM-1-300x169.jpeg 300w, https:\/\/prensa.sma.gob.ar\/wp-content\/uploads\/2026\/01\/WhatsApp-Image-2026-01-30-at-10.42.19-AM-1-768x432.jpeg 768w, https:\/\/prensa.sma.gob.ar\/wp-content\/uploads\/2026\/01\/WhatsApp-Image-2026-01-30-at-10.42.19-AM-1-747x420.jpeg 747w, https:\/\/prensa.sma.gob.ar\/wp-content\/uploads\/2026\/01\/WhatsApp-Image-2026-01-30-at-10.42.19-AM-1-696x392.jpeg 696w, https:\/\/prensa.sma.gob.ar\/wp-content\/uploads\/2026\/01\/WhatsApp-Image-2026-01-30-at-10.42.19-AM-1-1068x601.jpeg 1068w, https:\/\/prensa.sma.gob.ar\/wp-content\/uploads\/2026\/01\/WhatsApp-Image-2026-01-30-at-10.42.19-AM-1.jpeg 1280w\" sizes=\"auto, (max-width: 1024px) 100vw, 1024px\" \/><\/figure>\n\n\n\n<figure class=\"wp-block-image size-large\"><img loading=\"lazy\" decoding=\"async\" width=\"1024\" height=\"576\" data-id=\"12396\" src=\"https:\/\/prensa.sma.gob.ar\/wp-content\/uploads\/2026\/01\/WhatsApp-Image-2026-01-30-at-10.42.19-AM-2-1024x576.jpeg\" alt=\"\" class=\"wp-image-12396\" srcset=\"https:\/\/prensa.sma.gob.ar\/wp-content\/uploads\/2026\/01\/WhatsApp-Image-2026-01-30-at-10.42.19-AM-2-1024x576.jpeg 1024w, https:\/\/prensa.sma.gob.ar\/wp-content\/uploads\/2026\/01\/WhatsApp-Image-2026-01-30-at-10.42.19-AM-2-300x169.jpeg 300w, https:\/\/prensa.sma.gob.ar\/wp-content\/uploads\/2026\/01\/WhatsApp-Image-2026-01-30-at-10.42.19-AM-2-768x432.jpeg 768w, https:\/\/prensa.sma.gob.ar\/wp-content\/uploads\/2026\/01\/WhatsApp-Image-2026-01-30-at-10.42.19-AM-2-747x420.jpeg 747w, https:\/\/prensa.sma.gob.ar\/wp-content\/uploads\/2026\/01\/WhatsApp-Image-2026-01-30-at-10.42.19-AM-2-696x392.jpeg 696w, https:\/\/prensa.sma.gob.ar\/wp-content\/uploads\/2026\/01\/WhatsApp-Image-2026-01-30-at-10.42.19-AM-2-1068x601.jpeg 1068w, https:\/\/prensa.sma.gob.ar\/wp-content\/uploads\/2026\/01\/WhatsApp-Image-2026-01-30-at-10.42.19-AM-2.jpeg 1280w\" sizes=\"auto, (max-width: 1024px) 100vw, 1024px\" \/><\/figure>\n\n\n\n<figure class=\"wp-block-image size-large\"><img loading=\"lazy\" decoding=\"async\" width=\"1024\" height=\"576\" data-id=\"12395\" src=\"https:\/\/prensa.sma.gob.ar\/wp-content\/uploads\/2026\/01\/WhatsApp-Image-2026-01-30-at-10.42.19-AM-3-1024x576.jpeg\" alt=\"\" class=\"wp-image-12395\" srcset=\"https:\/\/prensa.sma.gob.ar\/wp-content\/uploads\/2026\/01\/WhatsApp-Image-2026-01-30-at-10.42.19-AM-3-1024x576.jpeg 1024w, https:\/\/prensa.sma.gob.ar\/wp-content\/uploads\/2026\/01\/WhatsApp-Image-2026-01-30-at-10.42.19-AM-3-300x169.jpeg 300w, https:\/\/prensa.sma.gob.ar\/wp-content\/uploads\/2026\/01\/WhatsApp-Image-2026-01-30-at-10.42.19-AM-3-768x432.jpeg 768w, https:\/\/prensa.sma.gob.ar\/wp-content\/uploads\/2026\/01\/WhatsApp-Image-2026-01-30-at-10.42.19-AM-3-747x420.jpeg 747w, https:\/\/prensa.sma.gob.ar\/wp-content\/uploads\/2026\/01\/WhatsApp-Image-2026-01-30-at-10.42.19-AM-3-696x392.jpeg 696w, https:\/\/prensa.sma.gob.ar\/wp-content\/uploads\/2026\/01\/WhatsApp-Image-2026-01-30-at-10.42.19-AM-3-1068x601.jpeg 1068w, https:\/\/prensa.sma.gob.ar\/wp-content\/uploads\/2026\/01\/WhatsApp-Image-2026-01-30-at-10.42.19-AM-3.jpeg 1280w\" sizes=\"auto, (max-width: 1024px) 100vw, 1024px\" \/><\/figure>\n\n\n\n<figure class=\"wp-block-image size-large\"><img loading=\"lazy\" decoding=\"async\" width=\"1024\" height=\"576\" data-id=\"12394\" src=\"https:\/\/prensa.sma.gob.ar\/wp-content\/uploads\/2026\/01\/WhatsApp-Image-2026-01-30-at-10.42.19-AM-4-1024x576.jpeg\" alt=\"\" class=\"wp-image-12394\" srcset=\"https:\/\/prensa.sma.gob.ar\/wp-content\/uploads\/2026\/01\/WhatsApp-Image-2026-01-30-at-10.42.19-AM-4-1024x576.jpeg 1024w, https:\/\/prensa.sma.gob.ar\/wp-content\/uploads\/2026\/01\/WhatsApp-Image-2026-01-30-at-10.42.19-AM-4-300x169.jpeg 300w, https:\/\/prensa.sma.gob.ar\/wp-content\/uploads\/2026\/01\/WhatsApp-Image-2026-01-30-at-10.42.19-AM-4-768x432.jpeg 768w, https:\/\/prensa.sma.gob.ar\/wp-content\/uploads\/2026\/01\/WhatsApp-Image-2026-01-30-at-10.42.19-AM-4-747x420.jpeg 747w, https:\/\/prensa.sma.gob.ar\/wp-content\/uploads\/2026\/01\/WhatsApp-Image-2026-01-30-at-10.42.19-AM-4-696x392.jpeg 696w, https:\/\/prensa.sma.gob.ar\/wp-content\/uploads\/2026\/01\/WhatsApp-Image-2026-01-30-at-10.42.19-AM-4-1068x601.jpeg 1068w, https:\/\/prensa.sma.gob.ar\/wp-content\/uploads\/2026\/01\/WhatsApp-Image-2026-01-30-at-10.42.19-AM-4.jpeg 1280w\" sizes=\"auto, (max-width: 1024px) 100vw, 1024px\" \/><\/figure>\n\n\n\n<figure class=\"wp-block-image size-large\"><img loading=\"lazy\" decoding=\"async\" width=\"1024\" height=\"576\" data-id=\"12393\" src=\"https:\/\/prensa.sma.gob.ar\/wp-content\/uploads\/2026\/01\/WhatsApp-Image-2026-01-30-at-10.42.19-AM-5-1024x576.jpeg\" alt=\"\" class=\"wp-image-12393\" srcset=\"https:\/\/prensa.sma.gob.ar\/wp-content\/uploads\/2026\/01\/WhatsApp-Image-2026-01-30-at-10.42.19-AM-5-1024x576.jpeg 1024w, https:\/\/prensa.sma.gob.ar\/wp-content\/uploads\/2026\/01\/WhatsApp-Image-2026-01-30-at-10.42.19-AM-5-300x169.jpeg 300w, https:\/\/prensa.sma.gob.ar\/wp-content\/uploads\/2026\/01\/WhatsApp-Image-2026-01-30-at-10.42.19-AM-5-768x432.jpeg 768w, https:\/\/prensa.sma.gob.ar\/wp-content\/uploads\/2026\/01\/WhatsApp-Image-2026-01-30-at-10.42.19-AM-5-747x420.jpeg 747w, https:\/\/prensa.sma.gob.ar\/wp-content\/uploads\/2026\/01\/WhatsApp-Image-2026-01-30-at-10.42.19-AM-5-696x392.jpeg 696w, https:\/\/prensa.sma.gob.ar\/wp-content\/uploads\/2026\/01\/WhatsApp-Image-2026-01-30-at-10.42.19-AM-5-1068x601.jpeg 1068w, https:\/\/prensa.sma.gob.ar\/wp-content\/uploads\/2026\/01\/WhatsApp-Image-2026-01-30-at-10.42.19-AM-5.jpeg 1280w\" sizes=\"auto, (max-width: 1024px) 100vw, 1024px\" \/><\/figure>\n\n\n\n<figure class=\"wp-block-image size-large\"><img loading=\"lazy\" decoding=\"async\" width=\"1024\" height=\"576\" data-id=\"12392\" src=\"https:\/\/prensa.sma.gob.ar\/wp-content\/uploads\/2026\/01\/WhatsApp-Image-2026-01-30-at-10.42.19-AM-6-1024x576.jpeg\" alt=\"\" class=\"wp-image-12392\" srcset=\"https:\/\/prensa.sma.gob.ar\/wp-content\/uploads\/2026\/01\/WhatsApp-Image-2026-01-30-at-10.42.19-AM-6-1024x576.jpeg 1024w, https:\/\/prensa.sma.gob.ar\/wp-content\/uploads\/2026\/01\/WhatsApp-Image-2026-01-30-at-10.42.19-AM-6-300x169.jpeg 300w, https:\/\/prensa.sma.gob.ar\/wp-content\/uploads\/2026\/01\/WhatsApp-Image-2026-01-30-at-10.42.19-AM-6-768x432.jpeg 768w, https:\/\/prensa.sma.gob.ar\/wp-content\/uploads\/2026\/01\/WhatsApp-Image-2026-01-30-at-10.42.19-AM-6-747x420.jpeg 747w, https:\/\/prensa.sma.gob.ar\/wp-content\/uploads\/2026\/01\/WhatsApp-Image-2026-01-30-at-10.42.19-AM-6-696x392.jpeg 696w, https:\/\/prensa.sma.gob.ar\/wp-content\/uploads\/2026\/01\/WhatsApp-Image-2026-01-30-at-10.42.19-AM-6-1068x601.jpeg 1068w, https:\/\/prensa.sma.gob.ar\/wp-content\/uploads\/2026\/01\/WhatsApp-Image-2026-01-30-at-10.42.19-AM-6.jpeg 1280w\" sizes=\"auto, (max-width: 1024px) 100vw, 1024px\" \/><\/figure>\n\n\n\n<figure class=\"wp-block-image size-large\"><img loading=\"lazy\" decoding=\"async\" width=\"1024\" height=\"576\" data-id=\"12391\" src=\"https:\/\/prensa.sma.gob.ar\/wp-content\/uploads\/2026\/01\/WhatsApp-Image-2026-01-30-at-10.42.19-AM-7-1024x576.jpeg\" alt=\"\" class=\"wp-image-12391\" srcset=\"https:\/\/prensa.sma.gob.ar\/wp-content\/uploads\/2026\/01\/WhatsApp-Image-2026-01-30-at-10.42.19-AM-7-1024x576.jpeg 1024w, https:\/\/prensa.sma.gob.ar\/wp-content\/uploads\/2026\/01\/WhatsApp-Image-2026-01-30-at-10.42.19-AM-7-300x169.jpeg 300w, https:\/\/prensa.sma.gob.ar\/wp-content\/uploads\/2026\/01\/WhatsApp-Image-2026-01-30-at-10.42.19-AM-7-768x432.jpeg 768w, https:\/\/prensa.sma.gob.ar\/wp-content\/uploads\/2026\/01\/WhatsApp-Image-2026-01-30-at-10.42.19-AM-7-747x420.jpeg 747w, https:\/\/prensa.sma.gob.ar\/wp-content\/uploads\/2026\/01\/WhatsApp-Image-2026-01-30-at-10.42.19-AM-7-696x392.jpeg 696w, https:\/\/prensa.sma.gob.ar\/wp-content\/uploads\/2026\/01\/WhatsApp-Image-2026-01-30-at-10.42.19-AM-7-1068x601.jpeg 1068w, https:\/\/prensa.sma.gob.ar\/wp-content\/uploads\/2026\/01\/WhatsApp-Image-2026-01-30-at-10.42.19-AM-7.jpeg 1280w\" sizes=\"auto, (max-width: 1024px) 100vw, 1024px\" \/><\/figure>\n\n\n\n<figure class=\"wp-block-image size-large\"><img loading=\"lazy\" decoding=\"async\" width=\"1024\" height=\"576\" data-id=\"12390\" src=\"https:\/\/prensa.sma.gob.ar\/wp-content\/uploads\/2026\/01\/WhatsApp-Image-2026-01-30-at-10.42.20-AM-1024x576.jpeg\" alt=\"\" class=\"wp-image-12390\" srcset=\"https:\/\/prensa.sma.gob.ar\/wp-content\/uploads\/2026\/01\/WhatsApp-Image-2026-01-30-at-10.42.20-AM-1024x576.jpeg 1024w, https:\/\/prensa.sma.gob.ar\/wp-content\/uploads\/2026\/01\/WhatsApp-Image-2026-01-30-at-10.42.20-AM-300x169.jpeg 300w, https:\/\/prensa.sma.gob.ar\/wp-content\/uploads\/2026\/01\/WhatsApp-Image-2026-01-30-at-10.42.20-AM-768x432.jpeg 768w, https:\/\/prensa.sma.gob.ar\/wp-content\/uploads\/2026\/01\/WhatsApp-Image-2026-01-30-at-10.42.20-AM-747x420.jpeg 747w, https:\/\/prensa.sma.gob.ar\/wp-content\/uploads\/2026\/01\/WhatsApp-Image-2026-01-30-at-10.42.20-AM-696x392.jpeg 696w, https:\/\/prensa.sma.gob.ar\/wp-content\/uploads\/2026\/01\/WhatsApp-Image-2026-01-30-at-10.42.20-AM-1068x601.jpeg 1068w, https:\/\/prensa.sma.gob.ar\/wp-content\/uploads\/2026\/01\/WhatsApp-Image-2026-01-30-at-10.42.20-AM.jpeg 1280w\" sizes=\"auto, (max-width: 1024px) 100vw, 1024px\" \/><\/figure>\n\n\n\n<figure class=\"wp-block-image size-large\"><img loading=\"lazy\" decoding=\"async\" width=\"1024\" height=\"576\" data-id=\"12389\" src=\"https:\/\/prensa.sma.gob.ar\/wp-content\/uploads\/2026\/01\/WhatsApp-Image-2026-01-30-at-10.42.20-AM-1-1024x576.jpeg\" alt=\"\" class=\"wp-image-12389\" srcset=\"https:\/\/prensa.sma.gob.ar\/wp-content\/uploads\/2026\/01\/WhatsApp-Image-2026-01-30-at-10.42.20-AM-1-1024x576.jpeg 1024w, https:\/\/prensa.sma.gob.ar\/wp-content\/uploads\/2026\/01\/WhatsApp-Image-2026-01-30-at-10.42.20-AM-1-300x169.jpeg 300w, https:\/\/prensa.sma.gob.ar\/wp-content\/uploads\/2026\/01\/WhatsApp-Image-2026-01-30-at-10.42.20-AM-1-768x432.jpeg 768w, https:\/\/prensa.sma.gob.ar\/wp-content\/uploads\/2026\/01\/WhatsApp-Image-2026-01-30-at-10.42.20-AM-1-747x420.jpeg 747w, https:\/\/prensa.sma.gob.ar\/wp-content\/uploads\/2026\/01\/WhatsApp-Image-2026-01-30-at-10.42.20-AM-1-696x392.jpeg 696w, https:\/\/prensa.sma.gob.ar\/wp-content\/uploads\/2026\/01\/WhatsApp-Image-2026-01-30-at-10.42.20-AM-1-1068x601.jpeg 1068w, https:\/\/prensa.sma.gob.ar\/wp-content\/uploads\/2026\/01\/WhatsApp-Image-2026-01-30-at-10.42.20-AM-1.jpeg 1280w\" sizes=\"auto, (max-width: 1024px) 100vw, 1024px\" \/><\/figure>\n\n\n\n<figure class=\"wp-block-image size-large\"><img loading=\"lazy\" decoding=\"async\" width=\"1024\" height=\"576\" data-id=\"12388\" src=\"https:\/\/prensa.sma.gob.ar\/wp-content\/uploads\/2026\/01\/WhatsApp-Image-2026-01-30-at-10.42.20-AM-2-1024x576.jpeg\" alt=\"\" class=\"wp-image-12388\" srcset=\"https:\/\/prensa.sma.gob.ar\/wp-content\/uploads\/2026\/01\/WhatsApp-Image-2026-01-30-at-10.42.20-AM-2-1024x576.jpeg 1024w, https:\/\/prensa.sma.gob.ar\/wp-content\/uploads\/2026\/01\/WhatsApp-Image-2026-01-30-at-10.42.20-AM-2-300x169.jpeg 300w, https:\/\/prensa.sma.gob.ar\/wp-content\/uploads\/2026\/01\/WhatsApp-Image-2026-01-30-at-10.42.20-AM-2-768x432.jpeg 768w, https:\/\/prensa.sma.gob.ar\/wp-content\/uploads\/2026\/01\/WhatsApp-Image-2026-01-30-at-10.42.20-AM-2-747x420.jpeg 747w, https:\/\/prensa.sma.gob.ar\/wp-content\/uploads\/2026\/01\/WhatsApp-Image-2026-01-30-at-10.42.20-AM-2-696x392.jpeg 696w, https:\/\/prensa.sma.gob.ar\/wp-content\/uploads\/2026\/01\/WhatsApp-Image-2026-01-30-at-10.42.20-AM-2-1068x601.jpeg 1068w, https:\/\/prensa.sma.gob.ar\/wp-content\/uploads\/2026\/01\/WhatsApp-Image-2026-01-30-at-10.42.20-AM-2.jpeg 1280w\" sizes=\"auto, (max-width: 1024px) 100vw, 1024px\" \/><\/figure>\n\n\n\n<figure class=\"wp-block-image size-large\"><img loading=\"lazy\" decoding=\"async\" width=\"1024\" height=\"576\" data-id=\"12387\" src=\"https:\/\/prensa.sma.gob.ar\/wp-content\/uploads\/2026\/01\/WhatsApp-Image-2026-01-30-at-10.42.20-AM-3-1024x576.jpeg\" alt=\"\" class=\"wp-image-12387\" srcset=\"https:\/\/prensa.sma.gob.ar\/wp-content\/uploads\/2026\/01\/WhatsApp-Image-2026-01-30-at-10.42.20-AM-3-1024x576.jpeg 1024w, https:\/\/prensa.sma.gob.ar\/wp-content\/uploads\/2026\/01\/WhatsApp-Image-2026-01-30-at-10.42.20-AM-3-300x169.jpeg 300w, https:\/\/prensa.sma.gob.ar\/wp-content\/uploads\/2026\/01\/WhatsApp-Image-2026-01-30-at-10.42.20-AM-3-768x432.jpeg 768w, https:\/\/prensa.sma.gob.ar\/wp-content\/uploads\/2026\/01\/WhatsApp-Image-2026-01-30-at-10.42.20-AM-3-747x420.jpeg 747w, https:\/\/prensa.sma.gob.ar\/wp-content\/uploads\/2026\/01\/WhatsApp-Image-2026-01-30-at-10.42.20-AM-3-696x392.jpeg 696w, https:\/\/prensa.sma.gob.ar\/wp-content\/uploads\/2026\/01\/WhatsApp-Image-2026-01-30-at-10.42.20-AM-3-1068x601.jpeg 1068w, https:\/\/prensa.sma.gob.ar\/wp-content\/uploads\/2026\/01\/WhatsApp-Image-2026-01-30-at-10.42.20-AM-3.jpeg 1280w\" sizes=\"auto, (max-width: 1024px) 100vw, 1024px\" \/><\/figure>\n\n\n\n<figure class=\"wp-block-image size-large\"><img loading=\"lazy\" decoding=\"async\" width=\"1024\" height=\"576\" data-id=\"12386\" src=\"https:\/\/prensa.sma.gob.ar\/wp-content\/uploads\/2026\/01\/WhatsApp-Image-2026-01-30-at-10.42.20-AM-4-1024x576.jpeg\" alt=\"\" class=\"wp-image-12386\" srcset=\"https:\/\/prensa.sma.gob.ar\/wp-content\/uploads\/2026\/01\/WhatsApp-Image-2026-01-30-at-10.42.20-AM-4-1024x576.jpeg 1024w, https:\/\/prensa.sma.gob.ar\/wp-content\/uploads\/2026\/01\/WhatsApp-Image-2026-01-30-at-10.42.20-AM-4-300x169.jpeg 300w, https:\/\/prensa.sma.gob.ar\/wp-content\/uploads\/2026\/01\/WhatsApp-Image-2026-01-30-at-10.42.20-AM-4-768x432.jpeg 768w, https:\/\/prensa.sma.gob.ar\/wp-content\/uploads\/2026\/01\/WhatsApp-Image-2026-01-30-at-10.42.20-AM-4-747x420.jpeg 747w, https:\/\/prensa.sma.gob.ar\/wp-content\/uploads\/2026\/01\/WhatsApp-Image-2026-01-30-at-10.42.20-AM-4-696x392.jpeg 696w, https:\/\/prensa.sma.gob.ar\/wp-content\/uploads\/2026\/01\/WhatsApp-Image-2026-01-30-at-10.42.20-AM-4-1068x601.jpeg 1068w, https:\/\/prensa.sma.gob.ar\/wp-content\/uploads\/2026\/01\/WhatsApp-Image-2026-01-30-at-10.42.20-AM-4.jpeg 1280w\" sizes=\"auto, (max-width: 1024px) 100vw, 1024px\" \/><\/figure>\n\n\n\n<figure class=\"wp-block-image size-large\"><img loading=\"lazy\" decoding=\"async\" width=\"1024\" height=\"576\" data-id=\"12385\" src=\"https:\/\/prensa.sma.gob.ar\/wp-content\/uploads\/2026\/01\/WhatsApp-Image-2026-01-30-at-10.42.20-AM-5-1024x576.jpeg\" alt=\"\" class=\"wp-image-12385\" srcset=\"https:\/\/prensa.sma.gob.ar\/wp-content\/uploads\/2026\/01\/WhatsApp-Image-2026-01-30-at-10.42.20-AM-5-1024x576.jpeg 1024w, https:\/\/prensa.sma.gob.ar\/wp-content\/uploads\/2026\/01\/WhatsApp-Image-2026-01-30-at-10.42.20-AM-5-300x169.jpeg 300w, https:\/\/prensa.sma.gob.ar\/wp-content\/uploads\/2026\/01\/WhatsApp-Image-2026-01-30-at-10.42.20-AM-5-768x432.jpeg 768w, https:\/\/prensa.sma.gob.ar\/wp-content\/uploads\/2026\/01\/WhatsApp-Image-2026-01-30-at-10.42.20-AM-5-747x420.jpeg 747w, https:\/\/prensa.sma.gob.ar\/wp-content\/uploads\/2026\/01\/WhatsApp-Image-2026-01-30-at-10.42.20-AM-5-696x392.jpeg 696w, https:\/\/prensa.sma.gob.ar\/wp-content\/uploads\/2026\/01\/WhatsApp-Image-2026-01-30-at-10.42.20-AM-5-1068x601.jpeg 1068w, https:\/\/prensa.sma.gob.ar\/wp-content\/uploads\/2026\/01\/WhatsApp-Image-2026-01-30-at-10.42.20-AM-5.jpeg 1280w\" sizes=\"auto, (max-width: 1024px) 100vw, 1024px\" \/><\/figure>\n\n\n\n<figure class=\"wp-block-image size-large\"><img loading=\"lazy\" decoding=\"async\" width=\"1024\" height=\"576\" data-id=\"12384\" src=\"https:\/\/prensa.sma.gob.ar\/wp-content\/uploads\/2026\/01\/WhatsApp-Image-2026-01-30-at-10.42.20-AM-6-1024x576.jpeg\" alt=\"\" class=\"wp-image-12384\" srcset=\"https:\/\/prensa.sma.gob.ar\/wp-content\/uploads\/2026\/01\/WhatsApp-Image-2026-01-30-at-10.42.20-AM-6-1024x576.jpeg 1024w, https:\/\/prensa.sma.gob.ar\/wp-content\/uploads\/2026\/01\/WhatsApp-Image-2026-01-30-at-10.42.20-AM-6-300x169.jpeg 300w, https:\/\/prensa.sma.gob.ar\/wp-content\/uploads\/2026\/01\/WhatsApp-Image-2026-01-30-at-10.42.20-AM-6-768x432.jpeg 768w, https:\/\/prensa.sma.gob.ar\/wp-content\/uploads\/2026\/01\/WhatsApp-Image-2026-01-30-at-10.42.20-AM-6-747x420.jpeg 747w, https:\/\/prensa.sma.gob.ar\/wp-content\/uploads\/2026\/01\/WhatsApp-Image-2026-01-30-at-10.42.20-AM-6-696x392.jpeg 696w, https:\/\/prensa.sma.gob.ar\/wp-content\/uploads\/2026\/01\/WhatsApp-Image-2026-01-30-at-10.42.20-AM-6-1068x601.jpeg 1068w, https:\/\/prensa.sma.gob.ar\/wp-content\/uploads\/2026\/01\/WhatsApp-Image-2026-01-30-at-10.42.20-AM-6.jpeg 1280w\" sizes=\"auto, (max-width: 1024px) 100vw, 1024px\" \/><\/figure>\n\n\n\n<figure class=\"wp-block-image size-large\"><img loading=\"lazy\" decoding=\"async\" width=\"1024\" height=\"576\" data-id=\"12383\" src=\"https:\/\/prensa.sma.gob.ar\/wp-content\/uploads\/2026\/01\/WhatsApp-Image-2026-01-30-at-10.42.20-AM-7-1024x576.jpeg\" alt=\"\" class=\"wp-image-12383\" srcset=\"https:\/\/prensa.sma.gob.ar\/wp-content\/uploads\/2026\/01\/WhatsApp-Image-2026-01-30-at-10.42.20-AM-7-1024x576.jpeg 1024w, https:\/\/prensa.sma.gob.ar\/wp-content\/uploads\/2026\/01\/WhatsApp-Image-2026-01-30-at-10.42.20-AM-7-300x169.jpeg 300w, https:\/\/prensa.sma.gob.ar\/wp-content\/uploads\/2026\/01\/WhatsApp-Image-2026-01-30-at-10.42.20-AM-7-768x432.jpeg 768w, https:\/\/prensa.sma.gob.ar\/wp-content\/uploads\/2026\/01\/WhatsApp-Image-2026-01-30-at-10.42.20-AM-7-747x420.jpeg 747w, https:\/\/prensa.sma.gob.ar\/wp-content\/uploads\/2026\/01\/WhatsApp-Image-2026-01-30-at-10.42.20-AM-7-696x392.jpeg 696w, https:\/\/prensa.sma.gob.ar\/wp-content\/uploads\/2026\/01\/WhatsApp-Image-2026-01-30-at-10.42.20-AM-7-1068x601.jpeg 1068w, https:\/\/prensa.sma.gob.ar\/wp-content\/uploads\/2026\/01\/WhatsApp-Image-2026-01-30-at-10.42.20-AM-7.jpeg 1280w\" sizes=\"auto, (max-width: 1024px) 100vw, 1024px\" \/><\/figure>\n\n\n\n<figure class=\"wp-block-image size-large\"><img loading=\"lazy\" decoding=\"async\" width=\"1024\" height=\"576\" data-id=\"12382\" src=\"https:\/\/prensa.sma.gob.ar\/wp-content\/uploads\/2026\/01\/WhatsApp-Image-2026-01-30-at-10.42.20-AM-8-1024x576.jpeg\" alt=\"\" class=\"wp-image-12382\" srcset=\"https:\/\/prensa.sma.gob.ar\/wp-content\/uploads\/2026\/01\/WhatsApp-Image-2026-01-30-at-10.42.20-AM-8-1024x576.jpeg 1024w, https:\/\/prensa.sma.gob.ar\/wp-content\/uploads\/2026\/01\/WhatsApp-Image-2026-01-30-at-10.42.20-AM-8-300x169.jpeg 300w, https:\/\/prensa.sma.gob.ar\/wp-content\/uploads\/2026\/01\/WhatsApp-Image-2026-01-30-at-10.42.20-AM-8-768x432.jpeg 768w, https:\/\/prensa.sma.gob.ar\/wp-content\/uploads\/2026\/01\/WhatsApp-Image-2026-01-30-at-10.42.20-AM-8-747x420.jpeg 747w, https:\/\/prensa.sma.gob.ar\/wp-content\/uploads\/2026\/01\/WhatsApp-Image-2026-01-30-at-10.42.20-AM-8-696x392.jpeg 696w, https:\/\/prensa.sma.gob.ar\/wp-content\/uploads\/2026\/01\/WhatsApp-Image-2026-01-30-at-10.42.20-AM-8-1068x601.jpeg 1068w, https:\/\/prensa.sma.gob.ar\/wp-content\/uploads\/2026\/01\/WhatsApp-Image-2026-01-30-at-10.42.20-AM-8.jpeg 1280w\" sizes=\"auto, (max-width: 1024px) 100vw, 1024px\" \/><\/figure>\n\n\n\n<figure class=\"wp-block-image size-large\"><img loading=\"lazy\" decoding=\"async\" width=\"1024\" height=\"576\" data-id=\"12380\" src=\"https:\/\/prensa.sma.gob.ar\/wp-content\/uploads\/2026\/01\/WhatsApp-Image-2026-01-30-at-10.42.20-AM-10-1024x576.jpeg\" alt=\"\" class=\"wp-image-12380\" srcset=\"https:\/\/prensa.sma.gob.ar\/wp-content\/uploads\/2026\/01\/WhatsApp-Image-2026-01-30-at-10.42.20-AM-10-1024x576.jpeg 1024w, https:\/\/prensa.sma.gob.ar\/wp-content\/uploads\/2026\/01\/WhatsApp-Image-2026-01-30-at-10.42.20-AM-10-300x169.jpeg 300w, https:\/\/prensa.sma.gob.ar\/wp-content\/uploads\/2026\/01\/WhatsApp-Image-2026-01-30-at-10.42.20-AM-10-768x432.jpeg 768w, https:\/\/prensa.sma.gob.ar\/wp-content\/uploads\/2026\/01\/WhatsApp-Image-2026-01-30-at-10.42.20-AM-10-747x420.jpeg 747w, https:\/\/prensa.sma.gob.ar\/wp-content\/uploads\/2026\/01\/WhatsApp-Image-2026-01-30-at-10.42.20-AM-10-696x392.jpeg 696w, https:\/\/prensa.sma.gob.ar\/wp-content\/uploads\/2026\/01\/WhatsApp-Image-2026-01-30-at-10.42.20-AM-10-1068x601.jpeg 1068w, https:\/\/prensa.sma.gob.ar\/wp-content\/uploads\/2026\/01\/WhatsApp-Image-2026-01-30-at-10.42.20-AM-10.jpeg 1280w\" sizes=\"auto, (max-width: 1024px) 100vw, 1024px\" \/><\/figure>\n\n\n\n<figure class=\"wp-block-image size-large\"><img loading=\"lazy\" decoding=\"async\" width=\"1024\" height=\"576\" data-id=\"12379\" src=\"https:\/\/prensa.sma.gob.ar\/wp-content\/uploads\/2026\/01\/WhatsApp-Image-2026-01-30-at-10.42.20-AM-11-1024x576.jpeg\" alt=\"\" class=\"wp-image-12379\" srcset=\"https:\/\/prensa.sma.gob.ar\/wp-content\/uploads\/2026\/01\/WhatsApp-Image-2026-01-30-at-10.42.20-AM-11-1024x576.jpeg 1024w, https:\/\/prensa.sma.gob.ar\/wp-content\/uploads\/2026\/01\/WhatsApp-Image-2026-01-30-at-10.42.20-AM-11-300x169.jpeg 300w, https:\/\/prensa.sma.gob.ar\/wp-content\/uploads\/2026\/01\/WhatsApp-Image-2026-01-30-at-10.42.20-AM-11-768x432.jpeg 768w, https:\/\/prensa.sma.gob.ar\/wp-content\/uploads\/2026\/01\/WhatsApp-Image-2026-01-30-at-10.42.20-AM-11-747x420.jpeg 747w, https:\/\/prensa.sma.gob.ar\/wp-content\/uploads\/2026\/01\/WhatsApp-Image-2026-01-30-at-10.42.20-AM-11-696x392.jpeg 696w, https:\/\/prensa.sma.gob.ar\/wp-content\/uploads\/2026\/01\/WhatsApp-Image-2026-01-30-at-10.42.20-AM-11-1068x601.jpeg 1068w, https:\/\/prensa.sma.gob.ar\/wp-content\/uploads\/2026\/01\/WhatsApp-Image-2026-01-30-at-10.42.20-AM-11.jpeg 1280w\" sizes=\"auto, (max-width: 1024px) 100vw, 1024px\" \/><\/figure>\n<\/figure>\n","protected":false},"excerpt":{"rendered":"<p>El embajador de Alemania en Argentina, Dieter Laml\u00e9, y el intendente municipal, Carlos Saloniti, reafirmaron el v\u00ednculo hist\u00f3rico con la comunidad alemana en nuestra ciudad y en nuestro pa\u00eds, durante un acto que incluy\u00f3 una reuni\u00f3n bilateral y la plantaci\u00f3n de un \u00f1ire, junto a representantes de alemanes en San Mart\u00edn de los Andes. La [&hellip;]<\/p>\n","protected":false},"author":2,"featured_media":12381,"comment_status":"closed","ping_status":"open","sticky":false,"template":"","format":"standard","meta":{"footnotes":""},"categories":[16,14],"tags":[],"class_list":{"0":"post-12378","1":"post","2":"type-post","3":"status-publish","4":"format-standard","5":"has-post-thumbnail","7":"category-destacadas","8":"category-noticias"},"_links":{"self":[{"href":"https:\/\/prensa.sma.gob.ar\/index.php?rest_route=\/wp\/v2\/posts\/12378","targetHints":{"allow":["GET"]}}],"collection":[{"href":"https:\/\/prensa.sma.gob.ar\/index.php?rest_route=\/wp\/v2\/posts"}],"about":[{"href":"https:\/\/prensa.sma.gob.ar\/index.php?rest_route=\/wp\/v2\/types\/post"}],"author":[{"embeddable":true,"href":"https:\/\/prensa.sma.gob.ar\/index.php?rest_route=\/wp\/v2\/users\/2"}],"replies":[{"embeddable":true,"href":"https:\/\/prensa.sma.gob.ar\/index.php?rest_route=%2Fwp%2Fv2%2Fcomments&post=12378"}],"version-history":[{"count":1,"href":"https:\/\/prensa.sma.gob.ar\/index.php?rest_route=\/wp\/v2\/posts\/12378\/revisions"}],"predecessor-version":[{"id":12399,"href":"https:\/\/prensa.sma.gob.ar\/index.php?rest_route=\/wp\/v2\/posts\/12378\/revisions\/12399"}],"wp:featuredmedia":[{"embeddable":true,"href":"https:\/\/prensa.sma.gob.ar\/index.php?rest_route=\/wp\/v2\/media\/12381"}],"wp:attachment":[{"href":"https:\/\/prensa.sma.gob.ar\/index.php?rest_route=%2Fwp%2Fv2%2Fmedia&parent=12378"}],"wp:term":[{"taxonomy":"category","embeddable":true,"href":"https:\/\/prensa.sma.gob.ar\/index.php?rest_route=%2Fwp%2Fv2%2Fcategories&post=12378"},{"taxonomy":"post_tag","embeddable":true,"href":"https:\/\/prensa.sma.gob.ar\/index.php?rest_route=%2Fwp%2Fv2%2Ftags&post=12378"}],"curies":[{"name":"wp","href":"https:\/\/api.w.org\/{rel}","templated":true}]}}