{"id":12813,"date":"2026-03-07T12:15:20","date_gmt":"2026-03-07T12:15:20","guid":{"rendered":"https:\/\/prensa.sma.gob.ar\/?p=12813"},"modified":"2026-03-07T12:15:22","modified_gmt":"2026-03-07T12:15:22","slug":"el-municipio-a-traves-de-espacios-verdes-regalo-plantines-por-el-dia-internacional-de-la-mujer","status":"publish","type":"post","link":"https:\/\/prensa.sma.gob.ar\/?p=12813","title":{"rendered":"El Municipio, a trav\u00e9s de Espacios Verdes, regal\u00f3 plantines por el D\u00eda Internacional de la Mujer"},"content":{"rendered":"\n<p>Con motivo de conmemorarse este domingo 8 de marzo el D\u00eda Internacional de la Mujer, el Vivero Municipal, dependiente de la Direcci\u00f3n de Espacios Verdes, regal\u00f3 un centenar de plantines de suculentas y clavelinas.<\/p>\n\n\n\n<p>Esta iniciativa se concret\u00f3 este viernes, en la plaza San Mart\u00edn.<\/p>\n","protected":false},"excerpt":{"rendered":"<p>Con motivo de conmemorarse este domingo 8 de marzo el D\u00eda Internacional de la Mujer, el Vivero Municipal, dependiente de la Direcci\u00f3n de Espacios Verdes, regal\u00f3 un centenar de plantines de suculentas y clavelinas. Esta iniciativa se concret\u00f3 este viernes, en la plaza San Mart\u00edn.<\/p>\n","protected":false},"author":2,"featured_media":12816,"comment_status":"closed","ping_status":"open","sticky":false,"template":"","format":"standard","meta":{"footnotes":""},"categories":[16,14],"tags":[],"class_list":{"0":"post-12813","1":"post","2":"type-post","3":"status-publish","4":"format-standard","5":"has-post-thumbnail","7":"category-destacadas","8":"category-noticias"},"_links":{"self":[{"href":"https:\/\/prensa.sma.gob.ar\/index.php?rest_route=\/wp\/v2\/posts\/12813","targetHints":{"allow":["GET"]}}],"collection":[{"href":"https:\/\/prensa.sma.gob.ar\/index.php?rest_route=\/wp\/v2\/posts"}],"about":[{"href":"https:\/\/prensa.sma.gob.ar\/index.php?rest_route=\/wp\/v2\/types\/post"}],"author":[{"embeddable":true,"href":"https:\/\/prensa.sma.gob.ar\/index.php?rest_route=\/wp\/v2\/users\/2"}],"replies":[{"embeddable":true,"href":"https:\/\/prensa.sma.gob.ar\/index.php?rest_route=%2Fwp%2Fv2%2Fcomments&post=12813"}],"version-history":[{"count":1,"href":"https:\/\/prensa.sma.gob.ar\/index.php?rest_route=\/wp\/v2\/posts\/12813\/revisions"}],"predecessor-version":[{"id":12817,"href":"https:\/\/prensa.sma.gob.ar\/index.php?rest_route=\/wp\/v2\/posts\/12813\/revisions\/12817"}],"wp:featuredmedia":[{"embeddable":true,"href":"https:\/\/prensa.sma.gob.ar\/index.php?rest_route=\/wp\/v2\/media\/12816"}],"wp:attachment":[{"href":"https:\/\/prensa.sma.gob.ar\/index.php?rest_route=%2Fwp%2Fv2%2Fmedia&parent=12813"}],"wp:term":[{"taxonomy":"category","embeddable":true,"href":"https:\/\/prensa.sma.gob.ar\/index.php?rest_route=%2Fwp%2Fv2%2Fcategories&post=12813"},{"taxonomy":"post_tag","embeddable":true,"href":"https:\/\/prensa.sma.gob.ar\/index.php?rest_route=%2Fwp%2Fv2%2Ftags&post=12813"}],"curies":[{"name":"wp","href":"https:\/\/api.w.org\/{rel}","templated":true}]}}