{"id":12818,"date":"2026-03-07T12:18:00","date_gmt":"2026-03-07T12:18:00","guid":{"rendered":"https:\/\/prensa.sma.gob.ar\/?p=12818"},"modified":"2026-03-07T12:18:01","modified_gmt":"2026-03-07T12:18:01","slug":"se-realizo-la-jornada-de-vacunacion-de-perros-y-gatos-en-las-rosas","status":"publish","type":"post","link":"https:\/\/prensa.sma.gob.ar\/?p=12818","title":{"rendered":"Se realiz\u00f3 la jornada de vacunaci\u00f3n de perros y gatos en Las Rosas"},"content":{"rendered":"\n<p>Se realiz\u00f3 este viernes una jornada de vacunaci\u00f3n en el barrio Las Rosas, que incluy\u00f3 a perros y gatos dem\u00e1s de tres meses de edad. De la convocatoria participaron las \u00e1reas de Zoonosis y Guardas Ambientales y del Centro de Salud del barrio.<\/p>\n","protected":false},"excerpt":{"rendered":"<p>Se realiz\u00f3 este viernes una jornada de vacunaci\u00f3n en el barrio Las Rosas, que incluy\u00f3 a perros y gatos dem\u00e1s de tres meses de edad. De la convocatoria participaron las \u00e1reas de Zoonosis y Guardas Ambientales y del Centro de Salud del barrio.<\/p>\n","protected":false},"author":2,"featured_media":12819,"comment_status":"closed","ping_status":"open","sticky":false,"template":"","format":"standard","meta":{"footnotes":""},"categories":[16,14],"tags":[],"class_list":{"0":"post-12818","1":"post","2":"type-post","3":"status-publish","4":"format-standard","5":"has-post-thumbnail","7":"category-destacadas","8":"category-noticias"},"_links":{"self":[{"href":"https:\/\/prensa.sma.gob.ar\/index.php?rest_route=\/wp\/v2\/posts\/12818","targetHints":{"allow":["GET"]}}],"collection":[{"href":"https:\/\/prensa.sma.gob.ar\/index.php?rest_route=\/wp\/v2\/posts"}],"about":[{"href":"https:\/\/prensa.sma.gob.ar\/index.php?rest_route=\/wp\/v2\/types\/post"}],"author":[{"embeddable":true,"href":"https:\/\/prensa.sma.gob.ar\/index.php?rest_route=\/wp\/v2\/users\/2"}],"replies":[{"embeddable":true,"href":"https:\/\/prensa.sma.gob.ar\/index.php?rest_route=%2Fwp%2Fv2%2Fcomments&post=12818"}],"version-history":[{"count":1,"href":"https:\/\/prensa.sma.gob.ar\/index.php?rest_route=\/wp\/v2\/posts\/12818\/revisions"}],"predecessor-version":[{"id":12820,"href":"https:\/\/prensa.sma.gob.ar\/index.php?rest_route=\/wp\/v2\/posts\/12818\/revisions\/12820"}],"wp:featuredmedia":[{"embeddable":true,"href":"https:\/\/prensa.sma.gob.ar\/index.php?rest_route=\/wp\/v2\/media\/12819"}],"wp:attachment":[{"href":"https:\/\/prensa.sma.gob.ar\/index.php?rest_route=%2Fwp%2Fv2%2Fmedia&parent=12818"}],"wp:term":[{"taxonomy":"category","embeddable":true,"href":"https:\/\/prensa.sma.gob.ar\/index.php?rest_route=%2Fwp%2Fv2%2Fcategories&post=12818"},{"taxonomy":"post_tag","embeddable":true,"href":"https:\/\/prensa.sma.gob.ar\/index.php?rest_route=%2Fwp%2Fv2%2Ftags&post=12818"}],"curies":[{"name":"wp","href":"https:\/\/api.w.org\/{rel}","templated":true}]}}