{"id":12847,"date":"2026-03-11T17:06:40","date_gmt":"2026-03-11T17:06:40","guid":{"rendered":"https:\/\/prensa.sma.gob.ar\/?p=12847"},"modified":"2026-03-11T17:06:41","modified_gmt":"2026-03-11T17:06:41","slug":"la-utn-abre-la-carrera-de-tecnico-universitario-en-acompanante-terapeutico","status":"publish","type":"post","link":"https:\/\/prensa.sma.gob.ar\/?p=12847","title":{"rendered":"La UTN abre la carrera de T\u00e9cnico Universitario en Acompa\u00f1ante Terap\u00e9utico"},"content":{"rendered":"\n<p>La Universidad Tecnol\u00f3gica Nacional (UTN) dictar\u00e1 en San Mart\u00edn de los Andes la Tecnicatura Universitaria en Acompa\u00f1ante Terap\u00e9utico, una carrera que se ofrecer\u00e1 por primera vez en la regi\u00f3n.<\/p>\n\n\n\n<p>La nueva propuesta acad\u00e9mica representa un avance significativo en la formaci\u00f3n universitaria en el campo de la salud mental en el sur de la provincia, ampliando las oportunidades de profesionalizaci\u00f3n sin necesidad de trasladarse a otras ciudades.<\/p>\n\n\n\n<p>La carrera tendr\u00e1 una duraci\u00f3n de dos a\u00f1os y comenzar\u00e1 en agosto pr\u00f3ximo. Se dictar\u00e1 en la Extensi\u00f3n \u00c1ulica San Mart\u00edn de los Andes, bajo modalidad presencial y virtual sincr\u00f3nica (clases en vivo), con cursado de lunes a viernes en horario vespertino<\/p>\n\n\n\n<p>La formaci\u00f3n capacita para intervenir en el \u00e1mbito p\u00fablico y privado en el abordaje de personas con padecimientos mentales, desarrollando acciones de atenci\u00f3n, asistencia, rehabilitaci\u00f3n y prevenci\u00f3n, e integrando equipos interdisciplinarios de salud. El plan de estudios contempla 20 asignaturas de formaci\u00f3n general y espec\u00edfica, adem\u00e1s de pr\u00e1cticas profesionales.<\/p>\n\n\n\n<p>El t\u00edtulo cuenta con validez nacional y habilita para el ejercicio profesional de acuerdo con la Ley Provincial N\u00b0 3147 y su decreto reglamentario.<\/p>\n\n\n\n<p>Con esta incorporaci\u00f3n, la UTN fortalece su compromiso con el desarrollo regional, ampliando el acceso a la educaci\u00f3n superior en \u00e1reas estrat\u00e9gicas para el sistema sanitario y social.<\/p>\n\n\n\n<p>La preinscripci\u00f3n finaliza el 15 de junio pr\u00f3ximo. Para m\u00e1s informaci\u00f3n, enviar una consulta por correo a sma@frn.utn.edu.ar.<\/p>\n\n\n\n<figure class=\"wp-block-gallery has-nested-images columns-default is-cropped wp-block-gallery-1 is-layout-flex wp-block-gallery-is-layout-flex\">\n<figure class=\"wp-block-image size-large\"><img loading=\"lazy\" decoding=\"async\" width=\"819\" height=\"1024\" data-id=\"12850\" src=\"https:\/\/prensa.sma.gob.ar\/wp-content\/uploads\/2026\/03\/AT-UTN-819x1024.jpeg\" alt=\"\" class=\"wp-image-12850\" srcset=\"https:\/\/prensa.sma.gob.ar\/wp-content\/uploads\/2026\/03\/AT-UTN-819x1024.jpeg 819w, https:\/\/prensa.sma.gob.ar\/wp-content\/uploads\/2026\/03\/AT-UTN-240x300.jpeg 240w, https:\/\/prensa.sma.gob.ar\/wp-content\/uploads\/2026\/03\/AT-UTN-768x960.jpeg 768w, https:\/\/prensa.sma.gob.ar\/wp-content\/uploads\/2026\/03\/AT-UTN-336x420.jpeg 336w, https:\/\/prensa.sma.gob.ar\/wp-content\/uploads\/2026\/03\/AT-UTN-696x870.jpeg 696w, https:\/\/prensa.sma.gob.ar\/wp-content\/uploads\/2026\/03\/AT-UTN.jpeg 839w\" sizes=\"auto, (max-width: 819px) 100vw, 819px\" \/><\/figure>\n\n\n\n<figure class=\"wp-block-image size-large\"><img loading=\"lazy\" decoding=\"async\" width=\"819\" height=\"1024\" data-id=\"12849\" src=\"https:\/\/prensa.sma.gob.ar\/wp-content\/uploads\/2026\/03\/AT-UTN-2-819x1024.jpeg\" alt=\"\" class=\"wp-image-12849\" srcset=\"https:\/\/prensa.sma.gob.ar\/wp-content\/uploads\/2026\/03\/AT-UTN-2-819x1024.jpeg 819w, https:\/\/prensa.sma.gob.ar\/wp-content\/uploads\/2026\/03\/AT-UTN-2-240x300.jpeg 240w, https:\/\/prensa.sma.gob.ar\/wp-content\/uploads\/2026\/03\/AT-UTN-2-768x960.jpeg 768w, https:\/\/prensa.sma.gob.ar\/wp-content\/uploads\/2026\/03\/AT-UTN-2-336x420.jpeg 336w, https:\/\/prensa.sma.gob.ar\/wp-content\/uploads\/2026\/03\/AT-UTN-2-696x870.jpeg 696w, https:\/\/prensa.sma.gob.ar\/wp-content\/uploads\/2026\/03\/AT-UTN-2.jpeg 839w\" sizes=\"auto, (max-width: 819px) 100vw, 819px\" \/><\/figure>\n\n\n\n<figure class=\"wp-block-image size-large\"><img loading=\"lazy\" decoding=\"async\" width=\"819\" height=\"1024\" data-id=\"12848\" src=\"https:\/\/prensa.sma.gob.ar\/wp-content\/uploads\/2026\/03\/AT-UTN-1-819x1024.jpeg\" alt=\"\" class=\"wp-image-12848\" srcset=\"https:\/\/prensa.sma.gob.ar\/wp-content\/uploads\/2026\/03\/AT-UTN-1-819x1024.jpeg 819w, https:\/\/prensa.sma.gob.ar\/wp-content\/uploads\/2026\/03\/AT-UTN-1-240x300.jpeg 240w, https:\/\/prensa.sma.gob.ar\/wp-content\/uploads\/2026\/03\/AT-UTN-1-768x960.jpeg 768w, https:\/\/prensa.sma.gob.ar\/wp-content\/uploads\/2026\/03\/AT-UTN-1-336x420.jpeg 336w, https:\/\/prensa.sma.gob.ar\/wp-content\/uploads\/2026\/03\/AT-UTN-1-696x870.jpeg 696w, https:\/\/prensa.sma.gob.ar\/wp-content\/uploads\/2026\/03\/AT-UTN-1.jpeg 839w\" sizes=\"auto, (max-width: 819px) 100vw, 819px\" \/><\/figure>\n<\/figure>\n","protected":false},"excerpt":{"rendered":"<p>La Universidad Tecnol\u00f3gica Nacional (UTN) dictar\u00e1 en San Mart\u00edn de los Andes la Tecnicatura Universitaria en Acompa\u00f1ante Terap\u00e9utico, una carrera que se ofrecer\u00e1 por primera vez en la regi\u00f3n. La nueva propuesta acad\u00e9mica representa un avance significativo en la formaci\u00f3n universitaria en el campo de la salud mental en el sur de la provincia, ampliando [&hellip;]<\/p>\n","protected":false},"author":2,"featured_media":12850,"comment_status":"closed","ping_status":"open","sticky":false,"template":"","format":"standard","meta":{"footnotes":""},"categories":[16,9,14],"tags":[],"class_list":{"0":"post-12847","1":"post","2":"type-post","3":"status-publish","4":"format-standard","5":"has-post-thumbnail","7":"category-destacadas","8":"category-educacion","9":"category-noticias"},"_links":{"self":[{"href":"https:\/\/prensa.sma.gob.ar\/index.php?rest_route=\/wp\/v2\/posts\/12847","targetHints":{"allow":["GET"]}}],"collection":[{"href":"https:\/\/prensa.sma.gob.ar\/index.php?rest_route=\/wp\/v2\/posts"}],"about":[{"href":"https:\/\/prensa.sma.gob.ar\/index.php?rest_route=\/wp\/v2\/types\/post"}],"author":[{"embeddable":true,"href":"https:\/\/prensa.sma.gob.ar\/index.php?rest_route=\/wp\/v2\/users\/2"}],"replies":[{"embeddable":true,"href":"https:\/\/prensa.sma.gob.ar\/index.php?rest_route=%2Fwp%2Fv2%2Fcomments&post=12847"}],"version-history":[{"count":1,"href":"https:\/\/prensa.sma.gob.ar\/index.php?rest_route=\/wp\/v2\/posts\/12847\/revisions"}],"predecessor-version":[{"id":12851,"href":"https:\/\/prensa.sma.gob.ar\/index.php?rest_route=\/wp\/v2\/posts\/12847\/revisions\/12851"}],"wp:featuredmedia":[{"embeddable":true,"href":"https:\/\/prensa.sma.gob.ar\/index.php?rest_route=\/wp\/v2\/media\/12850"}],"wp:attachment":[{"href":"https:\/\/prensa.sma.gob.ar\/index.php?rest_route=%2Fwp%2Fv2%2Fmedia&parent=12847"}],"wp:term":[{"taxonomy":"category","embeddable":true,"href":"https:\/\/prensa.sma.gob.ar\/index.php?rest_route=%2Fwp%2Fv2%2Fcategories&post=12847"},{"taxonomy":"post_tag","embeddable":true,"href":"https:\/\/prensa.sma.gob.ar\/index.php?rest_route=%2Fwp%2Fv2%2Ftags&post=12847"}],"curies":[{"name":"wp","href":"https:\/\/api.w.org\/{rel}","templated":true}]}}